{"id":14499,"date":"2025-02-13T10:15:01","date_gmt":"2025-02-13T14:15:01","guid":{"rendered":"https:\/\/noticiasveraces.com\/?p=14499"},"modified":"2025-02-13T10:15:01","modified_gmt":"2025-02-13T14:15:01","slug":"debe-dejar-el-pais-dw-13-02-2025","status":"publish","type":"post","link":"https:\/\/noticiasveraces.com\/?p=14499","title":{"rendered":"\u00abDebe Dejar El Pa\u00eds\u00bb &#8211; DW &#8211; 13\/02\/2025"},"content":{"rendered":"<p> \n<\/p>\n<div>\n<p>El Momento del Atropello en M\u00fanich El Jueves (13.2.2025) Contra una Manifestaci\u00f3n Sindical Ha Sido cr\u00e9xico: El Viernes Comienza la Conferencia de Segurid de M\u00fanich, Donde se Dar\u00e1n Cita Jefes de Estado y de Gobierno de adodo. Y, en Diez D\u00edas, SE Celeban en Alemania Elecciones al Bundestag.<\/p>\n<p>El Canciller Alem\u00e1n, Olaf Scholz, Reaccion\u00f3 con dureza a Las informaciones de que el Autor del Atropello M\u00faltiple, Que Ha DeJado al Menos 28 Heridos, Fue Identificado Por la Polic\u00eda Como un Afgano Solicitante de ASILO de 24 Aros.<\/p>\n<h2>\u00abDebe Ser Castigado y Debe Dejar El Pa\u00eds\u00bb<\/h2>\n<p>\u00abLa Justicia Debe Actuar con Todos los Medios que Tiene Contra El Autor de Los Hechos\u00bb, Dijo Scholz en una Breve Declaraci\u00f3n A Los Medios Realizada en Los M\u00e1renes de Un Acto Electoral en f\u00fcrth.<\/p>\n<p>El Canciller expres\u00f3 adem\u00e1s su solidaridad con las v\u00edctimas. \u00abQuien Comete Cr\u00e9menes en Alemania, no S\u00f3lo Ser\u00e1 Duramme Castigado, Debe ir a la C\u00e1rcel y Tambi\u00e9n Debe Contar Con Que no Pueda Permanecer en Alemania\u00bb, afirm\u00f3 el Canciller. \u00abDebe Ser Castigado y Debe Dejar El Pa\u00eds\u00bb, insisti\u00f3. <\/p>\n<h2>Sin orden de expulsiones y con antecedentes<\/h2>\n<p>Seg\u00fan ha Trascendido, el director del veh\u00edculo, un autom\u00f3vil modelo mini cooper, es un solicitante de asilo que lleg\u00f3 a alemania en 2016 al que las autorr\u00eddadas germeras rechazaron dar protecci\u00f3n, aunque no se habh\u00eda emitido contrama una \u00eds una orden de expulsi\u00f3n del expulsi\u00f3n de los expulsiones del expulsi\u00f3n de los tpulsi -del degl.<\/p>\n<p>Contaba Con Antecedentes Policiales Relaciones Con estupefacientes Y Hurtos y, Seg\u00fan El Medio <em>Spiegel<\/em>Hab\u00eda Realizado Publicaciones de \u00edndole islamista en sus redes sociales, aunque las autoridadas no se ha han pronunciado todav\u00eda SOBRE Un posible motivo. Seg\u00fan explic\u00f3 un Portavoz Policial, El Veh\u00edculo se acerc\u00f3 a la manifestaci\u00f3n por la cola, adelant\u00f3 a los coches de la polic\u00eda que la escoltaban y embisti\u00f3 contra el final de la marcha.<\/p>\n<p>MS (AFP\/EFE)<\/p>\n<\/p>\n<\/div>\n\n","protected":false},"excerpt":{"rendered":"<p>El Momento del Atropello en M\u00fanich El Jueves (13.2.2025) Contra una Manifestaci\u00f3n Sindical Ha Sido cr\u00e9xico: El Viernes Comienza la Conferencia de Segurid de M\u00fanich, Donde se Dar\u00e1n Cita Jefes de Estado y de Gobierno de adodo. Y, en Diez D\u00edas, SE Celeban en Alemania Elecciones al Bundestag. El Canciller Alem\u00e1n, Olaf Scholz, Reaccion\u00f3 con &hellip;<\/p>\n","protected":false},"author":1,"featured_media":14500,"comment_status":"open","ping_status":"open","sticky":false,"template":"","format":"standard","meta":{"fifu_image_url":"https:\/\/static.dw.com\/image\/71570299_6.jpg","fifu_image_alt":"","footnotes":""},"categories":[13],"tags":[],"class_list":["post-14499","post","type-post","status-publish","format-standard","has-post-thumbnail","","category-mundo"],"_links":{"self":[{"href":"https:\/\/noticiasveraces.com\/index.php?rest_route=\/wp\/v2\/posts\/14499","targetHints":{"allow":["GET"]}}],"collection":[{"href":"https:\/\/noticiasveraces.com\/index.php?rest_route=\/wp\/v2\/posts"}],"about":[{"href":"https:\/\/noticiasveraces.com\/index.php?rest_route=\/wp\/v2\/types\/post"}],"author":[{"embeddable":true,"href":"https:\/\/noticiasveraces.com\/index.php?rest_route=\/wp\/v2\/users\/1"}],"replies":[{"embeddable":true,"href":"https:\/\/noticiasveraces.com\/index.php?rest_route=%2Fwp%2Fv2%2Fcomments&post=14499"}],"version-history":[{"count":0,"href":"https:\/\/noticiasveraces.com\/index.php?rest_route=\/wp\/v2\/posts\/14499\/revisions"}],"wp:featuredmedia":[{"embeddable":true,"href":"https:\/\/noticiasveraces.com\/index.php?rest_route=\/wp\/v2\/media\/14500"}],"wp:attachment":[{"href":"https:\/\/noticiasveraces.com\/index.php?rest_route=%2Fwp%2Fv2%2Fmedia&parent=14499"}],"wp:term":[{"taxonomy":"category","embeddable":true,"href":"https:\/\/noticiasveraces.com\/index.php?rest_route=%2Fwp%2Fv2%2Fcategories&post=14499"},{"taxonomy":"post_tag","embeddable":true,"href":"https:\/\/noticiasveraces.com\/index.php?rest_route=%2Fwp%2Fv2%2Ftags&post=14499"}],"curies":[{"name":"wp","href":"https:\/\/api.w.org\/{rel}","templated":true}]}}