{"id":14490,"date":"2025-02-13T09:45:13","date_gmt":"2025-02-13T13:45:13","guid":{"rendered":"https:\/\/noticiasveraces.com\/?p=14490"},"modified":"2025-02-13T09:45:13","modified_gmt":"2025-02-13T13:45:13","slug":"por-que-sean-los-relajeros-suizos-no-le-temen-al-iwatch","status":"publish","type":"post","link":"https:\/\/noticiasveraces.com\/?p=14490","title":{"rendered":"Por que sean los relajeros suizos no le temen al iwatch"},"content":{"rendered":"<p> \n<\/p>\n<div id=\"\">\n<figure class=\"bbc-1qn0xuy\">\n<div class=\"bbc-j1srjl\" style=\"padding-bottom:56.25%\"><img loading=\"lazy\" decoding=\"async\" srcset=\"https:\/\/ichef.bbci.co.uk\/ace\/ws\/240\/amz\/worldservice\/live\/assets\/images\/2014\/09\/08\/140908151159_jonathan_ive_624x351_bbc.jpg.webp 240w, https:\/\/ichef.bbci.co.uk\/ace\/ws\/320\/amz\/worldservice\/live\/assets\/images\/2014\/09\/08\/140908151159_jonathan_ive_624x351_bbc.jpg.webp 320w, https:\/\/ichef.bbci.co.uk\/ace\/ws\/480\/amz\/worldservice\/live\/assets\/images\/2014\/09\/08\/140908151159_jonathan_ive_624x351_bbc.jpg.webp 480w, https:\/\/ichef.bbci.co.uk\/ace\/ws\/624\/amz\/worldservice\/live\/assets\/images\/2014\/09\/08\/140908151159_jonathan_ive_624x351_bbc.jpg.webp 624w\" sizes=\"auto, (min-width: 1008px) 760px, 100vw\" alt=\"Jonathan Ive, Jefe de Dise\u00f1o de Apple. \" width=\"624\" height=\"351\" src=\"aspect-ratio:624 \/ 351\" class=\"bbc-139onq\"\/><\/div><figcaption class=\"bbc-15f1ujd\" dir=\"ltr\"><span role=\"text\"><span class=\"bbc-m04vo2\">Pie de Foto, <\/span><span data-testid=\"caption-paragraph\">Las Nueva Tecnolog\u00edas Tienen Dif\u00edcil Eso de Competir Con la tradicional Relojer\u00eda suiza. <\/span><\/span><\/figcaption><\/figure>\n<section role=\"region\" aria-labelledby=\"article-byline\" class=\"bbc-1vjaf6b\"><strong id=\"article-byline\" aria-hidden=\"true\" class=\"bbc-m04vo2\">Informaci\u00f3n del Art\u00edculo<\/strong><\/p>\n<ul role=\"list\" class=\"bbc-1rvtlej\">\n<li><span role=\"text\"><span class=\"bbc-m04vo2\">Autor, <\/span><span class=\"bbc-1ypcc2\">BBC Mundo <\/span><\/span><\/li>\n<li><span role=\"text\"><span class=\"bbc-m04vo2\">T\u00edtulo del Autor, <!-- --> <\/span><span class=\"bbc-1y5sx98\">Tecnolog\u00eda<\/span><\/span><\/li>\n<li class=\"bbc-v8pmqw\">\n<p><time datetime=\"2014-09-08\" class=\"bbc-1dafq0j e1mklfmt0\">8 de septiembre 2014<\/time><\/p>\n<\/li>\n<\/ul>\n<\/section>\n<div dir=\"ltr\" class=\"bbc-19j92fr ebmt73l0\">\n<p dir=\"ltr\" class=\"bbc-hhl7in e17g058b0\"><b>\u00abSuiza Est\u00e1 en Problemas\u00bb, Dicen Que alarde\u00f3 Jonathan ive, Jefe de Dise\u00f1o de Apple, anticipando el \u00e9xito que tenderr\u00e1 El EspERADO RELOJ INTELIGENTE CONOCIDO YA Popularmental Como Iwatch, Aunque Nieie Sabe a Ciencia Cierta cuierndo sal\u00e1 a lente ni vent.<\/b><\/p>\n<\/div>\n<div dir=\"ltr\" class=\"bbc-19j92fr ebmt73l0\">\n<p dir=\"ltr\" class=\"bbc-hhl7in e17g058b0\">Aunque muy cuestionable, la idea de que los relajeros suizos, que gozan de una reputaci\u00f3n Mundial sin paralelo, Puedan Estar Temblando Ante la Llegada de Un Novato es Tan Seductora que Capt\u00f3 la Imaginaci\u00f3n de la Industria Tecnol\u00f3gica.<\/p>\n<\/div>\n<div dir=\"ltr\" class=\"bbc-19j92fr ebmt73l0\">\n<p dir=\"ltr\" class=\"bbc-hhl7in e17g058b0\">Tanto, que a POCOS IMPORTA SIVE HIZO REALMENTE ESE COMENTARIO, O SI SE TRATA DE OTRO GOLPE M\u00c1GICO DE PUBLICIDAD DE Apple.<\/p>\n<\/div>\n<div dir=\"ltr\" class=\"bbc-19j92fr ebmt73l0\">\n<p dir=\"ltr\" class=\"bbc-hhl7in e17g058b0\">En v\u00edspera del 9\/9, la fecha que la industria espera ansiosam\u00e9 para conocer los novios modelos del gigante tecnol\u00f3gico, Muchos se preguntan si es cierto que a los relojeros suizos no les tiembla la mano.<\/p>\n<\/div>\n<section aria-label=\"Publicidad 2\" aria-hidden=\"true\" role=\"region\" data-e2e=\"advertisement\" class=\"bbc-geybui\"\/>\n<p><h2 id=\"P\u00fablicos-diferentes\" tabindex=\"-1\" class=\"bbc-1lgzob2 eglt09e0\">P\u00fablicos Diferentes<\/h2>\n<\/p>\n<div dir=\"ltr\" class=\"bbc-19j92fr ebmt73l0\">\n<p dir=\"ltr\" class=\"bbc-hhl7in e17g058b0\">Suiza Exporta El 95% de los Relojes Que Produce Y, Seg\u00fan Datos de la Federaci\u00f3n de la Industria Relojera Suiza, La Salud del Negocio Sigue en Buena Forma, Creciendo Modesta Pero establecimiento.<\/p>\n<\/div>\n<div dir=\"ltr\" class=\"bbc-19j92fr ebmt73l0\">\n<p dir=\"ltr\" class=\"bbc-hhl7in e17g058b0\">El Volumen de Exportaciones de Enero A Julio de Este A\u00f1o Fue un 3% Superior Al Mismo Periodo de 2013.<\/p>\n<\/div>\n<div dir=\"ltr\" class=\"bbc-19j92fr ebmt73l0\">\n<p dir=\"ltr\" class=\"bbc-hhl7in e17g058b0\">Y Las Exportaciones de los Relojes de Lujo que cuestan M\u00e1s de US $ 3.200 Tambi\u00e9n Siguen Creciendo.<\/p>\n<\/div>\n<div dir=\"ltr\" class=\"bbc-19j92fr ebmt73l0\">\n<p dir=\"ltr\" class=\"bbc-hhl7in e17g058b0\">Seg\u00fan las Valoraciones de Varios Analistas, Las Marcas de Lujo como Rolex, Cartier y Patek Philippe, No Enfurtar\u00e1n Grandes Desaf\u00edos Desde la Industria Tecnol\u00f3gica.<\/p>\n<\/div>\n<div dir=\"ltr\" class=\"bbc-19j92fr ebmt73l0\">\n<p dir=\"ltr\" class=\"bbc-hhl7in e17g058b0\">Los relocejes Inteligentes ya en el Mercado Tienden a Costar Menos que los tradicionales Suizos, as\u00ed que no compiten directamento entre s\u00ed.<\/p>\n<\/div>\n<div dir=\"ltr\" class=\"bbc-19j92fr ebmt73l0\">\n<p dir=\"ltr\" class=\"bbc-hhl7in e17g058b0\">\u00abQuienes compran tecnolog\u00edas que se pueden vestir buscan en los relojes inteligentes servicios digitales y de informaci\u00f3n espec\u00edficos, mientras que los clientes de los relojes cl\u00e1sicos de lujo buscan rendimiento t\u00e9cnico, dise\u00f1o y artesan\u00eda\u00bb, valor\u00f3 recientemente Aldo Magada, director ejecutivo de la marca Zenith , Que Pertenece Al Grupo de Productos de Lujo Lvmh.<\/p>\n<\/div>\n<div dir=\"ltr\" class=\"bbc-19j92fr ebmt73l0\">\n<p dir=\"ltr\" class=\"bbc-hhl7in e17g058b0\">Por ootro -lado, El Hecho de Que las Nueva Tecnolog\u00edas se Quedan Obsoletas en Relativamete Poco Tiempo Hace Que los Precios de los relojes Inteligentes Tengan Que Mantenerse a la Baja.<\/p>\n<\/div>\n<p><h2 id=\"Qui\u00e9n-tiembla\" tabindex=\"-1\" class=\"bbc-1lgzob2 eglt09e0\">\u00bfQui\u00e9n Tiembla?<\/h2>\n<\/p>\n<div dir=\"ltr\" class=\"bbc-19j92fr ebmt73l0\">\n<p dir=\"ltr\" class=\"bbc-hhl7in e17g058b0\">Pero no Todos los relajes Suizos Son de Lujo.<\/p>\n<\/div>\n<div dir=\"ltr\" class=\"bbc-19j92fr ebmt73l0\">\n<p dir=\"ltr\" class=\"bbc-hhl7in e17g058b0\">Algunos Analistas Apuntan A Que Compon\u00edas Como Swatch, El Grupo Suizo Fabricante de RelOJes para un sector del Mercado de menor Poder Adquisitivo, S\u00ed Podrena Notar El Efecto de la Llegada Potencial de Un Tel\u00e9fono Inteligente de Apple.<\/p>\n<\/div>\n<figure class=\"bbc-1qn0xuy\">\n<div class=\"bbc-j1srjl\" style=\"padding-bottom:56.25%\"><img decoding=\"async\" srcset=\"https:\/\/ichef.bbci.co.uk\/ace\/ws\/240\/amz\/worldservice\/live\/assets\/images\/2014\/09\/08\/140908150942_lg_smart_watch_304x171_reuters.jpg.webp 240w, https:\/\/ichef.bbci.co.uk\/ace\/ws\/304\/amz\/worldservice\/live\/assets\/images\/2014\/09\/08\/140908150942_lg_smart_watch_304x171_reuters.jpg.webp 304w\" sizes=\"auto, (min-width: 1008px) 760px, 100vw\" alt=\"LA Industria estima que eledor del 60% de los consumidores Entre 18 y 34 A\u00f1os Ven la Hora en Sus Tel\u00e9fonos M\u00f3viles.\" loading=\"lazy\" width=\"304\" height=\"171\" src=\"aspect-ratio:304 \/ 171\" class=\"bbc-139onq\"\/><\/p>\n<p class=\"bbc-by8ykd\" role=\"text\"><span class=\"bbc-m04vo2\">Fuente de la Imagen, <\/span><span lang=\"en-GB\">Reuters<\/span><\/p>\n<\/div><figcaption class=\"bbc-15f1ujd\" dir=\"ltr\"><span role=\"text\"><span class=\"bbc-m04vo2\">Pie de Foto, <\/span><span data-testid=\"caption-paragraph\">LA Industria estima que eledor del 60% de los consumidores Entre 18 y 34 A\u00f1os Ven la Hora en Sus Tel\u00e9fonos M\u00f3viles.<\/span><\/span><\/figcaption><\/figure>\n<div dir=\"ltr\" class=\"bbc-19j92fr ebmt73l0\">\n<p dir=\"ltr\" class=\"bbc-hhl7in e17g058b0\">Sin embargo, Nick Hayek, el Director Ejecutivo de la Empresa, desestim\u00f3 en una entrevista reciente con la revista l&#8217;Hebdo que und producto como iwatch se pueda convertir en una amenaza.<\/p>\n<\/div>\n<div dir=\"ltr\" class=\"bbc-19j92fr ebmt73l0\">\n<p dir=\"ltr\" class=\"bbc-hhl7in e17g058b0\">Sorprentement, Hayek apunt\u00f3 a que la incursi\u00f3n de Apple en el Mundo de Los Relojes Podr\u00eda Convertirse Indirectam\u00e9 en una gran Oportunidad para su Compa\u00f1\u00eda, Al Seducir y Atraer a Un P\u00fablico de Millones de J\u00f3venes que no est\u00e1n -USANDO RELOJ DE PULSERA.<\/p>\n<\/div>\n<div dir=\"ltr\" class=\"bbc-19j92fr ebmt73l0\">\n<p dir=\"ltr\" class=\"bbc-hhl7in e17g058b0\">LA Industria estima que eledor del 60% de los consumidores Entre 18 y 34 A\u00f1os Ven la Hora en Sus Tel\u00e9fonos M\u00f3viles.<\/p>\n<\/div>\n<div dir=\"ltr\" class=\"bbc-19j92fr ebmt73l0\">\n<p dir=\"ltr\" class=\"bbc-hhl7in e17g058b0\">Un potencial iwatch es podr\u00eda poner en alerta a las comp comp compas rivales, como lg, samsung y sony, que ya haan sacado a la venta relojes Inteligentes Sin Demasiado \u00e9xito.<\/p>\n<\/div>\n<div dir=\"ltr\" class=\"bbc-19j92fr ebmt73l0\">\n<p dir=\"ltr\" class=\"bbc-hhl7in e17g058b0\">EN General Estos Dispositivos Inteligentes, Todav\u00eda en la Edad Infantil, Tienden A SER TOSCOS Y LIMITAS DE FUNCIONES.<\/p>\n<\/div>\n<div dir=\"ltr\" class=\"bbc-19j92fr ebmt73l0\">\n<p dir=\"ltr\" class=\"bbc-hhl7in e17g058b0\">Por undo, se les critica que la tecnolog\u00eda no est\u00e1 loficiente madura como para cumplir las ambiciones de los usuarios.<\/p>\n<\/div>\n<div dir=\"ltr\" class=\"bbc-19j92fr ebmt73l0\">\n<p dir=\"ltr\" class=\"bbc-hhl7in e17g058b0\">Por ootro, que les falta ser \u00abdescessles\u00bb, ser <\/p>\n<p>            <italic>Fr\u00edo<\/italic>.\n        <\/p>\n<\/div>\n<div dir=\"ltr\" class=\"bbc-19j92fr ebmt73l0\">\n<p dir=\"ltr\" class=\"bbc-hhl7in e17g058b0\">Y Muchos Tienen las Esperas Puertas en la Aportacia que en ise Campo Pueda Hacer Apple.<\/p>\n<\/div>\n<p><h2 id=\"Saber-hacer-suizo\" tabindex=\"-1\" class=\"bbc-1lgzob2 eglt09e0\">Saber Hacer Suizo<\/h2>\n<\/p>\n<figure class=\"bbc-1qn0xuy\">\n<div class=\"bbc-j1srjl\" style=\"padding-bottom:125%\"><img decoding=\"async\" srcset=\"https:\/\/ichef.bbci.co.uk\/ace\/ws\/224\/amz\/worldservice\/live\/assets\/images\/2014\/09\/08\/140908161029_swatch_224x280_reuters.jpg.webp 224w\" sizes=\"auto, (min-width: 1008px) 760px, 100vw\" alt=\"RELOJ DE LA MARCA SUIZA SWATCH\" loading=\"lazy\" width=\"224\" height=\"280\" src=\"aspect-ratio:224 \/ 280\" class=\"bbc-139onq\"\/><\/p>\n<p class=\"bbc-by8ykd\" role=\"text\"><span class=\"bbc-m04vo2\">Fuente de la Imagen, <\/span><span lang=\"en-GB\">Reuters<\/span><\/p>\n<\/div><figcaption class=\"bbc-15f1ujd\" dir=\"ltr\"><span role=\"text\"><span class=\"bbc-m04vo2\">Pie de Foto, <\/span><span data-testid=\"caption-paragraph\">Swatch Podr\u00eda Beniciarse Indirectamento Con la Llegada del iwatch. <\/span><\/span><\/figcaption><\/figure>\n<div dir=\"ltr\" class=\"bbc-19j92fr ebmt73l0\">\n<p dir=\"ltr\" class=\"bbc-hhl7in e17g058b0\">Entretanto, Los Analistas Apuntan A Una Inminente Tendencia a la Cooperaci\u00f3n Entre las Firmas Tecnol\u00f3gicas \u00abIntermedias\u00bb de Silicon Valley y Los Tradicionales Relojeros Suizos.<\/p>\n<\/div>\n<div dir=\"ltr\" class=\"bbc-19j92fr ebmt73l0\">\n<p dir=\"ltr\" class=\"bbc-hhl7in e17g058b0\">Una v\u00eda posible de exploracia, seg\u00fan apuntan, es la introducci\u00f3n de relojes suizos Inteligentes, que podr\u00eda ser utilizados con una infraestructura abierta de software.<\/p>\n<\/div>\n<div dir=\"ltr\" class=\"bbc-19j92fr ebmt73l0\">\n<p dir=\"ltr\" class=\"bbc-hhl7in e17g058b0\">ESO Los Har\u00eda Menos Prodlive un r\u00e1spidamento quedarse obsoleto.<\/p>\n<\/div>\n<div dir=\"ltr\" class=\"bbc-19j92fr ebmt73l0\">\n<p dir=\"ltr\" class=\"bbc-hhl7in e17g058b0\">La Industria Relojera Suiza Tiene Mucha Experiencia en la miniatura de la miniatura Mec\u00e1nica y Elect\u00f3nica, As\u00ed Como en la innovaci\u00f3n de Materiales.<\/p>\n<\/div>\n<div dir=\"ltr\" class=\"bbc-19j92fr ebmt73l0\">\n<p dir=\"ltr\" class=\"bbc-hhl7in e17g058b0\">As\u00ed que poshiblementa tenga muygo que compartar con las emppresas tecnol\u00f3gicas que reci\u00e9n ahora incurren en el Mundo de las Pulseras.<\/p>\n<\/div>\n<div dir=\"ltr\" class=\"bbc-19j92fr ebmt73l0\">\n<p dir=\"ltr\" class=\"bbc-hhl7in e17g058b0\">Quizas por Eso la propia Apple se lllev\u00f3 a sus filas el pasado mes de julio a Patrick Pruniaux, un Alto Ejecutivo de Ventas de la Marca Suiza de Lujo Tag Heuer.<\/p>\n<\/div>\n<div dir=\"ltr\" class=\"bbc-19j92fr ebmt73l0\">\n<p dir=\"ltr\" class=\"bbc-hhl7in e17g058b0\">\n            <italic>Siga la Seci\u00f3n de Tecnolog\u00eda de BBC Mundo a Trav\u00e9s de <\/p>\n<p>                <bold>@un_mundo_feliz<\/bold><br \/>\n            <\/italic>\n        <\/p>\n<\/div>\n<\/div>\n\n","protected":false},"excerpt":{"rendered":"<p>Pie de Foto, Las Nueva Tecnolog\u00edas Tienen Dif\u00edcil Eso de Competir Con la tradicional Relojer\u00eda suiza. Informaci\u00f3n del Art\u00edculo Autor, BBC Mundo T\u00edtulo del Autor, Tecnolog\u00eda 8 de septiembre 2014 \u00abSuiza Est\u00e1 en Problemas\u00bb, Dicen Que alarde\u00f3 Jonathan ive, Jefe de Dise\u00f1o de Apple, anticipando el \u00e9xito que tenderr\u00e1 El EspERADO RELOJ INTELIGENTE CONOCIDO YA &hellip;<\/p>\n","protected":false},"author":1,"featured_media":14491,"comment_status":"open","ping_status":"open","sticky":false,"template":"","format":"standard","meta":{"fifu_image_url":"https:\/\/ichef.bbci.co.uk\/news\/1024\/branded_mundo\/worldservice\/live\/assets\/images\/2014\/09\/08\/140908151159_jonathan_ive_112x63_bbc_nocredit.jpg","fifu_image_alt":"","footnotes":""},"categories":[2],"tags":[],"class_list":["post-14490","post","type-post","status-publish","format-standard","has-post-thumbnail","","category-tecnologia"],"_links":{"self":[{"href":"https:\/\/noticiasveraces.com\/index.php?rest_route=\/wp\/v2\/posts\/14490","targetHints":{"allow":["GET"]}}],"collection":[{"href":"https:\/\/noticiasveraces.com\/index.php?rest_route=\/wp\/v2\/posts"}],"about":[{"href":"https:\/\/noticiasveraces.com\/index.php?rest_route=\/wp\/v2\/types\/post"}],"author":[{"embeddable":true,"href":"https:\/\/noticiasveraces.com\/index.php?rest_route=\/wp\/v2\/users\/1"}],"replies":[{"embeddable":true,"href":"https:\/\/noticiasveraces.com\/index.php?rest_route=%2Fwp%2Fv2%2Fcomments&post=14490"}],"version-history":[{"count":0,"href":"https:\/\/noticiasveraces.com\/index.php?rest_route=\/wp\/v2\/posts\/14490\/revisions"}],"wp:featuredmedia":[{"embeddable":true,"href":"https:\/\/noticiasveraces.com\/index.php?rest_route=\/wp\/v2\/media\/14491"}],"wp:attachment":[{"href":"https:\/\/noticiasveraces.com\/index.php?rest_route=%2Fwp%2Fv2%2Fmedia&parent=14490"}],"wp:term":[{"taxonomy":"category","embeddable":true,"href":"https:\/\/noticiasveraces.com\/index.php?rest_route=%2Fwp%2Fv2%2Fcategories&post=14490"},{"taxonomy":"post_tag","embeddable":true,"href":"https:\/\/noticiasveraces.com\/index.php?rest_route=%2Fwp%2Fv2%2Ftags&post=14490"}],"curies":[{"name":"wp","href":"https:\/\/api.w.org\/{rel}","templated":true}]}}