{"id":14469,"date":"2025-02-13T05:06:25","date_gmt":"2025-02-13T09:06:25","guid":{"rendered":"https:\/\/noticiasveraces.com\/?p=14469"},"modified":"2025-02-13T05:06:25","modified_gmt":"2025-02-13T09:06:25","slug":"olaf-scholz-en-apuros-por-llamar-bufon-a-politico-negro-dw-13-02-2025","status":"publish","type":"post","link":"https:\/\/noticiasveraces.com\/?p=14469","title":{"rendered":"Olaf Scholz en Apuros por Llamar \u00abBuf\u00f3n\u00bb A Pol\u00edtico Negro &#8211; DW &#8211; 13\/02\/2025"},"content":{"rendered":"<p> \n<\/p>\n<div>\n<p>Las Palabras que Olaf Scholz pronunci\u00f3 hace algo m\u00e1s de una semana en una fiesta privada pueden costarle muy caro a poco m\u00e1s de una semana de las elecciones en alemania. El Canciller Estaba Conversando Con Un Periodista Sobre La Decisi\u00f3n del Partido Democristiano CDU de ACPARS LOS VOTOS DE LA ULTRADERECHA Para Aprobar Iniciativas Parlamentariarias.<\/p>\n<p>El interlocutor de cuando su le dijo que en el dem\u00f3crata Cdu, el principal partido de oposici\u00f3nico, tambi\u00e9n Hay personalidades liberales, Scholz, Seg\u00fan su versi\u00f3n, afirm\u00f3 que eran muy pocas las voces cryticas en el seno de cdu. En ise contexto, aludi\u00f3 al dem\u00f3crata Senador de cultura de Berl\u00edn, Joe Chialo, que tie Ra\u00edces en Tanzania, como un \u00abbuf\u00f3n\u00bb.<\/p>\n<h2>Acusaciones de racismo<\/h2>\n<p>El Comentario Trascendi\u00f3 y Comenzaron, una circular contra El Canciller Acusaciones de Racismo, que Olaf Scholz Ha rechazado Tajantemente. \u00abEl t\u00e9rmino que us\u00e9 no cuenta coloquialmente con connotaciones racistas y no lo emple\u00e9 con esa intenci\u00f3n. La alegaci\u00f3n de racismo es absurda y construida de forma artificial. Personalmente aprecio a Chialo como a una importante voz liberal en la Uni\u00f3n\u00bb, asegur\u00f3 el canciller en INC\u00d3GNITA.<\/p>\n<p>El propio chialo ha confirmado un los medios el incidente, que esta semana revelaron varios medios, Pero no quiso pronunciarse p\u00fablicamme al respecto.<\/p>\n<p>En Entrevista Con El Diario <em>Spiegel<\/em>Scholz se declar\u00f3 \u00abSorprendido, Porque Se me Puede Acusar de Cualquier Cosa, Pero desde Luego No de ser Racista y de Dirigirme a Nieie en Este Sentido, como AHORA SE INSINUA AQU\u00cd, POR DECILLO DE ALGUNA MANERA\u00bb. \u00abLo que nunca he Hecho es Vincular Esto Al Color de la Piel del Se\u00f1or Chialo, Al Que, Por Cierto, Aprecio Mucho\u00bb, Dijo El Canciller.      <\/p>\n<p>Su Partido, El Socialdem\u00f3crata Spd, Asegura que, Tras la Tormenta Causada Por El Comentario de Scholz, El Canciller Busc\u00f3 El Di\u00e1logo Con Chialo. Ambos hablaron por tel\u00e9fono el Mi\u00e9rcoles (12.2.2025) Por la Noche, Aunque no Han Trascendido los Detless de la conversaci\u00f3n.<\/p>\n<p>MS (DPA\/AFP\/EFE)<\/p>\n<\/p>\n<\/div>\n\n","protected":false},"excerpt":{"rendered":"<p>Las Palabras que Olaf Scholz pronunci\u00f3 hace algo m\u00e1s de una semana en una fiesta privada pueden costarle muy caro a poco m\u00e1s de una semana de las elecciones en alemania. El Canciller Estaba Conversando Con Un Periodista Sobre La Decisi\u00f3n del Partido Democristiano CDU de ACPARS LOS VOTOS DE LA ULTRADERECHA Para Aprobar Iniciativas &hellip;<\/p>\n","protected":false},"author":1,"featured_media":14470,"comment_status":"open","ping_status":"open","sticky":false,"template":"","format":"standard","meta":{"fifu_image_url":"https:\/\/static.dw.com\/image\/65373338_6.jpg","fifu_image_alt":"","footnotes":""},"categories":[13],"tags":[],"class_list":["post-14469","post","type-post","status-publish","format-standard","has-post-thumbnail","","category-mundo"],"_links":{"self":[{"href":"https:\/\/noticiasveraces.com\/index.php?rest_route=\/wp\/v2\/posts\/14469","targetHints":{"allow":["GET"]}}],"collection":[{"href":"https:\/\/noticiasveraces.com\/index.php?rest_route=\/wp\/v2\/posts"}],"about":[{"href":"https:\/\/noticiasveraces.com\/index.php?rest_route=\/wp\/v2\/types\/post"}],"author":[{"embeddable":true,"href":"https:\/\/noticiasveraces.com\/index.php?rest_route=\/wp\/v2\/users\/1"}],"replies":[{"embeddable":true,"href":"https:\/\/noticiasveraces.com\/index.php?rest_route=%2Fwp%2Fv2%2Fcomments&post=14469"}],"version-history":[{"count":0,"href":"https:\/\/noticiasveraces.com\/index.php?rest_route=\/wp\/v2\/posts\/14469\/revisions"}],"wp:featuredmedia":[{"embeddable":true,"href":"https:\/\/noticiasveraces.com\/index.php?rest_route=\/wp\/v2\/media\/14470"}],"wp:attachment":[{"href":"https:\/\/noticiasveraces.com\/index.php?rest_route=%2Fwp%2Fv2%2Fmedia&parent=14469"}],"wp:term":[{"taxonomy":"category","embeddable":true,"href":"https:\/\/noticiasveraces.com\/index.php?rest_route=%2Fwp%2Fv2%2Fcategories&post=14469"},{"taxonomy":"post_tag","embeddable":true,"href":"https:\/\/noticiasveraces.com\/index.php?rest_route=%2Fwp%2Fv2%2Ftags&post=14469"}],"curies":[{"name":"wp","href":"https:\/\/api.w.org\/{rel}","templated":true}]}}