{"id":14434,"date":"2025-02-12T23:53:08","date_gmt":"2025-02-13T03:53:08","guid":{"rendered":"https:\/\/noticiasveraces.com\/?p=14434"},"modified":"2025-02-12T23:53:08","modified_gmt":"2025-02-13T03:53:08","slug":"extreme-derecha-fracasa-al-intentar-formar-gobierno-dw-12-02-2025","status":"publish","type":"post","link":"https:\/\/noticiasveraces.com\/?p=14434","title":{"rendered":"Extreme Derecha Fracasa Al Intentar Formar Gobierno &#8211; DW &#8211; 12\/02\/2025"},"content":{"rendered":"<p> \n<\/p>\n<div>\n<p>El Partido de Exema Derecha de Austria, El Fp\u00f6, Renunci\u00f3 Este Mi\u00e9rcoles (12.02.2025) Un formar un gobierno de coalici\u00f3nico con los conservadores, reacios a su proyecto, con lo que se puso Fin a varios d\u00edas de tensiones.<\/p>\n<p>Su L\u00edder, Herbert Kickl, Inform\u00f3 Al Presidente Alexander van der Bellen de la decisi\u00f3n. \u00abAunque Hicimos se concesiones Sobre Numerosos Puntos (&#8230;), Las Negociaciones desgraciadam\u00e9 no dieron su fruto\u00bb, afirm\u00f3 en su Mensaje, declinando el mandato que le hab\u00eda dADO el 6 deero.<\/p>\n<p>Los Conservadores del \u00d6vp Criticaron \u00abLa Sed de Pod y la Intransigencia\u00bb de Kickl. \u00abNo Estaba disputa a Llegar un no comprometido que el establecimiento una colaboracia degual sea igual\u00bb, en palabras de su secretario general, Alexander Pr\u00f6ll.<\/p>\n<p>Las Negociacionas empezaron hace Poco m\u00e1s de un mes entrelato, que encabez\u00f3 por primera vez las legislativas de septiembre con casi 29% de los votos, y el \u00f6vp (26,3%).<\/p>\n<p>En plena sacudida que supuso el resultado, la derecha dijo primero que quer\u00eda formar una coaliciaci\u00f3n \u00abcon Todos salvo kickl\u00bb, con la izquierda y los liberales. Pero no se llleg\u00f3 a ninguna alianza.<\/p>\n<p><strong>Tensiones sin esperar<\/strong><\/p>\n<p>El \u00d6vp tendi\u00f3 Entonces la Mano un su enemigo, Alegando una promesa de Campa\u00f1a. Pero las tensiones no Tardaron en lllegar. Los Ultraderechistas se Aferraban al Ministerio del Interior, Pero los Conservadores, Que Ya Les Cedieron Esta Cartera en 2017, Salieron Mal Parados Con la Experimencia: Los Servicios de Inteligencia Occidentales se hab\u00edan y Distancia Distancia -Debido a Los V\u00ednculos Entre La Formaci\u00f3n Ocecherales y Rusancia y Rusancia.<\/p>\n<p>La Derecha Ya Gobern\u00f3 en dos ovasas con el fp\u00f6 en Austria. Pero en Esos Casos, ESTA Dominaba el Ejecutivo y RepresentAla al Pa\u00eds en Bruselas, con una Programa Proeuropoo.<\/p>\n<p>Desde el Inicio de Las Negociaciones, Kickl Opt\u00f3 por la L\u00ednea dura y para construyir su \u00abAustria Fortaleza\u00bb Reclamaba el REGRESO de la Estricta Neutralidad y el Fin de la Primac\u00eda del Derecho Europa.<\/p>\n<p>Decenas de Miles de Manifestantes Salieron a la Calle en Viena para el defensor Los Derechos Fundamentalos Desde que Comenzaron Las conversaciones para Llegar A una coalici\u00f3n.<\/p>\n<p>CT (AFP, Efe)<\/p>\n<\/p>\n<\/div>\n\n","protected":false},"excerpt":{"rendered":"<p>El Partido de Exema Derecha de Austria, El Fp\u00f6, Renunci\u00f3 Este Mi\u00e9rcoles (12.02.2025) Un formar un gobierno de coalici\u00f3nico con los conservadores, reacios a su proyecto, con lo que se puso Fin a varios d\u00edas de tensiones. Su L\u00edder, Herbert Kickl, Inform\u00f3 Al Presidente Alexander van der Bellen de la decisi\u00f3n. \u00abAunque Hicimos se concesiones &hellip;<\/p>\n","protected":false},"author":1,"featured_media":14435,"comment_status":"open","ping_status":"open","sticky":false,"template":"","format":"standard","meta":{"fifu_image_url":"https:\/\/static.dw.com\/image\/71243627_6.jpg","fifu_image_alt":"","footnotes":""},"categories":[13],"tags":[],"class_list":["post-14434","post","type-post","status-publish","format-standard","has-post-thumbnail","","category-mundo"],"_links":{"self":[{"href":"https:\/\/noticiasveraces.com\/index.php?rest_route=\/wp\/v2\/posts\/14434","targetHints":{"allow":["GET"]}}],"collection":[{"href":"https:\/\/noticiasveraces.com\/index.php?rest_route=\/wp\/v2\/posts"}],"about":[{"href":"https:\/\/noticiasveraces.com\/index.php?rest_route=\/wp\/v2\/types\/post"}],"author":[{"embeddable":true,"href":"https:\/\/noticiasveraces.com\/index.php?rest_route=\/wp\/v2\/users\/1"}],"replies":[{"embeddable":true,"href":"https:\/\/noticiasveraces.com\/index.php?rest_route=%2Fwp%2Fv2%2Fcomments&post=14434"}],"version-history":[{"count":0,"href":"https:\/\/noticiasveraces.com\/index.php?rest_route=\/wp\/v2\/posts\/14434\/revisions"}],"wp:featuredmedia":[{"embeddable":true,"href":"https:\/\/noticiasveraces.com\/index.php?rest_route=\/wp\/v2\/media\/14435"}],"wp:attachment":[{"href":"https:\/\/noticiasveraces.com\/index.php?rest_route=%2Fwp%2Fv2%2Fmedia&parent=14434"}],"wp:term":[{"taxonomy":"category","embeddable":true,"href":"https:\/\/noticiasveraces.com\/index.php?rest_route=%2Fwp%2Fv2%2Fcategories&post=14434"},{"taxonomy":"post_tag","embeddable":true,"href":"https:\/\/noticiasveraces.com\/index.php?rest_route=%2Fwp%2Fv2%2Ftags&post=14434"}],"curies":[{"name":"wp","href":"https:\/\/api.w.org\/{rel}","templated":true}]}}