{"id":14419,"date":"2025-02-12T20:40:16","date_gmt":"2025-02-13T00:40:16","guid":{"rendered":"https:\/\/noticiasveraces.com\/?p=14419"},"modified":"2025-02-12T20:40:16","modified_gmt":"2025-02-13T00:40:16","slug":"demandan-a-nueva-york-por-permisos-de-conducir-a-migrantes-dw-13-02-2025","status":"publish","type":"post","link":"https:\/\/noticiasveraces.com\/?p=14419","title":{"rendered":"Demandan A Nueva York por Permisos de conducir A Migrantes &#8211; DW &#8211; 13\/02\/2025"},"content":{"rendered":"<p> \n<\/p>\n<div>\n<p>El departamento de Justicia de Ee.UU. Present\u00f3 Este Mi\u00e9rcoles (12.02.2025) Una Demanda Contra El Estado de Nueva York York Por Una Ley de 2019 Que Permite A Todos Sus Residentes Obtener Una Licencia de Conducir sin importar Su Estatus Migratoria.<\/p>\n<p>La Medida Fue Anunciada por la la fiscal General, Pam Bondi, Aliada Cercana del Presidente, Donald Trump, Argumento de que la Ley es \u00abinconstitucional\u00bb y que prometa la migraci\u00f3n irregular.<\/p>\n<p>Bondi acus\u00f3 a Nueva York de Estar \u00abpriorizando a los migrantes Ilegales por encima de ee.uu.\u00bb y Explic\u00f3 Que la Demanda VA Dirigida Tanto Hacia la Gobernadore, Katy Hochul, como la fiscal del estado del Estado, Letitia James, y El Comisionado Del Fruto de Veh\u00edculos Motores de Nueva York, Mark Schroeder.<\/p>\n<p>La demanda de este mi\u00e9rcoles lllega seis dias desespu\u00e9s de que el departamento de justicia presente una acces de la contra la ciencia de Chicago y el estado de illinois acus\u00e1ndolos de dificutar las labores de las aut\u00f3rididas de migraci\u00f3n, inclanendo la deportaci\u00f3n.<\/p>\n<p>Esa Demanda, presentada en una corteza federal en Illinois, Pide A Los Jueces que Revoquen y Califiquen de Inconstitucionales las Proteciones que existen un estatal nivel y que protegimiento a la Poblaci\u00f3n Incumumentada de la Deportaci\u00f3n.<\/p>\n<p>Trump advirti\u00f3 a Los Pocos D\u00edas de Tomar el Poder que ir\u00eda Tras las Alcald\u00edas y Estados que no Colaboren con sus pol\u00edtas para Deportar A Los M\u00e1s de 11 Millones de Personas Que Viven En el Pa\u00eds sin estatus legal.<\/p>\n<p>MG (Efe, Reuters)<\/p>\n<div class=\"vjs-wrapper embed big\">\n<h2 aria-label=\"Video integrado \u2014 Los planes de deportaci\u00f3n de Trump afectan a familias dividas por la inmigraci\u00f3n\" class=\"headline\"><svg xmlns=\"http:\/\/www.w3.org\/2000\/svg\" viewbox=\"0 0 20 20\"><g fill-rule=\"evenodd\"><path d=\"M14.114 7.599H13.5l.002 4.706h.601l4.582 3.25-.005-11.11zM11.084 4.444l-9.007.002-1.336.797.002 9.514 1.334.793 9.007.006 1.509-.799-.004-9.516z\"\/><\/g><\/svg>Los planos de Deportacia de Trump Afectan A Familias Dividas por la Inmigraci\u00f3n<\/h2>\n<p><video id=\"video-71463868\" controls=\"\" playsinline=\"\" preload=\"none\" poster=\"data:image\/png;base64,iVBORw0KGgoAAAANSUhEUgAAAAEAAAABCAQAAAC1HAwCAAAAC0lEQVR42mNkYAAAAAYAAjCB0C8AAAAASUVORK5CYII=\" data-id=\"71463868\" data-posterurl=\"https:\/\/tvdownloaddw-a.akamaihd.net\/stills\/images\/js\/js20250130_DEPOR19D_image_512x288_3.jpg\" data-duration=\"03:32\"><source src=\"https:\/\/hlsvod.dw.com\/i\/dwtv_video\/flv\/js\/js20250130_DEPOR19D_,AVC_480x270,AVC_512x288,AVC_640x360,AVC_960x540,AVC_1280x720,AVC_1920x1080,.mp4.csmil\/master.m3u8\" type=\"application\/x-mpegURL\"><source src=\"https:\/\/tvdownloaddw-a.akamaihd.net\/dwtv_video\/flv\/js\/js20250130_DEPOR19D_AVC_1920x1080.mp4\" type=\"video\/mp4\"><track src=\"https:\/\/www.dw.com\/media\/subtitles\/71525510\" srclang=\"es\" label=\"SPANISH\" default=\"\"><p class=\"vjs-no-js\">Para ver este video, habilite JavaScript y considere actualizar a un navegador web que admite el video HTML5<\/p>\n<\/track><\/source><\/source><\/video><\/div>\n<\/div>\n\n","protected":false},"excerpt":{"rendered":"<p>El departamento de Justicia de Ee.UU. Present\u00f3 Este Mi\u00e9rcoles (12.02.2025) Una Demanda Contra El Estado de Nueva York York Por Una Ley de 2019 Que Permite A Todos Sus Residentes Obtener Una Licencia de Conducir sin importar Su Estatus Migratoria. La Medida Fue Anunciada por la la fiscal General, Pam Bondi, Aliada Cercana del Presidente, &hellip;<\/p>\n","protected":false},"author":1,"featured_media":14420,"comment_status":"open","ping_status":"open","sticky":false,"template":"","format":"standard","meta":{"fifu_image_url":"https:\/\/static.dw.com\/image\/65465191_6.jpg","fifu_image_alt":"","footnotes":""},"categories":[13],"tags":[],"class_list":["post-14419","post","type-post","status-publish","format-standard","has-post-thumbnail","","category-mundo"],"_links":{"self":[{"href":"https:\/\/noticiasveraces.com\/index.php?rest_route=\/wp\/v2\/posts\/14419","targetHints":{"allow":["GET"]}}],"collection":[{"href":"https:\/\/noticiasveraces.com\/index.php?rest_route=\/wp\/v2\/posts"}],"about":[{"href":"https:\/\/noticiasveraces.com\/index.php?rest_route=\/wp\/v2\/types\/post"}],"author":[{"embeddable":true,"href":"https:\/\/noticiasveraces.com\/index.php?rest_route=\/wp\/v2\/users\/1"}],"replies":[{"embeddable":true,"href":"https:\/\/noticiasveraces.com\/index.php?rest_route=%2Fwp%2Fv2%2Fcomments&post=14419"}],"version-history":[{"count":0,"href":"https:\/\/noticiasveraces.com\/index.php?rest_route=\/wp\/v2\/posts\/14419\/revisions"}],"wp:featuredmedia":[{"embeddable":true,"href":"https:\/\/noticiasveraces.com\/index.php?rest_route=\/wp\/v2\/media\/14420"}],"wp:attachment":[{"href":"https:\/\/noticiasveraces.com\/index.php?rest_route=%2Fwp%2Fv2%2Fmedia&parent=14419"}],"wp:term":[{"taxonomy":"category","embeddable":true,"href":"https:\/\/noticiasveraces.com\/index.php?rest_route=%2Fwp%2Fv2%2Fcategories&post=14419"},{"taxonomy":"post_tag","embeddable":true,"href":"https:\/\/noticiasveraces.com\/index.php?rest_route=%2Fwp%2Fv2%2Ftags&post=14419"}],"curies":[{"name":"wp","href":"https:\/\/api.w.org\/{rel}","templated":true}]}}