{"id":14388,"date":"2025-02-12T15:56:43","date_gmt":"2025-02-12T19:56:43","guid":{"rendered":"https:\/\/noticiasveraces.com\/?p=14388"},"modified":"2025-02-12T15:56:43","modified_gmt":"2025-02-12T19:56:43","slug":"muere-vicenzo-antenucci-el-fisioterapeuta-de-28-anos-de-el-palmar-cf-que-esperaba-un-trasplante-de-corazon","status":"publish","type":"post","link":"https:\/\/noticiasveraces.com\/?p=14388","title":{"rendered":"Muere Vicenzo Antenucci, El Fisioterapeuta de 28 A\u00f1os de El Palmar cf Que Esperaba un Trasplante de Coraz\u00f3n"},"content":{"rendered":"<p> \n<\/p>\n<div id=\"intext\">\n<p>\u00ab<b>Hoy Toda la Familia de El Palmar Cf Esta Destrozada<\/b>\u00ab, As\u00ed Arrancaba El Comunicado de <b>El Palmar CF<\/b> Este Martes por la Noche con el que daban a Conocer la <b>Muerte de Vicenzo Antenucci<\/b>El Joven de 28 A\u00f1os Fisioterapeuta del Club. \u00abLamentamos el Fallecimiento de Nuestro Fisioterapeuta Vincenzo Antenucci. Desde TODO El Club Damos El P\u00e9same A Familiares y Amigos. Gran Profesional, Gran Persona, Siempre Estar\u00e1s con Nosotros Vince\u00bb, expresab\u00e1n.<\/p>\n<p>Vincenzo Antenucci <b>Estaba Esperando un Trasplante de Coraz\u00f3n<\/b> Una consecia de una Enfirmedad Hereditaria, Seg\u00fan precisa &#8216;La Verdad de Murcia&#8217;. El Italiano, Natural de <b>Campobaso<\/b>Se Entraba Ingresado en la Unidad de Cuidos intensivos del Hospital Virgen de la ArriXaca desde Hace Varias Semanas Esperando ESe Trasplante. Estaba en C\u00f3digo Cero, lo que implica prioridad Entre los Pacientes que esperan un \u00d3rgano. <b>Su Coraz\u00f3n Funcionaba Solo al 15%<\/b>y no pudo aguantar m\u00e1s.<\/p>\n<p>La Dram\u00e1tica Situaci\u00f3n del Joven se desencaden\u00f3 en Navidad, Cuando Sufri\u00f3 Una Neumon\u00eda, Tras lo que Detectaron una Enfirmedad Card\u00edaca. Seg\u00fan El Medio Citado, <b>Sus Ventr\u00edculos Izquierdo y Derecho Apenas Funcionaban<\/b>. Su Estado Fue empeorando Seg\u00fan Avanzaban Los D\u00edas, Hasta que Tuvo que Entar en la Uci de la Arrixaca, Donde Tambi\u00e9n le Detectaron una <b>infeccioso en el H\u00edgado<\/b>.<\/p>\n<h2 class=\"title-h2\">Vicenzo antenucci<\/h2>\n<p>Vincenzo Antenucci Naci\u00f3 en la Comuna Italiana de Campobasso, Pero <b>Resid\u00eda en Murcia Desde el A\u00f1o 2016<\/b>Cuando Empez\u00f3 Sus Estudios de Fisioterapia en la Universidad Cat\u00f3lica San Antonio (UCAM). Es All\u00ed Donde Conoci\u00f3 A Nicol\u00e1s Rodr\u00edguez, Amigo y Gerente de la Cl\u00ednica de la Avenida de Europa de Murcia en la Que Trabajaban, Explica &#8216;La Opini\u00f3n de Murcia&#8217;. \u00ab<b>Es Feliz Aqu\u00ed, Por Eso no ha Vuelto a Italia<\/b>\u00ab, Contaba Hace Unos D\u00edas al Medio Una de Sus Compa\u00f1eras.<\/p>\n<h2 class=\"title-h2\">Donaci\u00f3n de \u00d3rganos<\/h2>\n<p>La Ley Espa\u00f1ola de Trasplantes (Ley 30\/1979, de 27 de Octubre, Sobre extracci\u00f3nis y Trasplante de \u00d3rganos) Establece que <b>Todas Las Personas Somos donantes A No Ser que Hayamos Expresado Lo Contrario<\/b>Supuesto Conocido en TODO El Mundo como \u00abConsentimiento Presunto\u00bb. A Pesar de Ello, en Espa\u00f1a, a la Hora de Aplicar la Ley SE Establecimiento de UnoS Procedimientos para Preservar la Volunte del Fallecido.<\/p>\n<p>En Primer Lugar, SE Procede A Consultar El Registro de Instrucciones Previas o Volunteades anticipadas para comprobar si el potencial donante ha dejado constancia de su voluntario de donar. Hijo unas instrucciones o voluntarias que tienen valor legal y Deben Cumplirse. En Casa de no existir,<b> La \u00daltima Palabra la tenderr\u00e1 siempre el entorno familiar del fallecido<\/b>. Por ello, <b>Resultado IMPORTANTE IMPORTANTE A TUS SERES QUERIDOS TU DESO DE SER DONANTE<\/b> Si no tiene DeJado Constancia por Escrito. Se Entiende que los familiares y seres Queridos del Fallecido siempre Van A Respetar la Volunte de Su Familiary Y Que, Por Eso, Tomar\u00e1n la Decisi\u00f3n M\u00e1s Acorde Con El.<\/p>\n<p><i>Esguenos en nuestro <b>Canal de whatsapp<\/b> y no te Pierdas la \u00daltima Hora y Toda la actualidad de <b>antena3noticias.com<\/b><\/i><\/p>\n<div class=\"recirculation-video\" data-mod=\"a3mod_recirculation_video\">\n<div class=\"recirculation-video-wrapper\">\n<div>\n<div class=\"video-wrapper\">\n  <picture class=\"video-main-picture\"><source media=\"(min-width: 481px)\" srcset=\"https:\/\/fotografias.antena3.com\/clipping\/cmsimages01\/2025\/02\/12\/C882DD1F-959E-4E15-A87A-95EC47F3DBFA\/cruces-semifinales-copa-rey-2025_94.jpg?crop=1920,1080,x0,y0&amp;width=800&amp;height=450&amp;optimize=medium&amp;format=webply\" width=\"800\" height=\"450\"><source media=\"(min-width: 391px) and (max-width: 480px)\" srcset=\"https:\/\/fotografias.antena3.com\/clipping\/cmsimages01\/2025\/02\/12\/C882DD1F-959E-4E15-A87A-95EC47F3DBFA\/cruces-semifinales-copa-rey-2025_70.jpg?crop=1920,1080,x0,y0&amp;width=480&amp;height=270&amp;optimize=high&amp;format=webply\" width=\"480\" height=\"270\"><source media=\"(min-width: 321px) and (max-width: 390px)\" srcset=\"https:\/\/fotografias.antena3.com\/clipping\/cmsimages01\/2025\/02\/12\/C882DD1F-959E-4E15-A87A-95EC47F3DBFA\/cruces-semifinales-copa-rey-2025_92.jpg?crop=1920,1078,x0,y2&amp;width=390&amp;height=219&amp;optimize=high&amp;format=webply\" width=\"390\" height=\"219\"><source media=\"(max-width: 320px)\" srcset=\"https:\/\/fotografias.antena3.com\/clipping\/cmsimages01\/2025\/02\/12\/C882DD1F-959E-4E15-A87A-95EC47F3DBFA\/cruces-semifinales-copa-rey-2025_52.jpg?crop=1920,1080,x0,y0&amp;width=320&amp;height=180&amp;optimize=high&amp;format=webply\" width=\"320\" height=\"180\"><img decoding=\"async\" title=\"Cruces de semifinales de la Copa del Rey 2025\" alt=\"Cruces de semifinales de la Copa del Rey 2025\" width=\"480\" height=\"270\" src=\"https:\/\/fotografias.antena3.com\/clipping\/cmsimages01\/2025\/02\/12\/C882DD1F-959E-4E15-A87A-95EC47F3DBFA\/cruces-semifinales-copa-rey-2025_70.jpg?crop=1920,1080,x0,y0&amp;width=480&amp;height=270&amp;optimize=high&amp;format=webply\" loading=\"lazy\" class=\"lazy\"\/><br \/>\n  <\/source><\/source><\/source><\/source><\/picture>\n <\/div>\n<\/div><\/div>\n<\/p><\/div>\n<\/div>\n\n","protected":false},"excerpt":{"rendered":"<p>\u00abHoy Toda la Familia de El Palmar Cf Esta Destrozada\u00ab, As\u00ed Arrancaba El Comunicado de El Palmar CF Este Martes por la Noche con el que daban a Conocer la Muerte de Vicenzo AntenucciEl Joven de 28 A\u00f1os Fisioterapeuta del Club. \u00abLamentamos el Fallecimiento de Nuestro Fisioterapeuta Vincenzo Antenucci. Desde TODO El Club Damos El &hellip;<\/p>\n","protected":false},"author":1,"featured_media":14390,"comment_status":"open","ping_status":"open","sticky":false,"template":"","format":"standard","meta":{"fifu_image_url":"https:\/\/fotografias.antena3.com\/clipping\/cmsimages02\/2025\/02\/12\/BCAC6462-F037-4B2D-AA3E-CE97B60AB75C\/vicenzo-antenucci_69.jpg?crop=1468,826,x0,y0&width=1280&height=720&optimize=low&format=jpg","fifu_image_alt":"","footnotes":""},"categories":[6],"tags":[],"class_list":["post-14388","post","type-post","status-publish","format-standard","has-post-thumbnail","","category-deportes"],"_links":{"self":[{"href":"https:\/\/noticiasveraces.com\/index.php?rest_route=\/wp\/v2\/posts\/14388","targetHints":{"allow":["GET"]}}],"collection":[{"href":"https:\/\/noticiasveraces.com\/index.php?rest_route=\/wp\/v2\/posts"}],"about":[{"href":"https:\/\/noticiasveraces.com\/index.php?rest_route=\/wp\/v2\/types\/post"}],"author":[{"embeddable":true,"href":"https:\/\/noticiasveraces.com\/index.php?rest_route=\/wp\/v2\/users\/1"}],"replies":[{"embeddable":true,"href":"https:\/\/noticiasveraces.com\/index.php?rest_route=%2Fwp%2Fv2%2Fcomments&post=14388"}],"version-history":[{"count":0,"href":"https:\/\/noticiasveraces.com\/index.php?rest_route=\/wp\/v2\/posts\/14388\/revisions"}],"wp:featuredmedia":[{"embeddable":true,"href":"https:\/\/noticiasveraces.com\/index.php?rest_route=\/wp\/v2\/media\/14390"}],"wp:attachment":[{"href":"https:\/\/noticiasveraces.com\/index.php?rest_route=%2Fwp%2Fv2%2Fmedia&parent=14388"}],"wp:term":[{"taxonomy":"category","embeddable":true,"href":"https:\/\/noticiasveraces.com\/index.php?rest_route=%2Fwp%2Fv2%2Fcategories&post=14388"},{"taxonomy":"post_tag","embeddable":true,"href":"https:\/\/noticiasveraces.com\/index.php?rest_route=%2Fwp%2Fv2%2Ftags&post=14388"}],"curies":[{"name":"wp","href":"https:\/\/api.w.org\/{rel}","templated":true}]}}