{"id":14385,"date":"2025-02-12T15:38:15","date_gmt":"2025-02-12T19:38:15","guid":{"rendered":"https:\/\/noticiasveraces.com\/?p=14385"},"modified":"2025-02-12T15:38:15","modified_gmt":"2025-02-12T19:38:15","slug":"vance-critica-exhoso-de-regulacia-europea-sobre-ia-en-discurso-visto-como-debut-en-escena-internacional","status":"publish","type":"post","link":"https:\/\/noticiasveraces.com\/?p=14385","title":{"rendered":"Vance Critica \u00abExhoSo de Regulacia\u00bb Europea Sobre ia en Discurso Visto como debut en escena internacional"},"content":{"rendered":"<p> \n<\/p>\n<div>\n<p>El Vicepresidente de Estados Unidos, Jd Vance, Dijo El Martes A L\u00edderes Mundiales y Ejecutivos Tecnol\u00f3gicos que una \u00abRegulaci\u00f3nos Excesiva\u00bb de la Intereligencia de la c\u00fabica de la parte de la sector de la cotina. debut internacional .<\/p>\n<p>Vance Defendi\u00f3 El Enfocque del Gobierno Estadounidense, Bajo el Liderazgo del Presidente Donald Trump, Que Opta por no intervenir para impulsar una innovaci\u00f3n, una aparoximaci\u00f3nica que contrasta con las cada Vez m\u00e1s regulaciones regulaciones euroasas.<\/p>\n<p>Con su estratorci\u00f3n, Washington Busca Hacerle Frente A China, Que Est\u00e1 Expandievo R\u00e1pidamete la ia A Trav\u00e9s de Gigantes Tecnol\u00f3gicos Respaldados por El Estado, Compitiendo Por El Dominio en La Carrera Global.<\/p>\n<p>En su Primer Discurso Pol\u00cdSTICO IMPORTANTE DESDE QE ASUMI\u00d3 EL CARGO COMO Vicepres\u00edente El Mes Pasado, Vance Describe la ia como de la inflexi\u00f3n Econ\u00f3mico.<\/p>\n<p>\u00abEn este Momento, Enfrentamos la Perspectiva Extraordinaria de una Nueva \u00ab.<\/p>\n<p>El Vicepresidente, de 40 A\u00f1os, Busca Aprovechar la Cumbre de ia y una conferencia de Seguridad en M\u00fanich M\u00c1S ADELANTE ESTA SEMANA PARA MOSTRAR EL NUEVO ESTILO DE Diplomacia En\u00e9rgica de Trump, Seg\u00fan Analistas.<\/p>\n<p>La administraci\u00f3n de la Rep\u00fablica de la LA \u00abGarantizar\u00e1 que los Sistemas de ia desarrollados en Estados Unidos Est\u00e9n Libres de Sesgos ideol\u00f3gicos\u00bb, Dijo Vance, que prometi\u00f3 que eeuu \u00abnunca restringir\u00e1 el derecho de nuestros ciudadanos a la libertad de exprrresi\u00f3n\u00bb.<\/p>\n<p>Vance Tambi\u00e9n Se\u00f1al\u00f3 Que al Gobierno de Trump le Preocupa que algunos Gobiernos Extranjeros Est\u00e9n considerado \u00abApetar las Tuercas\u00bb A Las Empresas Tecnol\u00f3gicas estadounidenses.<\/p>\n<p>La Presidente de la Comisi\u00f3n Europea, Ursula von der Leyen, Enfatiz\u00f3 Que, \u00abla ia necesita la confiANZA de la gente y tiene que ser segura\u00bb y detall\u00f3 las directrices de la ue destinadas a estandarizar c\u00d3Mo se aplica la ley de ia del blocque,,, Aunque Reconoci\u00f3 Preocupaciones Sobre La Carga Regulatoria.<\/p>\n<p>\u00abAl Mismo Tiempo, S\u00e9 Que Tenemos facilitar las Cosas y Tenemos que reduce la Burocracia, y lo haremos\u00bb, Agreg\u00f3.<\/p>\n<p>Eeuu no firm\u00f3 la declaraci\u00f3n conjunta conjunta de m\u00e1s de 60 naciones -entre ellas china- que se comprometiera a \u00abpromover la accesibiliDad de la ia para -reducir las brechas digitals\u00bb y \u00abasegurar que ia mar abierta, inclusiva, transparente, \u00e9rica, segura\u00bb, \u00abAsegurar que ia Sea Abierta, inclusiva, Transparente, \u00e9rica, SEGURA,\u00bb ASEGURAR QUE LA IA SEA ABIERTA, INCURSIVA, TRANSPARENTE, CONTRACI\u00d3N, \u00cdTICA, SEGURA \u00ab, ASEGURAR Segura y confiable \u201d.<\/p>\n<p>La cumbre dej\u00f3 sobre la mesa tres estrategias distintas en IA: el esfuerzo de Europa por regular e invertir, la expansi\u00f3n de IA en China a trav\u00e9s de grandes compa\u00f1\u00edas con apoyo estatal y la estrategia de libre mercado sin regulaci\u00f3n en la que hace hincapi\u00e9 Estados Unidos .<\/p>\n<h3 class=\"wsw__h3\">Gira Internacional de Vance<\/h3>\n<p>Durante Su Visita A Par\u00eds, El Vicepresidente Estadounidense Fue Recibido por El Mandatario Franc\u00e9s Emmanuel Macron, Con El Que conversaci\u00f3n Sobre Ucrania y Oriente Medio. Vance Tambi\u00e9n se Reunipo por separado Con el Primer Ministro Indio, Narendra Modi, y Con \u00farsula von der Leyen.<\/p>\n<div class=\"wsw__embed\">\n<figure class=\"media-image js-media-expand\">\n<div class=\"img-wrap\">\n<div class=\"thumb\">\n<img decoding=\"async\" alt=\"El Presidente de Franc\u00e9s, Emmanuel Macron, Brigitte Macron (Izq) Posan Con El Vicepresidente de Eeuu, Jd Vance, Y La Segunda Dama, Usha Vance, en El Palacio del\u00edseo Durante Un Evento al Margen de la Cumbre de Acci\u00f3n de Inteligencia ArtiFiS en Par\u00eds , el 11 de febrero de 2025\" src=\"https:\/\/gdb.voanews.com\/8d0d6e21-8828-401d-bbdf-47510cf35f9d_w250_r1_s.jpg\"\/>\n<\/div>\n<p><span class=\"ico ico-fullscreen ico--media-expand ico--rounded\"\/>\n<\/div><figcaption>\n<span class=\"caption\">El Presidente de Franc\u00e9s, Emmanuel Macron, Brigitte Macron (Izq) Posan Con El Vicepresidente de Eeuu, Jd Vance, Y La Segunda Dama, Usha Vance, en El Palacio del\u00edseo Durante Un Evento al Margen de la Cumbre de Acci\u00f3n de Inteligencia ArtiFiS en Par\u00eds , el 11 de febrero de 2025<\/span><br \/>\n<\/figcaption><\/figure>\n<\/div>\n<p>La Gira Diplom\u00e1tica de Vance Continuar\u00e1 en Alemania, Donde Asistir\u00e1 a la Conferencia de Seguridad de M\u00fanich y Diaclegar\u00e1 con los Alios Aliosos de Washington Para Que aumen los Compromisos Con la Otan y Ucrania. Tambi\u00e9n Podr\u00eda Reunse Con el Presidente Ucraniano Volodymyr Zelenskyy.<\/p>\n<p>Al Igual que Trump, Vance Ha Cuestionado la Ayuda de Estados Unidos a Kiev y la Estrategia Occidental M\u00e1s Amplia Hacia rusia. Trump Ha Prometido Poner Fin a la Guerra en Ucrania en Seis Meses desde que Asumi\u00f3 El Cargo.<\/p>\n<p><em><strong>\u00a1Con9Cate Con la Voz de Am\u00e9rica! Suscr\u00edbete A Nuestros Canales de YouTube, WhatsApp y al bolet\u00edn. Activa Las Notificaciones y s\u00edguenos en Facebook, <a class=\"wsw__a\" href=\"https:\/\/nam10.safelinks.protection.outlook.com\/?url=https%3A%2F%2Ftwitter.com%2FVozdeAmerica&amp;data=05%7C02%7Cwserrano%40voanews.com%7C0b9cfda59f52447b0ed708dc07d64451%7Cba99e87c673541c2b1c1354eee3a8659%7C0%7C0%7C638393864063639904%7CUnknown%7CTWFpbGZsb3d8eyJWIjoiMC4wLjAwMDAiLCJQIjoiV2luMzIiLCJBTiI6Ik1haWwiLCJXVCI6Mn0%3D%7C3000%7C%7C%7C&amp;sdata=unLJDFixL8cjTiSip1dC8ViP8otjrQyzq1ziP2g1PMo%3D&amp;reserved=0\">inc\u00f3gnita<\/a> E Instagram.<\/strong><\/em><\/p>\n<\/div>\n<p><script async src=\"https:\/\/platform.twitter.com\/widgets.js\" charset=\"utf-8\"><\/script><script async src=\"\/\/www.instagram.com\/embed.js\"><\/script><br \/>\n<br \/>\n","protected":false},"excerpt":{"rendered":"<p>El Vicepresidente de Estados Unidos, Jd Vance, Dijo El Martes A L\u00edderes Mundiales y Ejecutivos Tecnol\u00f3gicos que una \u00abRegulaci\u00f3nos Excesiva\u00bb de la Intereligencia de la c\u00fabica de la parte de la sector de la cotina. debut internacional . Vance Defendi\u00f3 El Enfocque del Gobierno Estadounidense, Bajo el Liderazgo del Presidente Donald Trump, Que Opta por &hellip;<\/p>\n","protected":false},"author":1,"featured_media":14387,"comment_status":"open","ping_status":"open","sticky":false,"template":"","format":"standard","meta":{"fifu_image_url":"https:\/\/gdb.voanews.com\/770e2b40-1a4a-4bff-a88f-66d19ad18a5e_w1200_r1.jpg","fifu_image_alt":"","footnotes":""},"categories":[2],"tags":[],"class_list":["post-14385","post","type-post","status-publish","format-standard","has-post-thumbnail","","category-tecnologia"],"_links":{"self":[{"href":"https:\/\/noticiasveraces.com\/index.php?rest_route=\/wp\/v2\/posts\/14385","targetHints":{"allow":["GET"]}}],"collection":[{"href":"https:\/\/noticiasveraces.com\/index.php?rest_route=\/wp\/v2\/posts"}],"about":[{"href":"https:\/\/noticiasveraces.com\/index.php?rest_route=\/wp\/v2\/types\/post"}],"author":[{"embeddable":true,"href":"https:\/\/noticiasveraces.com\/index.php?rest_route=\/wp\/v2\/users\/1"}],"replies":[{"embeddable":true,"href":"https:\/\/noticiasveraces.com\/index.php?rest_route=%2Fwp%2Fv2%2Fcomments&post=14385"}],"version-history":[{"count":0,"href":"https:\/\/noticiasveraces.com\/index.php?rest_route=\/wp\/v2\/posts\/14385\/revisions"}],"wp:featuredmedia":[{"embeddable":true,"href":"https:\/\/noticiasveraces.com\/index.php?rest_route=\/wp\/v2\/media\/14387"}],"wp:attachment":[{"href":"https:\/\/noticiasveraces.com\/index.php?rest_route=%2Fwp%2Fv2%2Fmedia&parent=14385"}],"wp:term":[{"taxonomy":"category","embeddable":true,"href":"https:\/\/noticiasveraces.com\/index.php?rest_route=%2Fwp%2Fv2%2Fcategories&post=14385"},{"taxonomy":"post_tag","embeddable":true,"href":"https:\/\/noticiasveraces.com\/index.php?rest_route=%2Fwp%2Fv2%2Ftags&post=14385"}],"curies":[{"name":"wp","href":"https:\/\/api.w.org\/{rel}","templated":true}]}}