{"id":14374,"date":"2025-02-12T13:29:08","date_gmt":"2025-02-12T17:29:08","guid":{"rendered":"https:\/\/noticiasveraces.com\/?p=14374"},"modified":"2025-02-12T13:29:08","modified_gmt":"2025-02-12T17:29:08","slug":"la-ons-detiene-el-trabajo-humanitario-en-la-fortaleza-huti-de-yemen-despues-de-las-detenciones-del-personal","status":"publish","type":"post","link":"https:\/\/noticiasveraces.com\/?p=14374","title":{"rendered":"La ONS detiene el trabajo humanitario en la fortaleza hut\u00ed de Yemen despu\u00e9s de las detenciones del personal"},"content":{"rendered":"<p> \n<\/p>\n<div>\n<p class=\"speakable\">Las Naciones Unidas dijeron el lunes que suspendi\u00f3 sus operaciones humanitarias en la fortaleza de los rebeldes hut\u00edes de Yemen despu\u00e9s de detener a ocho empleados m\u00e1s de la ONU, afectando la respuesta global a uno de los peores desastres humanitarios del mundo.<\/p>\n<p class=\"speakable\">En una declaraci\u00f3n, la ONU dijo que la decisi\u00f3n \u00abextraordinaria\u00bb de detener todas las operaciones y programas en la provincia del norte de Saada se debi\u00f3 a la falta de condiciones y garant\u00edas de seguridad necesarias.<\/p>\n<p>Un portavoz de los Houthis no respondi\u00f3 de inmediato a los mensajes que buscan comentarios.<\/p>\n<div class=\"image-ct inline\">\n<div class=\"m\"><picture><source media=\"(max-width: 767px)\" srcset=\"https:\/\/a57.foxnews.com\/static.foxnews.com\/foxnews.com\/content\/uploads\/2025\/02\/343\/192\/yemen-1.jpg?ve=1&amp;tl=1, https:\/\/a57.foxnews.com\/static.foxnews.com\/foxnews.com\/content\/uploads\/2025\/02\/686\/384\/yemen-1.jpg?ve=1&amp;tl=1 2x\" height=\"192\" width=\"343\"><source media=\"(min-width: 768px) and (max-width: 1023px)\" srcset=\"https:\/\/a57.foxnews.com\/static.foxnews.com\/foxnews.com\/content\/uploads\/2025\/02\/672\/378\/yemen-1.jpg?ve=1&amp;tl=1, https:\/\/a57.foxnews.com\/static.foxnews.com\/foxnews.com\/content\/uploads\/2025\/02\/1344\/756\/yemen-1.jpg?ve=1&amp;tl=1 2x\" height=\"378\" width=\"672\"><source media=\"(min-width: 1024px) and (max-width: 1279px)\" srcset=\"https:\/\/a57.foxnews.com\/static.foxnews.com\/foxnews.com\/content\/uploads\/2025\/02\/931\/523\/yemen-1.jpg?ve=1&amp;tl=1, https:\/\/a57.foxnews.com\/static.foxnews.com\/foxnews.com\/content\/uploads\/2025\/02\/1862\/1046\/yemen-1.jpg?ve=1&amp;tl=1 2x\" height=\"523\" width=\"931\"><source media=\"(min-width: 1280px)\" srcset=\"https:\/\/a57.foxnews.com\/static.foxnews.com\/foxnews.com\/content\/uploads\/2025\/02\/720\/405\/yemen-1.jpg?ve=1&amp;tl=1, https:\/\/a57.foxnews.com\/static.foxnews.com\/foxnews.com\/content\/uploads\/2025\/02\/1440\/810\/yemen-1.jpg?ve=1&amp;tl=1 2x\" height=\"405\" width=\"720\"><img loading=\"lazy\" decoding=\"async\" src=\"https:\/\/a57.foxnews.com\/static.foxnews.com\/foxnews.com\/content\/uploads\/2025\/02\/1200\/675\/yemen-1.jpg?ve=1&amp;tl=1\" alt=\"Un mapa para ubicar a Yemen\" width=\"1200\" height=\"675\"\/><\/source><\/source><\/source><\/source><\/picture><\/div>\n<div class=\"info\">\n<div class=\"caption\">\n<p><span>Este es un mapa de localizaci\u00f3n para Yemen con su capital, Sanaa.<\/span> <span>(Associated Press)<\/span><\/p>\n<\/div>\n<\/div>\n<\/div>\n<p><strong>El Jefe de la ONU sona la alarma en medio de temores sobre posibles recortes inspirados en dux despu\u00e9s de la orden de Trump<\/strong><\/p>\n<p>Los rebeldes en los \u00faltimos meses han detenido a docenas de empleados de la ONU, as\u00ed como personas asociadas con grupos de ayuda, la sociedad civil y la embajada de los Estados Unidos una vez abierta en Sanaa, la capital de Yemen. Ninguno de los empleados de la ONU ha sido liberado.<\/p>\n<p>La declaraci\u00f3n de la ONU dijo que la pausa en las operaciones est\u00e1 destinada a dar tiempo a los hut\u00edes y al cuerpo mundial para \u00aborganizar la liberaci\u00f3n del personal de la ONU arbitrariamente detenido y garantizar que las condiciones necesarias est\u00e9n vigentes para brindar apoyo humanitario cr\u00edtico\u00bb en \u00e1reas controladas por los rebeldes.<\/p>\n<p>Dijo que los \u00faltimos empleados detenidos de la ONU, tomados a fines del mes pasado, incluyeron seis trabajando en Saada, en la frontera norte de Yemen con Arabia Saudita.<\/p>\n<div class=\"image-ct inline\">\n<div class=\"m\"><picture><source media=\"(max-width: 767px)\" srcset=\"https:\/\/a57.foxnews.com\/static.foxnews.com\/foxnews.com\/content\/uploads\/2024\/08\/343\/192\/GettyImages-2161729346-scaled.jpg?ve=1&amp;tl=1, https:\/\/a57.foxnews.com\/static.foxnews.com\/foxnews.com\/content\/uploads\/2024\/08\/686\/384\/GettyImages-2161729346-scaled.jpg?ve=1&amp;tl=1 2x\" height=\"192\" width=\"343\"><source media=\"(min-width: 768px) and (max-width: 1023px)\" srcset=\"https:\/\/a57.foxnews.com\/static.foxnews.com\/foxnews.com\/content\/uploads\/2024\/08\/672\/378\/GettyImages-2161729346-scaled.jpg?ve=1&amp;tl=1, https:\/\/a57.foxnews.com\/static.foxnews.com\/foxnews.com\/content\/uploads\/2024\/08\/1344\/756\/GettyImages-2161729346-scaled.jpg?ve=1&amp;tl=1 2x\" height=\"378\" width=\"672\"><source media=\"(min-width: 1024px) and (max-width: 1279px)\" srcset=\"https:\/\/a57.foxnews.com\/static.foxnews.com\/foxnews.com\/content\/uploads\/2024\/08\/931\/523\/GettyImages-2161729346-scaled.jpg?ve=1&amp;tl=1, https:\/\/a57.foxnews.com\/static.foxnews.com\/foxnews.com\/content\/uploads\/2024\/08\/1862\/1046\/GettyImages-2161729346-scaled.jpg?ve=1&amp;tl=1 2x\" height=\"523\" width=\"931\"><source media=\"(min-width: 1280px)\" srcset=\"https:\/\/a57.foxnews.com\/static.foxnews.com\/foxnews.com\/content\/uploads\/2024\/08\/720\/405\/GettyImages-2161729346-scaled.jpg?ve=1&amp;tl=1, https:\/\/a57.foxnews.com\/static.foxnews.com\/foxnews.com\/content\/uploads\/2024\/08\/1440\/810\/GettyImages-2161729346-scaled.jpg?ve=1&amp;tl=1 2x\" height=\"405\" width=\"720\"><img loading=\"lazy\" decoding=\"async\" src=\"https:\/\/a57.foxnews.com\/static.foxnews.com\/foxnews.com\/content\/uploads\/2024\/08\/1200\/675\/GettyImages-2161729346-scaled.jpg?ve=1&amp;tl=1\" alt=\"Fachada de las Naciones Unidas\" width=\"1200\" height=\"675\"\/><\/source><\/source><\/source><\/source><\/picture><\/div>\n<div class=\"info\">\n<div class=\"caption\">\n<p><span>Una vista del edificio de la sede de las Naciones Unidas en la ciudad de Nueva York, Estados Unidos, el 16 de julio de 2024.<\/span> <span>(Jakub Porzycki\/Nurphoto a trav\u00e9s de Getty Images)<\/span><\/p>\n<\/div>\n<\/div>\n<\/div>\n<p><strong>EE. UU. Strikes Underground Houthi Wouthi Depots sol\u00edan golpear barcos estadounidenses<\/strong><\/p>\n<p>Siete agencias de la ONU operan en Saada, incluido el Programa Mundial de Alimentos, la Organizaci\u00f3n Mundial de la Salud y UNICEF, junto con varias organizaciones de ayuda internacional, seg\u00fan la Agencia Humanitaria de la ONU.<\/p>\n<p>La ONU a fines del mes pasado suspendi\u00f3 todos los viajes a las \u00e1reas controladas por Houthi.<\/p>\n<p>La guerra en Yemen ha matado a m\u00e1s de 150,000 personas, incluidos combatientes y civiles. Los hut\u00edes respaldados por iran\u00ed han estado luchando contra el gobierno reconocido internacionalmente de Yemen, que est\u00e1 respaldado por una coalici\u00f3n liderada por Saudi, desde 2014, cuando descendieron de su fortaleza en Saada y tomaron el control de Sanaa y la mayor parte del norte.<\/p>\n<p>La ONU hab\u00eda proyectado que m\u00e1s de 19 millones de personas en Yemen necesitar\u00e1n asistencia humanitaria este a\u00f1o, ya que muchos tratan con los choques clim\u00e1ticos, la desnutrici\u00f3n, el c\u00f3lera y los efectos econ\u00f3micos de la guerra.<\/p>\n<div class=\"image-ct inline\">\n<div class=\"m\"><picture><source media=\"(max-width: 767px)\" srcset=\"https:\/\/a57.foxnews.com\/static.foxnews.com\/foxnews.com\/content\/uploads\/2024\/12\/343\/192\/israel-airstrike-yemen.jpg?ve=1&amp;tl=1, https:\/\/a57.foxnews.com\/static.foxnews.com\/foxnews.com\/content\/uploads\/2024\/12\/686\/384\/israel-airstrike-yemen.jpg?ve=1&amp;tl=1 2x\" height=\"192\" width=\"343\"><source media=\"(min-width: 768px) and (max-width: 1023px)\" srcset=\"https:\/\/a57.foxnews.com\/static.foxnews.com\/foxnews.com\/content\/uploads\/2024\/12\/672\/378\/israel-airstrike-yemen.jpg?ve=1&amp;tl=1, https:\/\/a57.foxnews.com\/static.foxnews.com\/foxnews.com\/content\/uploads\/2024\/12\/1344\/756\/israel-airstrike-yemen.jpg?ve=1&amp;tl=1 2x\" height=\"378\" width=\"672\"><source media=\"(min-width: 1024px) and (max-width: 1279px)\" srcset=\"https:\/\/a57.foxnews.com\/static.foxnews.com\/foxnews.com\/content\/uploads\/2024\/12\/931\/523\/israel-airstrike-yemen.jpg?ve=1&amp;tl=1, https:\/\/a57.foxnews.com\/static.foxnews.com\/foxnews.com\/content\/uploads\/2024\/12\/1862\/1046\/israel-airstrike-yemen.jpg?ve=1&amp;tl=1 2x\" height=\"523\" width=\"931\"><source media=\"(min-width: 1280px)\" srcset=\"https:\/\/a57.foxnews.com\/static.foxnews.com\/foxnews.com\/content\/uploads\/2024\/12\/720\/405\/israel-airstrike-yemen.jpg?ve=1&amp;tl=1, https:\/\/a57.foxnews.com\/static.foxnews.com\/foxnews.com\/content\/uploads\/2024\/12\/1440\/810\/israel-airstrike-yemen.jpg?ve=1&amp;tl=1 2x\" height=\"405\" width=\"720\"><img loading=\"lazy\" decoding=\"async\" src=\"https:\/\/a57.foxnews.com\/static.foxnews.com\/foxnews.com\/content\/uploads\/2024\/12\/1200\/675\/israel-airstrike-yemen.jpg?ve=1&amp;tl=1\" alt=\"El humo se eleva desde el aeropuerto de Sana'a en Yemen despu\u00e9s de los ataques a\u00e9reos israel\u00edes en el \u00e1rea\" width=\"1200\" height=\"675\"\/><\/source><\/source><\/source><\/source><\/picture><\/div>\n<div class=\"info\">\n<div class=\"caption\">\n<p><span>El humo negro se eleva cerca del aeropuerto internacional de Sana&#8217;a en Yemen despu\u00e9s de que reportaron ataques israel\u00edes.<\/span> <span>(Reuters)<\/span><\/p>\n<\/div>\n<\/div>\n<\/div>\n<p><strong><u>Haga clic aqu\u00ed para obtener la aplicaci\u00f3n Fox News<\/u><\/strong><\/p>\n<p>Los rebeldes han encarcelado a miles de personas durante la guerra. En los \u00faltimos meses, tambi\u00e9n intensificaron su represi\u00f3n contra la disidencia, incluida la recientemente sentencia de 44 personas hasta la muerte.<\/p>\n<p>En enero, los hut\u00edes liberaron a 153 detenidos de guerra unilateralmente como una de varias oberturas para aliviar las tensiones despu\u00e9s del alto el fuego en la Guerra de Israel-Hamas en Gaza. Tales lanzamientos de prisioneros han sido vistos como un medio para impulsar las conversaciones sobre la guerra de Yemen de Yemen.<\/p>\n<p> <!----> <!----><\/div>\n\n","protected":false},"excerpt":{"rendered":"<p>Las Naciones Unidas dijeron el lunes que suspendi\u00f3 sus operaciones humanitarias en la fortaleza de los rebeldes hut\u00edes de Yemen despu\u00e9s de detener a ocho empleados m\u00e1s de la ONU, afectando la respuesta global a uno de los peores desastres humanitarios del mundo. En una declaraci\u00f3n, la ONU dijo que la decisi\u00f3n \u00abextraordinaria\u00bb de detener &hellip;<\/p>\n","protected":false},"author":1,"featured_media":14376,"comment_status":"open","ping_status":"open","sticky":false,"template":"","format":"standard","meta":{"fifu_image_url":"https:\/\/static.foxnews.com\/foxnews.com\/content\/uploads\/2025\/02\/yemen-1.jpg","fifu_image_alt":"","footnotes":""},"categories":[13],"tags":[],"class_list":["post-14374","post","type-post","status-publish","format-standard","has-post-thumbnail","","category-mundo"],"_links":{"self":[{"href":"https:\/\/noticiasveraces.com\/index.php?rest_route=\/wp\/v2\/posts\/14374","targetHints":{"allow":["GET"]}}],"collection":[{"href":"https:\/\/noticiasveraces.com\/index.php?rest_route=\/wp\/v2\/posts"}],"about":[{"href":"https:\/\/noticiasveraces.com\/index.php?rest_route=\/wp\/v2\/types\/post"}],"author":[{"embeddable":true,"href":"https:\/\/noticiasveraces.com\/index.php?rest_route=\/wp\/v2\/users\/1"}],"replies":[{"embeddable":true,"href":"https:\/\/noticiasveraces.com\/index.php?rest_route=%2Fwp%2Fv2%2Fcomments&post=14374"}],"version-history":[{"count":0,"href":"https:\/\/noticiasveraces.com\/index.php?rest_route=\/wp\/v2\/posts\/14374\/revisions"}],"wp:featuredmedia":[{"embeddable":true,"href":"https:\/\/noticiasveraces.com\/index.php?rest_route=\/wp\/v2\/media\/14376"}],"wp:attachment":[{"href":"https:\/\/noticiasveraces.com\/index.php?rest_route=%2Fwp%2Fv2%2Fmedia&parent=14374"}],"wp:term":[{"taxonomy":"category","embeddable":true,"href":"https:\/\/noticiasveraces.com\/index.php?rest_route=%2Fwp%2Fv2%2Fcategories&post=14374"},{"taxonomy":"post_tag","embeddable":true,"href":"https:\/\/noticiasveraces.com\/index.php?rest_route=%2Fwp%2Fv2%2Ftags&post=14374"}],"curies":[{"name":"wp","href":"https:\/\/api.w.org\/{rel}","templated":true}]}}