{"id":14360,"date":"2025-02-12T10:20:15","date_gmt":"2025-02-12T14:20:15","guid":{"rendered":"https:\/\/noticiasveraces.com\/?p=14360"},"modified":"2025-02-12T10:20:15","modified_gmt":"2025-02-12T14:20:15","slug":"alemania-prorroga-seis-meses-el-control-de-sus-fronteras-dw-12-02-2025","status":"publish","type":"post","link":"https:\/\/noticiasveraces.com\/?p=14360","title":{"rendered":"Alemania Prorroga SEIS MESES EL CONTROL DE SUS FRONTERAS &#8211; DW &#8211; 12\/02\/2025"},"content":{"rendered":"<p> \n<\/p>\n<div>\n<p>POCO ANTES DE LAS ELECCIONES GENERALES, El Gobierno de Alemania ha Prorrogado Seis Meses m\u00e1s los controles en Todas las Fronteras Exteriores del Pa\u00eds. \u00abCon los controles Fronterizos Estamos Frenando la Inmigraco Irregular\u00bb, Explic\u00f3 El Canciller, Olaf Scholz, del Partido Socialdem\u00f3crata Spd.<\/p>\n<p>Los Controles se introdujeron en Todas las Fronteras Almasas A Mediados de Septiembre de 2024. Anteriormento, Se Llevaban un director de Cabo en Los L\u00edmites Orientales del Pa\u00eds. <\/p>\n<h2>Anuncio Antes de las eleciones<\/h2>\n<p>La Comisi\u00f3n Europea Ya Ha Sido Informada de la Extensi\u00f3n de la Medida de Control. Alemania \u00abSigue Actuando en Estrecha Coordinaci\u00f3n Con nuestros Pa\u00edses Vecinos, Sin lllevar a Cabo Peligrosos Esfuerzos Nacionales en Solitario y Acuerdo Con la Legisl\u00e1cico Europea\u00bb, Explic\u00f3 en Un Comunicado La Ministra del Interior, nancy Faeser.<\/p>\n<p>En Realidad, La anterior Orden de Control Fronterizo no Expiraba Hasta El 15 de Marzo. Al Hacer El Anuncio de la Pr\u00f3rroga A Primera Hora del Mi\u00e9rcoles (12.2.2025), El Gobierno eligi\u00f3 una fecha anterior A Las Elecciones al Bundestag del 23 de Febero. La migraci\u00f3n irregular es uno de los tempas Clave de la Campa\u00f1a Electoral. La CDU\/CSU, AFD, FDP Y BSW ACUSAN AL GOBIERNO DE SCHOLZ DE HACER DEMASIADO POCO EN ESTE \u00c1MBITO.<\/p>\n<p>MS (DPA\/AFP)<\/p>\n<\/p>\n<\/p>\n<\/div>\n\n","protected":false},"excerpt":{"rendered":"<p>POCO ANTES DE LAS ELECCIONES GENERALES, El Gobierno de Alemania ha Prorrogado Seis Meses m\u00e1s los controles en Todas las Fronteras Exteriores del Pa\u00eds. \u00abCon los controles Fronterizos Estamos Frenando la Inmigraco Irregular\u00bb, Explic\u00f3 El Canciller, Olaf Scholz, del Partido Socialdem\u00f3crata Spd. Los Controles se introdujeron en Todas las Fronteras Almasas A Mediados de Septiembre &hellip;<\/p>\n","protected":false},"author":1,"featured_media":14361,"comment_status":"open","ping_status":"open","sticky":false,"template":"","format":"standard","meta":{"fifu_image_url":"https:\/\/static.dw.com\/image\/71584621_6.jpg","fifu_image_alt":"","footnotes":""},"categories":[13],"tags":[],"class_list":["post-14360","post","type-post","status-publish","format-standard","has-post-thumbnail","","category-mundo"],"_links":{"self":[{"href":"https:\/\/noticiasveraces.com\/index.php?rest_route=\/wp\/v2\/posts\/14360","targetHints":{"allow":["GET"]}}],"collection":[{"href":"https:\/\/noticiasveraces.com\/index.php?rest_route=\/wp\/v2\/posts"}],"about":[{"href":"https:\/\/noticiasveraces.com\/index.php?rest_route=\/wp\/v2\/types\/post"}],"author":[{"embeddable":true,"href":"https:\/\/noticiasveraces.com\/index.php?rest_route=\/wp\/v2\/users\/1"}],"replies":[{"embeddable":true,"href":"https:\/\/noticiasveraces.com\/index.php?rest_route=%2Fwp%2Fv2%2Fcomments&post=14360"}],"version-history":[{"count":0,"href":"https:\/\/noticiasveraces.com\/index.php?rest_route=\/wp\/v2\/posts\/14360\/revisions"}],"wp:featuredmedia":[{"embeddable":true,"href":"https:\/\/noticiasveraces.com\/index.php?rest_route=\/wp\/v2\/media\/14361"}],"wp:attachment":[{"href":"https:\/\/noticiasveraces.com\/index.php?rest_route=%2Fwp%2Fv2%2Fmedia&parent=14360"}],"wp:term":[{"taxonomy":"category","embeddable":true,"href":"https:\/\/noticiasveraces.com\/index.php?rest_route=%2Fwp%2Fv2%2Fcategories&post=14360"},{"taxonomy":"post_tag","embeddable":true,"href":"https:\/\/noticiasveraces.com\/index.php?rest_route=%2Fwp%2Fv2%2Ftags&post=14360"}],"curies":[{"name":"wp","href":"https:\/\/api.w.org\/{rel}","templated":true}]}}