{"id":14331,"date":"2025-02-12T06:06:59","date_gmt":"2025-02-12T10:06:59","guid":{"rendered":"https:\/\/noticiasveraces.com\/?p=14331"},"modified":"2025-02-12T06:06:59","modified_gmt":"2025-02-12T10:06:59","slug":"los-trabajadores-de-la-salud-australianos-amenazan-al-hombre-israeli-afirman-haber-matado-a-los-judios-bajo-su-cuidado","status":"publish","type":"post","link":"https:\/\/noticiasveraces.com\/?p=14331","title":{"rendered":"Los trabajadores de la salud australianos amenazan al hombre israel\u00ed, afirman haber matado a los jud\u00edos bajo su cuidado"},"content":{"rendered":"<p> \n<\/p>\n<div>\n<p class=\"speakable\">Dos trabajadores de la salud australianos est\u00e1n siendo investigados despu\u00e9s de amenazar con matar a un hombre israel\u00ed en la c\u00e1mara, alegando que hab\u00edan matado previamente a los jud\u00edos bajo su cuidado.<\/p>\n<p class=\"speakable\">El hombre y la mujer, que dijeron que eran m\u00e9dicos, hablaron con el hombre a trav\u00e9s de Chatrouletka, un sitio web donde los extra\u00f1os se emparejan internacionalmente para tener conversaciones.<\/p>\n<p>Despu\u00e9s de que el hombre israel\u00ed revel\u00f3 su nacionalidad, la trabajadora dijo: \u00abEs el pa\u00eds de Palentine, no su pa\u00eds, usted &#8212;\u00ab, seg\u00fan el video.<\/p>\n<div class=\"image-ct inline\">\n<div class=\"m\"><picture><source media=\"(max-width: 767px)\" srcset=\"https:\/\/a57.foxnews.com\/static.foxnews.com\/foxnews.com\/content\/uploads\/2023\/09\/343\/192\/babymeth3.png?ve=1&amp;tl=1, https:\/\/a57.foxnews.com\/static.foxnews.com\/foxnews.com\/content\/uploads\/2023\/09\/686\/384\/babymeth3.png?ve=1&amp;tl=1 2x\" height=\"192\" width=\"343\"><source media=\"(min-width: 768px) and (max-width: 1023px)\" srcset=\"https:\/\/a57.foxnews.com\/static.foxnews.com\/foxnews.com\/content\/uploads\/2023\/09\/672\/378\/babymeth3.png?ve=1&amp;tl=1, https:\/\/a57.foxnews.com\/static.foxnews.com\/foxnews.com\/content\/uploads\/2023\/09\/1344\/756\/babymeth3.png?ve=1&amp;tl=1 2x\" height=\"378\" width=\"672\"><source media=\"(min-width: 1024px) and (max-width: 1279px)\" srcset=\"https:\/\/a57.foxnews.com\/static.foxnews.com\/foxnews.com\/content\/uploads\/2023\/09\/931\/523\/babymeth3.png?ve=1&amp;tl=1, https:\/\/a57.foxnews.com\/static.foxnews.com\/foxnews.com\/content\/uploads\/2023\/09\/1862\/1046\/babymeth3.png?ve=1&amp;tl=1 2x\" height=\"523\" width=\"931\"><source media=\"(min-width: 1280px)\" srcset=\"https:\/\/a57.foxnews.com\/static.foxnews.com\/foxnews.com\/content\/uploads\/2023\/09\/720\/405\/babymeth3.png?ve=1&amp;tl=1, https:\/\/a57.foxnews.com\/static.foxnews.com\/foxnews.com\/content\/uploads\/2023\/09\/1440\/810\/babymeth3.png?ve=1&amp;tl=1 2x\" height=\"405\" width=\"720\"><img loading=\"lazy\" decoding=\"async\" src=\"https:\/\/a57.foxnews.com\/static.foxnews.com\/foxnews.com\/content\/uploads\/2023\/09\/1200\/675\/babymeth3.png?ve=1&amp;tl=1\" alt=\"Sydney, Australia\" width=\"1200\" height=\"675\"\/><\/source><\/source><\/source><\/source><\/picture><\/div>\n<div class=\"info\">\n<div class=\"caption\">\n<p><span>Skyline of Sydney, Australia, que es la capital de Nueva Gales del Sur (Foto de Alexi Rosenfeld\/Getty Images)<\/span> <span>(Getty)<\/span><\/p>\n<\/div>\n<\/div>\n<\/div>\n<p><strong><u>Ni\u00f1os jud\u00edos, adolescentes atacados violentamente en Londres: \u00ablas calles ya no son seguras\u00bb<\/u><\/strong><\/p>\n<p>Cuando el hombre israel\u00ed pidi\u00f3 paz, la conversaci\u00f3n se intensific\u00f3 y la mujer dijo: \u00abCuando llegue el momento, quiero que recuerdes mi cara, para que puedas entender que morir\u00e1s la muerte m\u00e1s repugnante\u00bb.<\/p>\n<p>La pareja continu\u00f3 diciendo que no tratar\u00edan al hombre, y lo matar\u00edan si viniera a su hospital.<\/p>\n<p>El hombre de Scrubs dijo: \u00abNo tienes idea de cu\u00e1ntos israel\u00edes vinieron a este hospital y &#8230;\u00bb mientras deslizaba su brazo sobre su cuello en un movimiento de corte de garganta.<\/p>\n<div class=\"image-ct inline\">\n<div class=\"m\"><picture><source media=\"(max-width: 767px)\" srcset=\"https:\/\/a57.foxnews.com\/static.foxnews.com\/foxnews.com\/content\/uploads\/2024\/05\/343\/192\/China-Australia-jet-incident.jpg?ve=1&amp;tl=1, https:\/\/a57.foxnews.com\/static.foxnews.com\/foxnews.com\/content\/uploads\/2024\/05\/686\/384\/China-Australia-jet-incident.jpg?ve=1&amp;tl=1 2x\" height=\"192\" width=\"343\"><source media=\"(min-width: 768px) and (max-width: 1023px)\" srcset=\"https:\/\/a57.foxnews.com\/static.foxnews.com\/foxnews.com\/content\/uploads\/2024\/05\/672\/378\/China-Australia-jet-incident.jpg?ve=1&amp;tl=1, https:\/\/a57.foxnews.com\/static.foxnews.com\/foxnews.com\/content\/uploads\/2024\/05\/1344\/756\/China-Australia-jet-incident.jpg?ve=1&amp;tl=1 2x\" height=\"378\" width=\"672\"><source media=\"(min-width: 1024px) and (max-width: 1279px)\" srcset=\"https:\/\/a57.foxnews.com\/static.foxnews.com\/foxnews.com\/content\/uploads\/2024\/05\/931\/523\/China-Australia-jet-incident.jpg?ve=1&amp;tl=1, https:\/\/a57.foxnews.com\/static.foxnews.com\/foxnews.com\/content\/uploads\/2024\/05\/1862\/1046\/China-Australia-jet-incident.jpg?ve=1&amp;tl=1 2x\" height=\"523\" width=\"931\"><source media=\"(min-width: 1280px)\" srcset=\"https:\/\/a57.foxnews.com\/static.foxnews.com\/foxnews.com\/content\/uploads\/2024\/05\/720\/405\/China-Australia-jet-incident.jpg?ve=1&amp;tl=1, https:\/\/a57.foxnews.com\/static.foxnews.com\/foxnews.com\/content\/uploads\/2024\/05\/1440\/810\/China-Australia-jet-incident.jpg?ve=1&amp;tl=1 2x\" height=\"405\" width=\"720\"><img loading=\"lazy\" decoding=\"async\" src=\"https:\/\/a57.foxnews.com\/static.foxnews.com\/foxnews.com\/content\/uploads\/2024\/05\/1200\/675\/China-Australia-jet-incident.jpg?ve=1&amp;tl=1\" alt=\"Primer ministro australiano Anthony Albanese\" width=\"1200\" height=\"675\"\/><\/source><\/source><\/source><\/source><\/picture><\/div>\n<div class=\"info\">\n<div class=\"caption\">\n<p><span>El primer ministro australiano Anthony Albanese (Centro) da un discurso a la plenario de los l\u00edderes durante la Cumbre Especial de Asean-Australia de 2024 en el Centro de Convenciones y Exposiciones de Melbourne en Melbourne, Australia, 6 de marzo de 2024. <\/span> <span>(Joel Carrett\/ Pool a trav\u00e9s de Reuters\/ File Photo)<\/span><\/p>\n<\/div>\n<\/div>\n<\/div>\n<p>El primer ministro de Nueva Gales del Sur, Chris Minns, confirm\u00f3 que las dos personas son trabajadores en el Hospital Bankstown.<\/p>\n<p>Minns y el primer ministro de Australia, Anthony Albanese, confirmaron que la pareja fue identificada r\u00e1pidamente y fueron \u00abretiradas\u00bb por las autoridades de Nueva Gales del Sur. <\/p>\n<p>\u00abLos han remitido con raz\u00f3n a la polic\u00eda de NSW para una investigaci\u00f3n criminal\u00bb, escribi\u00f3 Albanese en un comunicado el martes sobre X. \u00abLas personas que han cometido actos antisemitas criminales enfrentar\u00e1n toda la fuerza de nuestras leyes\u00bb.<\/p>\n<div class=\"image-ct inline\">\n<div class=\"m\"><picture><source media=\"(max-width: 767px)\" srcset=\"https:\/\/a57.foxnews.com\/static.foxnews.com\/foxnews.com\/content\/uploads\/2024\/12\/343\/192\/gettyimages-2188481636.jpg?ve=1&amp;tl=1, https:\/\/a57.foxnews.com\/static.foxnews.com\/foxnews.com\/content\/uploads\/2024\/12\/686\/384\/gettyimages-2188481636.jpg?ve=1&amp;tl=1 2x\" height=\"192\" width=\"343\"><source media=\"(min-width: 768px) and (max-width: 1023px)\" srcset=\"https:\/\/a57.foxnews.com\/static.foxnews.com\/foxnews.com\/content\/uploads\/2024\/12\/672\/378\/gettyimages-2188481636.jpg?ve=1&amp;tl=1, https:\/\/a57.foxnews.com\/static.foxnews.com\/foxnews.com\/content\/uploads\/2024\/12\/1344\/756\/gettyimages-2188481636.jpg?ve=1&amp;tl=1 2x\" height=\"378\" width=\"672\"><source media=\"(min-width: 1024px) and (max-width: 1279px)\" srcset=\"https:\/\/a57.foxnews.com\/static.foxnews.com\/foxnews.com\/content\/uploads\/2024\/12\/931\/523\/gettyimages-2188481636.jpg?ve=1&amp;tl=1, https:\/\/a57.foxnews.com\/static.foxnews.com\/foxnews.com\/content\/uploads\/2024\/12\/1862\/1046\/gettyimages-2188481636.jpg?ve=1&amp;tl=1 2x\" height=\"523\" width=\"931\"><source media=\"(min-width: 1280px)\" srcset=\"https:\/\/a57.foxnews.com\/static.foxnews.com\/foxnews.com\/content\/uploads\/2024\/12\/720\/405\/gettyimages-2188481636.jpg?ve=1&amp;tl=1, https:\/\/a57.foxnews.com\/static.foxnews.com\/foxnews.com\/content\/uploads\/2024\/12\/1440\/810\/gettyimages-2188481636.jpg?ve=1&amp;tl=1 2x\" height=\"405\" width=\"720\"><img loading=\"lazy\" decoding=\"async\" src=\"https:\/\/a57.foxnews.com\/static.foxnews.com\/foxnews.com\/content\/uploads\/2024\/12\/1200\/675\/gettyimages-2188481636.jpg?ve=1&amp;tl=1\" alt=\"Los miembros de la sinagoga recuperan elementos de la sinagoga de Adass Israel el 6 de diciembre de 2024 en Melbourne, Australia despu\u00e9s de un ataque incendio.\" width=\"1200\" height=\"675\"\/><\/source><\/source><\/source><\/source><\/picture><\/div>\n<div class=\"info\">\n<div class=\"caption\">\n<p><span>Melbourne, Australia &#8211; 06 de diciembre: los miembros de la sinagoga recuperan art\u00edculos de la sinagoga de Adass Israel el 6 de diciembre de 2024 en Melbourne, Australia. Un ataque de incendio a incendios a la sinagoga de Adass Israel en Melbourne oblig\u00f3 a los congregantes a huir mientras las llamas envolvieron el edificio temprano el viernes por la ma\u00f1ana. El primer ministro Anthony Albanese conden\u00f3 el incidente como un acto antisemita, enfatizando que tal violencia en un lugar de culto es inaceptable en Australia.<\/span> <span>(Foto de Asanka Ratnayake\/Getty Images)<\/span><\/p>\n<\/div>\n<\/div>\n<\/div>\n<p>Albanese describi\u00f3 los comentarios como \u00abviles\u00bb y conden\u00f3 las acciones de los trabajadores de la salud.<\/p>\n<p>\u00abEl video antisemita que circula hoy es asqueroso\u00bb, escribi\u00f3. \u00abEl metraje es repugnante y vergonzoso. Estos comentarios antisemitas, impulsados \u200b\u200bpor el odio, no tienen lugar en nuestro sistema de salud y no hay lugar en ning\u00fan lugar de Australia\u00bb.<\/p>\n<p>Una sinagoga fue bombardeada por el fuego en Melbourne el 6 de diciembre, que las autoridades ahora est\u00e1n investigando como un probable ataque terrorista. Otros informes indican que los autom\u00f3viles se han puesto en llamas y los edificios han sido destrozados en las comunidades jud\u00edas de Sydney.<\/p>\n<div class=\"image-ct inline\">\n<div class=\"m\"><picture><source media=\"(max-width: 767px)\" srcset=\"https:\/\/a57.foxnews.com\/static.foxnews.com\/foxnews.com\/content\/uploads\/2024\/12\/343\/192\/melbourne1.jpg?ve=1&amp;tl=1, https:\/\/a57.foxnews.com\/static.foxnews.com\/foxnews.com\/content\/uploads\/2024\/12\/686\/384\/melbourne1.jpg?ve=1&amp;tl=1 2x\" height=\"192\" width=\"343\"><source media=\"(min-width: 768px) and (max-width: 1023px)\" srcset=\"https:\/\/a57.foxnews.com\/static.foxnews.com\/foxnews.com\/content\/uploads\/2024\/12\/672\/378\/melbourne1.jpg?ve=1&amp;tl=1, https:\/\/a57.foxnews.com\/static.foxnews.com\/foxnews.com\/content\/uploads\/2024\/12\/1344\/756\/melbourne1.jpg?ve=1&amp;tl=1 2x\" height=\"378\" width=\"672\"><source media=\"(min-width: 1024px) and (max-width: 1279px)\" srcset=\"https:\/\/a57.foxnews.com\/static.foxnews.com\/foxnews.com\/content\/uploads\/2024\/12\/931\/523\/melbourne1.jpg?ve=1&amp;tl=1, https:\/\/a57.foxnews.com\/static.foxnews.com\/foxnews.com\/content\/uploads\/2024\/12\/1862\/1046\/melbourne1.jpg?ve=1&amp;tl=1 2x\" height=\"523\" width=\"931\"><source media=\"(min-width: 1280px)\" srcset=\"https:\/\/a57.foxnews.com\/static.foxnews.com\/foxnews.com\/content\/uploads\/2024\/12\/720\/405\/melbourne1.jpg?ve=1&amp;tl=1, https:\/\/a57.foxnews.com\/static.foxnews.com\/foxnews.com\/content\/uploads\/2024\/12\/1440\/810\/melbourne1.jpg?ve=1&amp;tl=1 2x\" height=\"405\" width=\"720\"><img loading=\"lazy\" decoding=\"async\" src=\"https:\/\/a57.foxnews.com\/static.foxnews.com\/foxnews.com\/content\/uploads\/2024\/12\/1200\/675\/melbourne1.jpg?ve=1&amp;tl=1\" alt=\"Sinagoga de Melbourne\" width=\"1200\" height=\"675\"\/><\/source><\/source><\/source><\/source><\/picture><\/div>\n<div class=\"info\">\n<div class=\"caption\">\n<p><span>Un miembro de la comunidad jud\u00eda recupera un art\u00edculo de la sinagoga de Adass Israel el 6 de diciembre de 2024 en Melbourne, Australia. Un ataque de incendio a incendios a la sinagoga de Adass Israel en Melbourne oblig\u00f3 a los congregantes a huir mientras las llamas envolvieron el edificio temprano el viernes por la ma\u00f1ana. El primer ministro Anthony Albanese conden\u00f3 el incidente como un acto antisemita, enfatizando que tal violencia en un lugar de culto es inaceptable en Australia. (Foto de Asanka Ratnayake\/Getty Images)<\/span> <span>(Asanka Ratnayake\/Getty Images))<\/span><\/p>\n<\/div>\n<\/div>\n<\/div>\n<p>El Consejo Ejecutivo de Jud\u00eda Australiana (ECAJ) report\u00f3 m\u00e1s de 2,000 incidentes antisemitas en Australia desde que los militantes palestinos atacaron a Israel el 7 de octubre de 2023. Los datos se recopilaron entre el 1 de octubre de 2023 y el 30 de septiembre de 2024.<\/p>\n<p>En una conferencia de prensa el martes, Alexander Ryvchin, copresidente ejecutivo de ECAJ, dijo que los miembros de la comunidad se han sentido inseguros en los hospitales australianos.<\/p>\n<p><strong><u>El peri\u00f3dico antisem\u00edtico de Columbia Group presenta la indignaci\u00f3n del legislador de Nueva York, mientras investiga la universidad<\/u><\/strong><\/p>\n<p>\u00abLos hospitales son un lugar donde la gente nunca debe sentirse insegura\u00bb, dijo Ryvchin. \u00abEs exactamente el contrario. La gente deber\u00eda sentirse completamente c\u00f3moda que sean tratadas en funci\u00f3n de su condici\u00f3n y humanidad, no de la manera que vimos en ese video\u00bb.<\/p>\n<p>Agreg\u00f3 que el incidente fue la \u00abpunta del iceberg\u00bb, y cree que hay muchos australianos con la misma ideolog\u00eda.<\/p>\n<div class=\"image-ct inline\">\n<div class=\"m\"><picture><source media=\"(max-width: 767px)\" srcset=\"https:\/\/a57.foxnews.com\/static.foxnews.com\/foxnews.com\/content\/uploads\/2024\/12\/343\/192\/melbourne2.jpg?ve=1&amp;tl=1, https:\/\/a57.foxnews.com\/static.foxnews.com\/foxnews.com\/content\/uploads\/2024\/12\/686\/384\/melbourne2.jpg?ve=1&amp;tl=1 2x\" height=\"192\" width=\"343\"><source media=\"(min-width: 768px) and (max-width: 1023px)\" srcset=\"https:\/\/a57.foxnews.com\/static.foxnews.com\/foxnews.com\/content\/uploads\/2024\/12\/672\/378\/melbourne2.jpg?ve=1&amp;tl=1, https:\/\/a57.foxnews.com\/static.foxnews.com\/foxnews.com\/content\/uploads\/2024\/12\/1344\/756\/melbourne2.jpg?ve=1&amp;tl=1 2x\" height=\"378\" width=\"672\"><source media=\"(min-width: 1024px) and (max-width: 1279px)\" srcset=\"https:\/\/a57.foxnews.com\/static.foxnews.com\/foxnews.com\/content\/uploads\/2024\/12\/931\/523\/melbourne2.jpg?ve=1&amp;tl=1, https:\/\/a57.foxnews.com\/static.foxnews.com\/foxnews.com\/content\/uploads\/2024\/12\/1862\/1046\/melbourne2.jpg?ve=1&amp;tl=1 2x\" height=\"523\" width=\"931\"><source media=\"(min-width: 1280px)\" srcset=\"https:\/\/a57.foxnews.com\/static.foxnews.com\/foxnews.com\/content\/uploads\/2024\/12\/720\/405\/melbourne2.jpg?ve=1&amp;tl=1, https:\/\/a57.foxnews.com\/static.foxnews.com\/foxnews.com\/content\/uploads\/2024\/12\/1440\/810\/melbourne2.jpg?ve=1&amp;tl=1 2x\" height=\"405\" width=\"720\"><img loading=\"lazy\" decoding=\"async\" src=\"https:\/\/a57.foxnews.com\/static.foxnews.com\/foxnews.com\/content\/uploads\/2024\/12\/1200\/675\/melbourne2.jpg?ve=1&amp;tl=1\" alt=\"Sinagoga de Melbourne\" width=\"1200\" height=\"675\"\/><\/source><\/source><\/source><\/source><\/picture><\/div>\n<div class=\"info\">\n<div class=\"caption\">\n<p><span>Los miembros de la comunidad jud\u00eda local analizan el da\u00f1o del incendio provocado en la sinagoga de Adass Israel el 6 de diciembre de 2024 en Melbourne, Australia. Un ataque de incendio a incendios a la sinagoga de Adass Israel en Melbourne oblig\u00f3 a los congregantes a huir mientras las llamas envolvieron el edificio temprano el viernes por la ma\u00f1ana. El primer ministro Anthony Albanese conden\u00f3 el incidente como un acto antisemita, enfatizando que tal violencia en un lugar de culto es inaceptable en Australia.<\/span> <span>(Asanka Ratnayake\/Getty Images)<\/span><\/p>\n<\/div>\n<\/div>\n<\/div>\n<p>\u00abEl antisemitismo se ha arraigado tristemente en Australia, y necesitamos expulsarlo en la ra\u00edz y la rama\u00bb, dijo Ryvchin. \u00abNecesita haber consecuencias\u00bb.<\/p>\n<p>El mi\u00e9rcoles, Australia promulg\u00f3 un proyecto de ley de cr\u00edmenes de odio que impon\u00eda sanciones m\u00ednimas obligatorias por ciertos delitos relacionados con el odio, incluidos seis a\u00f1os por delitos terroristas, tres a\u00f1os para financiar el terrorismo y un a\u00f1o para mostrar s\u00edmbolos de odio.<\/p>\n<p>\u00abHa habido instancias similares de tal comportamiento en Sydney y Perth, donde los perpetradores han sido condenados y solo se les ha dado una multa ficha\u00bb, escribi\u00f3 el Ecaj en un comunicado publicado en su sitio web. \u00abEso tambi\u00e9n es inaceptable porque los perpetradores consideran que tales multas son simplemente el costo de\u00bb hacer negocios \u00aby no como un elemento disuasorio real\u00bb.<\/p>\n<div class=\"image-ct inline\">\n<div class=\"m\"><picture><source media=\"(max-width: 767px)\" srcset=\"https:\/\/a57.foxnews.com\/static.foxnews.com\/foxnews.com\/content\/uploads\/2024\/11\/343\/192\/ap24312093266800.jpg?ve=1&amp;tl=1, https:\/\/a57.foxnews.com\/static.foxnews.com\/foxnews.com\/content\/uploads\/2024\/11\/686\/384\/ap24312093266800.jpg?ve=1&amp;tl=1 2x\" height=\"192\" width=\"343\"><source media=\"(min-width: 768px) and (max-width: 1023px)\" srcset=\"https:\/\/a57.foxnews.com\/static.foxnews.com\/foxnews.com\/content\/uploads\/2024\/11\/672\/378\/ap24312093266800.jpg?ve=1&amp;tl=1, https:\/\/a57.foxnews.com\/static.foxnews.com\/foxnews.com\/content\/uploads\/2024\/11\/1344\/756\/ap24312093266800.jpg?ve=1&amp;tl=1 2x\" height=\"378\" width=\"672\"><source media=\"(min-width: 1024px) and (max-width: 1279px)\" srcset=\"https:\/\/a57.foxnews.com\/static.foxnews.com\/foxnews.com\/content\/uploads\/2024\/11\/931\/523\/ap24312093266800.jpg?ve=1&amp;tl=1, https:\/\/a57.foxnews.com\/static.foxnews.com\/foxnews.com\/content\/uploads\/2024\/11\/1862\/1046\/ap24312093266800.jpg?ve=1&amp;tl=1 2x\" height=\"523\" width=\"931\"><source media=\"(min-width: 1280px)\" srcset=\"https:\/\/a57.foxnews.com\/static.foxnews.com\/foxnews.com\/content\/uploads\/2024\/11\/720\/405\/ap24312093266800.jpg?ve=1&amp;tl=1, https:\/\/a57.foxnews.com\/static.foxnews.com\/foxnews.com\/content\/uploads\/2024\/11\/1440\/810\/ap24312093266800.jpg?ve=1&amp;tl=1 2x\" height=\"405\" width=\"720\"><img loading=\"lazy\" decoding=\"async\" src=\"https:\/\/a57.foxnews.com\/static.foxnews.com\/foxnews.com\/content\/uploads\/2024\/11\/1200\/675\/ap24312093266800.jpg?ve=1&amp;tl=1\" alt=\"Anthony Albanese\" width=\"1200\" height=\"675\"\/><\/source><\/source><\/source><\/source><\/picture><\/div>\n<div class=\"info\">\n<div class=\"caption\">\n<p><span>El primer ministro australiano, Anthony Albanese, public\u00f3 en X despu\u00e9s de que el video se volvi\u00f3 viral en l\u00ednea.<\/span> <span>(Imagen Mick Tsikas\/AAP a trav\u00e9s de AP)<\/span><\/p>\n<\/div>\n<\/div>\n<\/div>\n<p>Aunque se ha enfrentado a m\u00e1s intolerancia, la poblaci\u00f3n jud\u00eda de Australia es sustancialmente m\u00e1s peque\u00f1a que la poblaci\u00f3n musulmana, lo que representa el 3,2%, seg\u00fan informes anteriores. Los jud\u00edos representan solo el 0.4% de la poblaci\u00f3n.<\/p>\n<p>La Polic\u00eda Federal de Australia tuvo la tarea de realizar una operaci\u00f3n que se \u00abcentrar\u00eda en las amenazas, la violencia y el odio\u00bb dirigida a la comunidad jud\u00eda, inform\u00f3 Fox News Digital. <\/p>\n<p>Adem\u00e1s, el Primer Ministro asign\u00f3 $ 25 millones, alrededor de $ 15 millones en los EE. UU., A partir de 2022 para aumentar la seguridad de las organizaciones jud\u00edas, seg\u00fan un <u>Reuters<\/u><u>  informe<\/u><a><u>.<\/u> Tambi\u00e9n tom\u00f3 una posici\u00f3n en contra del discurso de odio y prohibi\u00f3 el saludo nazi.<\/p>\n<p><strong><u>Haga clic aqu\u00ed para obtener la aplicaci\u00f3n Fox News<\/u><\/strong><\/p>\n<p><i>Beth Bailey de Fox News contribuy\u00f3 a esta historia.<\/i><\/p>\n<p> <!----> <\/p>\n<div class=\"article-meta\">\n<div class=\"author-bio\">\n<p>Alexandra Koch es escritora de noticias de Fox News Digital. Antes de unirse a Fox News, Alexandra cubri\u00f3 Breaking News, Crime, Religion y los militares en el sureste.<\/p>\n<\/div>\n<\/div>\n<\/div>\n\n","protected":false},"excerpt":{"rendered":"<p>Dos trabajadores de la salud australianos est\u00e1n siendo investigados despu\u00e9s de amenazar con matar a un hombre israel\u00ed en la c\u00e1mara, alegando que hab\u00edan matado previamente a los jud\u00edos bajo su cuidado. El hombre y la mujer, que dijeron que eran m\u00e9dicos, hablaron con el hombre a trav\u00e9s de Chatrouletka, un sitio web donde los &hellip;<\/p>\n","protected":false},"author":1,"featured_media":14333,"comment_status":"open","ping_status":"open","sticky":false,"template":"","format":"standard","meta":{"fifu_image_url":"https:\/\/static.foxnews.com\/foxnews.com\/content\/uploads\/2025\/02\/3e607945-untitled-1.png","fifu_image_alt":"","footnotes":""},"categories":[13],"tags":[],"class_list":["post-14331","post","type-post","status-publish","format-standard","has-post-thumbnail","","category-mundo"],"_links":{"self":[{"href":"https:\/\/noticiasveraces.com\/index.php?rest_route=\/wp\/v2\/posts\/14331","targetHints":{"allow":["GET"]}}],"collection":[{"href":"https:\/\/noticiasveraces.com\/index.php?rest_route=\/wp\/v2\/posts"}],"about":[{"href":"https:\/\/noticiasveraces.com\/index.php?rest_route=\/wp\/v2\/types\/post"}],"author":[{"embeddable":true,"href":"https:\/\/noticiasveraces.com\/index.php?rest_route=\/wp\/v2\/users\/1"}],"replies":[{"embeddable":true,"href":"https:\/\/noticiasveraces.com\/index.php?rest_route=%2Fwp%2Fv2%2Fcomments&post=14331"}],"version-history":[{"count":0,"href":"https:\/\/noticiasveraces.com\/index.php?rest_route=\/wp\/v2\/posts\/14331\/revisions"}],"wp:featuredmedia":[{"embeddable":true,"href":"https:\/\/noticiasveraces.com\/index.php?rest_route=\/wp\/v2\/media\/14333"}],"wp:attachment":[{"href":"https:\/\/noticiasveraces.com\/index.php?rest_route=%2Fwp%2Fv2%2Fmedia&parent=14331"}],"wp:term":[{"taxonomy":"category","embeddable":true,"href":"https:\/\/noticiasveraces.com\/index.php?rest_route=%2Fwp%2Fv2%2Fcategories&post=14331"},{"taxonomy":"post_tag","embeddable":true,"href":"https:\/\/noticiasveraces.com\/index.php?rest_route=%2Fwp%2Fv2%2Ftags&post=14331"}],"curies":[{"name":"wp","href":"https:\/\/api.w.org\/{rel}","templated":true}]}}