{"id":14320,"date":"2025-02-12T03:53:39","date_gmt":"2025-02-12T07:53:39","guid":{"rendered":"https:\/\/noticiasveraces.com\/?p=14320"},"modified":"2025-02-12T03:53:39","modified_gmt":"2025-02-12T07:53:39","slug":"el-vuelta-un-jugar-al-futbol","status":"publish","type":"post","link":"https:\/\/noticiasveraces.com\/?p=14320","title":{"rendered":"\u00ab\u00c9l vuelta un Jugar al F\u00fatbol\u00bb"},"content":{"rendered":"<p> \n<\/p>\n<div id=\"intext\">\n<p>Rafa Nadal, que <b>se retir\u00f3 el pasado noviembre<\/b>Ha Reconcido Este Martes en la Sede del Comit\u00e9 Ol\u00edmpico Espa\u00f1ol (Coe) de Madrid que no ha Vuelto a Coger una raqueta desde su retirada. \u00abLa Vida Me Va Bien. Estoy Bien. Adapt\u00e1ndome A Una Nueva Etapa. No me dejan Aburrirme. Estoy Haciito Cosas, Que es lo de Hay Que Hacer. En la Vida Hay Que tener Objetivos Porque si no te acaba Aburrido. Cosas que Hacer y es una \u00e9poca de organizaci\u00f3n esta etapa.<\/p>\n<blockquote class=\"blockquote \">\n<p class=\"blockquote__quote\">\u00abSE NECESITA UN TIempo de Desconexio, Pero Volver\u00e9 A Cogerla (La Raqueta) Seguro\u00bb<\/p>\n<\/blockquote>\n<p>Hace Menos Deporte del Que Quisiera &#8230; y no ha Vuelto a Jugar al Tenis: \u00abVuelto a Jugar al f\u00fatbol alg\u00fan d\u00eda desespu\u00e9s de quince a\u00f1os y ya es una alegra. No \u00e9l vuelto a coger una raqueta. Hay que darle su su tiempo .<\/p>\n<p>SE Mostr\u00f3 Agradecido por El Acto Organizado Para Homenejearle: \u00abEstoy con un Punto IMPORTA DE TIMIDEZ. ESTE TUPO DE COSAS &#8230; COMODO NO ESTOY PERO AGRADECIDO ABSOLUTAMENTE, INFINITAMENTO. A ALEJANDRO, SIN DUDA. HERBER QUERIDO HACER ESTE ACTO CON DEPORTISTAS Y RECRISTAS Y RECONES en la Casa del Deportes es una gran satisfacci\u00f3n. Dais y que me ha -dado siempre \u00ab.<\/p>\n<h2 class=\"title-h2\">Su Experiencia en la Villa Ol\u00edmpica<\/h2>\n<p>Nadal, que fue abanderado ol\u00edmpico en los juegos de r\u00edo y cuenta en su Haber SOY UN SUPERAFORIO DE LA VIDA. Que es El Mundo del Deporte en Suencia.<\/p>\n<h2 class=\"title-h2\">Pidi\u00f3 Fotos A Phelps y LeBron James<\/h2>\n<p>El Balear Tambi\u00e9n Reconoci\u00f3 Haber Pedido Muchas Veces Fotos A OTROS Deportistas: \u00abClaro Que S\u00ed. \u00c9l Pedido Fotos A Muchos &#8230; un Michael Phelps a LeBron James &#8230; A Muchos m\u00e1s\u00bb, Subray\u00f3 Rafa.<\/p>\n<p>Tambi\u00e9n ha asegurado que su Vida Se\u00edgir\u00e1 Unida al Deporte, Aunque a\u00fan no Sabe en la Medida Ni Situaci\u00f3n: \u00absoy un gran afici\u00f3n aficionada del deporte. Soy y sigo siendo antes de deportista un seguidor del deglino. Mi vida ser ligada al de porque es fondos en mi Vida. Motiva Pero Haremos Algo, Seguro \u00ab.<\/p>\n<p><i>S\u00edguenos en nuestro canal de whatsapp y no te Pierdas la \u00daLtima Hora y Toda la actualidad de antena3noticias.com<\/i><\/p>\n<div class=\"recirculation-video\" data-mod=\"a3mod_recirculation_video\">\n<div class=\"recirculation-video-wrapper\">\n<div>\n<div class=\"video-wrapper\">\n  <picture class=\"video-main-picture\"><source media=\"(min-width: 481px)\" srcset=\"https:\/\/fotografias.antena3.com\/clipping\/cmsimages02\/2025\/02\/10\/B05B031B-101A-4029-8316-DBF620EF1310\/imagen-tocamiento-mapi-leon-daniela-caracas_94.jpg?crop=521,293,x46,y0&amp;width=800&amp;height=450&amp;optimize=medium&amp;format=webply\" width=\"800\" height=\"450\"><source media=\"(min-width: 391px) and (max-width: 480px)\" srcset=\"https:\/\/fotografias.antena3.com\/clipping\/cmsimages02\/2025\/02\/10\/B05B031B-101A-4029-8316-DBF620EF1310\/imagen-tocamiento-mapi-leon-daniela-caracas_70.jpg?crop=521,293,x46,y0&amp;width=480&amp;height=270&amp;optimize=high&amp;format=webply\" width=\"480\" height=\"270\"><source media=\"(min-width: 321px) and (max-width: 390px)\" srcset=\"https:\/\/fotografias.antena3.com\/clipping\/cmsimages02\/2025\/02\/10\/B05B031B-101A-4029-8316-DBF620EF1310\/imagen-tocamiento-mapi-leon-daniela-caracas_92.jpg?crop=522,293,x45,y0&amp;width=390&amp;height=219&amp;optimize=high&amp;format=webply\" width=\"390\" height=\"219\"><source media=\"(max-width: 320px)\" srcset=\"https:\/\/fotografias.antena3.com\/clipping\/cmsimages02\/2025\/02\/10\/B05B031B-101A-4029-8316-DBF620EF1310\/imagen-tocamiento-mapi-leon-daniela-caracas_52.jpg?crop=521,293,x46,y0&amp;width=320&amp;height=180&amp;optimize=high&amp;format=webply\" width=\"320\" height=\"180\"><img decoding=\"async\" title=\"Imagen del Tocamiento de Mapi Le\u00f3n A Daniela Caracas\" alt=\"Imagen del Tocamiento de Mapi Le\u00f3n A Daniela Caracas\" width=\"480\" height=\"270\" src=\"https:\/\/fotografias.antena3.com\/clipping\/cmsimages02\/2025\/02\/10\/B05B031B-101A-4029-8316-DBF620EF1310\/imagen-tocamiento-mapi-leon-daniela-caracas_70.jpg?crop=521,293,x46,y0&amp;width=480&amp;height=270&amp;optimize=high&amp;format=webply\" loading=\"lazy\" class=\"lazy\"\/><br \/>\n  <\/source><\/source><\/source><\/source><\/picture>\n <\/div>\n<\/div><\/div>\n<\/p><\/div>\n<\/div>\n\n","protected":false},"excerpt":{"rendered":"<p>Rafa Nadal, que se retir\u00f3 el pasado noviembreHa Reconcido Este Martes en la Sede del Comit\u00e9 Ol\u00edmpico Espa\u00f1ol (Coe) de Madrid que no ha Vuelto a Coger una raqueta desde su retirada. \u00abLa Vida Me Va Bien. Estoy Bien. Adapt\u00e1ndome A Una Nueva Etapa. No me dejan Aburrirme. Estoy Haciito Cosas, Que es lo de &hellip;<\/p>\n","protected":false},"author":1,"featured_media":14322,"comment_status":"open","ping_status":"open","sticky":false,"template":"","format":"standard","meta":{"fifu_image_url":"https:\/\/fotografias.antena3.com\/clipping\/cmsimages01\/2025\/02\/11\/37ECD72E-4EF8-41FD-826C-60712E1BF2D2\/rafa-nadal-homenaje-coe_69.jpg?crop=1920,1080,x0,y0&width=1280&height=720&optimize=low&format=jpg","fifu_image_alt":"","footnotes":""},"categories":[6],"tags":[],"class_list":["post-14320","post","type-post","status-publish","format-standard","has-post-thumbnail","","category-deportes"],"_links":{"self":[{"href":"https:\/\/noticiasveraces.com\/index.php?rest_route=\/wp\/v2\/posts\/14320","targetHints":{"allow":["GET"]}}],"collection":[{"href":"https:\/\/noticiasveraces.com\/index.php?rest_route=\/wp\/v2\/posts"}],"about":[{"href":"https:\/\/noticiasveraces.com\/index.php?rest_route=\/wp\/v2\/types\/post"}],"author":[{"embeddable":true,"href":"https:\/\/noticiasveraces.com\/index.php?rest_route=\/wp\/v2\/users\/1"}],"replies":[{"embeddable":true,"href":"https:\/\/noticiasveraces.com\/index.php?rest_route=%2Fwp%2Fv2%2Fcomments&post=14320"}],"version-history":[{"count":0,"href":"https:\/\/noticiasveraces.com\/index.php?rest_route=\/wp\/v2\/posts\/14320\/revisions"}],"wp:featuredmedia":[{"embeddable":true,"href":"https:\/\/noticiasveraces.com\/index.php?rest_route=\/wp\/v2\/media\/14322"}],"wp:attachment":[{"href":"https:\/\/noticiasveraces.com\/index.php?rest_route=%2Fwp%2Fv2%2Fmedia&parent=14320"}],"wp:term":[{"taxonomy":"category","embeddable":true,"href":"https:\/\/noticiasveraces.com\/index.php?rest_route=%2Fwp%2Fv2%2Fcategories&post=14320"},{"taxonomy":"post_tag","embeddable":true,"href":"https:\/\/noticiasveraces.com\/index.php?rest_route=%2Fwp%2Fv2%2Ftags&post=14320"}],"curies":[{"name":"wp","href":"https:\/\/api.w.org\/{rel}","templated":true}]}}