{"id":14275,"date":"2025-02-11T20:35:18","date_gmt":"2025-02-12T00:35:18","guid":{"rendered":"https:\/\/noticiasveraces.com\/?p=14275"},"modified":"2025-02-11T20:35:18","modified_gmt":"2025-02-12T00:35:18","slug":"el-papa-francisco-cuestiona-las-deportaciones-de-trump-dw-12-02-2025","status":"publish","type":"post","link":"https:\/\/noticiasveraces.com\/?p=14275","title":{"rendered":"El Papa Francisco Cuestiona Las Deportaciones de Trump &#8211; DW &#8211; 12\/02\/2025"},"content":{"rendered":"<p> \n<\/p>\n<div>\n<p>El Papa Francisco Conden\u00f3 Este Martes (11.02.2025) Las Deportaciones de Migrantes de Migrantes irregulares del Presidente Estadounidense Donald Trump, una \u00abcrisis importante\u00bb que, seg\u00fan y \u00ab, Lastima la dignidad\u00bb de las personas.<\/p>\n<p>En una Carta A Los Arzobispos Estadounidenses, El Jesuita Argentino, de 88 A\u00f1os, Pidi\u00f3 \u00abNo Ceder ante lasdes narracivas que discriminan y hacen sufrir innecesariamiente a nuestros Hermanos migrantes y refugiadas\u00bb.<\/p>\n<p>El Pont\u00edfice Ha Defendido Repetidam\u00e9 Los Derechos de los Migrantes Durante Sus 10 A\u00f1os Al Frente de la Iglesia Cat\u00f3lica.<\/p>\n<p>\u00ab\u00c9l seguido Contenci\u00f3n la importante crisis de que est\u00e1 Tenirdo Lugar en Los Estados Unidos con Motivo del Inicio de Un Programa de Deportaciones Masivas\u00bb, Escribi\u00f3 en la Carta.<\/p>\n<p>En el documento, Publicado por El Vaticano, El Papa Reconocimiento \u00abEl Derecho de Una Nacia a un defensor y Mantener a sus comunidadas a Salvo de Aquellos que cometido cr\u00edmenes Violentos o Graves Mientras Est\u00e1n en El Pa\u00eds O Antes de Llegar\u00bb. <\/p>\n<h2>\u00abVulnerabilidad e Indefensi\u00f3n\u00bb<\/h2>\n<p>PERO al MISMO TIempO, Advierte de Que el \u00abActo de Deportar Personas que en Muchos Casos Han DeJado Su Propia Tierra por Motores de Pobreza Extreme, De InseguriDad, de Explotaci\u00f3n, de Perseci\u00f3n o por Elbrave Deterioro del Medio Ambiente, Lastima La Dignidad de De. Muchos Hombres y Mujeres, De Familias entierras \u00ab.<\/p>\n<p>Tambi\u00e9n \u00abLos Coloca en un Estado de Especial Vulnerabilidad E Indefensi\u00f3n\u00bb, A\u00f1ade.<\/p>\n<p>Justo Antes de la Investidura de Trump, El Papa Hab\u00eda Advertido Que Su Plan de Deportar Masivamete A Migrantes irregulares ser\u00eda una \u00abdesgracia\u00bb.<\/p>\n<p>\u00abESTA CUESTI\u00d3N NO ES MENOR: Un Aut\u00e9nnico Estado de Derecho se Verifica Precisamente en el Trato digno que merecen Todas las Personas, en Especial, Los M\u00e1s Pobres y Marginados\u00bb, Escrito el Papa en Suta.<\/p>\n<p>\u00abESTO NO OBSTA PARA PROMOS LA MADURACI\u00d3N DE UNA POL\u00cdTICA QUE REGULE LA MISMACI\u00d3N ORDENADA Y Legal. Sin embargo, La Mencionada &#8216;Maduracia&#8217; no pude construye a Trav\u00e9s del Privilegio de Unos y El Sacificio de Ootros\u00bb, subray\u00f3.<\/p>\n<p>Mg (AFP, Efe)<\/p>\n<div class=\"vjs-wrapper embed big\">\n<h2 aria-label=\"Video integrado \u2014 El papa Francisco pide socorrer a los migrantes\" class=\"headline\"><svg xmlns=\"http:\/\/www.w3.org\/2000\/svg\" viewbox=\"0 0 20 20\"><g fill-rule=\"evenodd\"><path d=\"M14.114 7.599H13.5l.002 4.706h.601l4.582 3.25-.005-11.11zM11.084 4.444l-9.007.002-1.336.797.002 9.514 1.334.793 9.007.006 1.509-.799-.004-9.516z\"\/><\/g><\/svg>El Papa Francisco Pide Socorrer a Los Migrantes<\/h2>\n<p><video id=\"video-66908191\" controls=\"\" playsinline=\"\" preload=\"none\" poster=\"data:image\/png;base64,iVBORw0KGgoAAAANSUhEUgAAAAEAAAABCAQAAAC1HAwCAAAAC0lEQVR42mNkYAAAAAYAAjCB0C8AAAAASUVORK5CYII=\" data-id=\"66908191\" data-posterurl=\"https:\/\/static.dw.com\/image\/66906483_605.webp\" data-duration=\"01:59\"><source src=\"https:\/\/hlsvod.dw.com\/i\/dwtv_video\/flv\/js\/js20230924_Pope22F_,AVC_480x270,AVC_512x288,AVC_640x360,AVC_960x540,AVC_1280x720,AVC_1920x1080,.mp4.csmil\/master.m3u8\" type=\"application\/x-mpegURL\"><source src=\"https:\/\/tvdownloaddw-a.akamaihd.net\/dwtv_video\/flv\/js\/js20230924_Pope22F_AVC_1920x1080.mp4\" type=\"video\/mp4\"><p class=\"vjs-no-js\">Para ver este video, habilite JavaScript y considere actualizar a un navegador web que admite el video HTML5<\/p>\n<p><\/source><\/source><\/video><\/div>\n<\/div>\n\n","protected":false},"excerpt":{"rendered":"<p>El Papa Francisco Conden\u00f3 Este Martes (11.02.2025) Las Deportaciones de Migrantes de Migrantes irregulares del Presidente Estadounidense Donald Trump, una \u00abcrisis importante\u00bb que, seg\u00fan y \u00ab, Lastima la dignidad\u00bb de las personas. En una Carta A Los Arzobispos Estadounidenses, El Jesuita Argentino, de 88 A\u00f1os, Pidi\u00f3 \u00abNo Ceder ante lasdes narracivas que discriminan y hacen &hellip;<\/p>\n","protected":false},"author":1,"featured_media":14276,"comment_status":"open","ping_status":"open","sticky":false,"template":"","format":"standard","meta":{"fifu_image_url":"https:\/\/static.dw.com\/image\/71196017_6.jpg","fifu_image_alt":"","footnotes":""},"categories":[13],"tags":[],"class_list":["post-14275","post","type-post","status-publish","format-standard","has-post-thumbnail","","category-mundo"],"_links":{"self":[{"href":"https:\/\/noticiasveraces.com\/index.php?rest_route=\/wp\/v2\/posts\/14275","targetHints":{"allow":["GET"]}}],"collection":[{"href":"https:\/\/noticiasveraces.com\/index.php?rest_route=\/wp\/v2\/posts"}],"about":[{"href":"https:\/\/noticiasveraces.com\/index.php?rest_route=\/wp\/v2\/types\/post"}],"author":[{"embeddable":true,"href":"https:\/\/noticiasveraces.com\/index.php?rest_route=\/wp\/v2\/users\/1"}],"replies":[{"embeddable":true,"href":"https:\/\/noticiasveraces.com\/index.php?rest_route=%2Fwp%2Fv2%2Fcomments&post=14275"}],"version-history":[{"count":0,"href":"https:\/\/noticiasveraces.com\/index.php?rest_route=\/wp\/v2\/posts\/14275\/revisions"}],"wp:featuredmedia":[{"embeddable":true,"href":"https:\/\/noticiasveraces.com\/index.php?rest_route=\/wp\/v2\/media\/14276"}],"wp:attachment":[{"href":"https:\/\/noticiasveraces.com\/index.php?rest_route=%2Fwp%2Fv2%2Fmedia&parent=14275"}],"wp:term":[{"taxonomy":"category","embeddable":true,"href":"https:\/\/noticiasveraces.com\/index.php?rest_route=%2Fwp%2Fv2%2Fcategories&post=14275"},{"taxonomy":"post_tag","embeddable":true,"href":"https:\/\/noticiasveraces.com\/index.php?rest_route=%2Fwp%2Fv2%2Ftags&post=14275"}],"curies":[{"name":"wp","href":"https:\/\/api.w.org\/{rel}","templated":true}]}}