{"id":14254,"date":"2025-02-11T17:25:12","date_gmt":"2025-02-11T21:25:12","guid":{"rendered":"https:\/\/noticiasveraces.com\/?p=14254"},"modified":"2025-02-11T17:25:12","modified_gmt":"2025-02-11T21:25:12","slug":"scholz-y-merz-prometen-no-trabajar-con-extreme-derecha-dw-11-02-2025","status":"publish","type":"post","link":"https:\/\/noticiasveraces.com\/?p=14254","title":{"rendered":"Scholz y Merz Prometen No TrabaJar Con Extreme Derecha &#8211; DW &#8211; 11\/02\/2025"},"content":{"rendered":"<p> \n<\/p>\n<div>\n<p>El Canciller de Centroizquierda Alem\u00e1n, Olaf Scholz, Acus\u00f3 Este Martes (11.02.2025) Un conservador electoral rival de Planear una Ofensiva migatoria que \u00abenterRar\u00eda a europa\u00bb.<\/p>\n<p>Scholz Hizo Esta Afirmaci\u00f3n Mientras \u00c9l y El L\u00edder de la Oposici\u00f3nica, Friedrich Merz, Se Enfrentaban en El Parlamento por \u00dasttima Vez Antes de las Elecisiones del 23 de Febero.<\/p>\n<p>Merz Ha Pedido Que Alemania vuelva a hacer los Solicitantes de Asilo en la Frontera, Pero Scholz Afirm\u00f3 que este obstaculizar\u00eda la Cooperaci\u00f3n A Nivel de la Uni\u00f3n Europea (Ue) y DaNar\u00eda a Alemania en El Proceso.<\/p>\n<p>\u00abSi Afirmamos que la Seguridad y el Orden en Alemania Est\u00e1n Fuera de Control y Que, por Lo Tanto, No es Necesario aplicar el Derecho Europe, Otros Pa\u00edses Utilizar\u00e1n Esteo, exacto de los exactos de la Misma Manera\u00bb, afirm\u00f3 Scholz.<\/p>\n<p>\u00abEso no s\u00f3lo ser\u00eda el fin de la reforma europea del asilo, cuyo alcalde beneficiario es alemania &#8230; ser\u00eda el principio del fin de la uni\u00f3n europea como comunidad jur\u00eddica\u00bb, Dijo Scholz. \u00abFriedrich Merz Est\u00e1 Compitiendo para Entrerrtar A Europa\u00bb, Sostuvo El Canciller.<\/p>\n<figure class=\"placeholder-image master_landscape big\"><img data-format=\"MASTER_LANDSCAPE\" data-id=\"71570299\" data-url=\"https:\/\/static.dw.com\/image\/71570299_${formatId}.jpg\" data-aspect-ratio=\"16\/9\" alt=\"El Canciller Alem\u00e1n Olaf Scholz, Durante su presente en el Bundestag. \" style=\"padding-bottom: 56.25%; height: 0; max-height: 0;\"\/><figcaption class=\"img-caption\">El Canciller Alem\u00e1n Olaf Scholz, Durante su presente en el Bundestag. <small class=\"copyright\">Imagen: Kay Nietfeld\/DPA\/Picture Alliance<\/small><\/figcaption><\/figure>\n<p>Scholz Defendi\u00f3 El Esfuerzo de Su Gobierno en Materia de Inmigraci\u00f3n, Un Tema Dominante Electoral Despu\u00e9s de Algunos Ataques Mortales en Los Que Solicitantes de Asilo Fueron Arrestados como Sospechosos.  <\/p>\n<p><strong>Rompido el Tab\u00fa Pol\u00cdtico Alem\u00e1n<\/strong><\/p>\n<p>Merz Aprovech\u00f3 El Ataque Con Cuchillo Contra Un Grupo de Jard\u00edn de Infantes en Baviera el Mes Pasado para Impulsar en El Bundestag (Parlamento) Medidas destinadas A Roundar La Inmigraci\u00f3n.<\/p>\n<p>Los conservadores de los conservadores una moci\u00f3n que pide Medidas en\u00e9rgicas con el apoyo del partido antiinmigraci\u00f3nico alternativa paraaMania (Afd), rompido como s\u00ed un tab\u00fa Pol\u00eds<\/p>\n<p>Merz Volvi\u00f3 un subrayar este martes que no trabajar\u00e1 con la afd en el gobierno, pero argument\u00f3 que es necesario tomar medidas para controlar la inmigraci\u00f3n.<\/p>\n<p>La Cdu, Cuya Campa\u00f1a Est\u00e1 Encabezada por Merz, Mantiena una Ventaja constante y Realmentte obtiene entre un 29 y un 30 por ciento de los votos.<\/p>\n<p>Los Socialdem\u00f3cratas del Spd, de Scholz, SE Sit\u00faan en torno al 16 por ciento, por detr\u00e1s de la afd, que se sit\u00faa en torno al 21 por ciento.<\/p>\n<p>CT (DPA, NTV)<\/p>\n<\/div>\n\n","protected":false},"excerpt":{"rendered":"<p>El Canciller de Centroizquierda Alem\u00e1n, Olaf Scholz, Acus\u00f3 Este Martes (11.02.2025) Un conservador electoral rival de Planear una Ofensiva migatoria que \u00abenterRar\u00eda a europa\u00bb. Scholz Hizo Esta Afirmaci\u00f3n Mientras \u00c9l y El L\u00edder de la Oposici\u00f3nica, Friedrich Merz, Se Enfrentaban en El Parlamento por \u00dasttima Vez Antes de las Elecisiones del 23 de Febero. Merz &hellip;<\/p>\n","protected":false},"author":1,"featured_media":14255,"comment_status":"open","ping_status":"open","sticky":false,"template":"","format":"standard","meta":{"fifu_image_url":"https:\/\/static.dw.com\/image\/71573048_6.jpg","fifu_image_alt":"","footnotes":""},"categories":[13],"tags":[],"class_list":["post-14254","post","type-post","status-publish","format-standard","has-post-thumbnail","","category-mundo"],"_links":{"self":[{"href":"https:\/\/noticiasveraces.com\/index.php?rest_route=\/wp\/v2\/posts\/14254","targetHints":{"allow":["GET"]}}],"collection":[{"href":"https:\/\/noticiasveraces.com\/index.php?rest_route=\/wp\/v2\/posts"}],"about":[{"href":"https:\/\/noticiasveraces.com\/index.php?rest_route=\/wp\/v2\/types\/post"}],"author":[{"embeddable":true,"href":"https:\/\/noticiasveraces.com\/index.php?rest_route=\/wp\/v2\/users\/1"}],"replies":[{"embeddable":true,"href":"https:\/\/noticiasveraces.com\/index.php?rest_route=%2Fwp%2Fv2%2Fcomments&post=14254"}],"version-history":[{"count":0,"href":"https:\/\/noticiasveraces.com\/index.php?rest_route=\/wp\/v2\/posts\/14254\/revisions"}],"wp:featuredmedia":[{"embeddable":true,"href":"https:\/\/noticiasveraces.com\/index.php?rest_route=\/wp\/v2\/media\/14255"}],"wp:attachment":[{"href":"https:\/\/noticiasveraces.com\/index.php?rest_route=%2Fwp%2Fv2%2Fmedia&parent=14254"}],"wp:term":[{"taxonomy":"category","embeddable":true,"href":"https:\/\/noticiasveraces.com\/index.php?rest_route=%2Fwp%2Fv2%2Fcategories&post=14254"},{"taxonomy":"post_tag","embeddable":true,"href":"https:\/\/noticiasveraces.com\/index.php?rest_route=%2Fwp%2Fv2%2Ftags&post=14254"}],"curies":[{"name":"wp","href":"https:\/\/api.w.org\/{rel}","templated":true}]}}