{"id":14228,"date":"2025-02-11T13:17:17","date_gmt":"2025-02-11T17:17:17","guid":{"rendered":"https:\/\/noticiasveraces.com\/?p=14228"},"modified":"2025-02-11T13:17:17","modified_gmt":"2025-02-11T17:17:17","slug":"israel-golpea-el-esquema-de-engano-palestino-por-reclamar-el-programa-de-recompensas-de-terror","status":"publish","type":"post","link":"https:\/\/noticiasveraces.com\/?p=14228","title":{"rendered":"Israel golpea el &#8216;esquema de enga\u00f1o&#8217; palestino por reclamar el programa de recompensas de terror"},"content":{"rendered":"<p> \n<\/p>\n<div>\n<div class=\"article-gating gated-overlay\">\n<div class=\"article-gating-wrapper\">\n<p>\u00danase a Fox News para acceder a este contenido<\/p>\n<p>Adem\u00e1s de acceso especial a art\u00edculos seleccionados y otro contenido premium con su cuenta, de forma gratuita.<\/p>\n<div class=\"article-gating-legal tablet-desktop\">Al ingresar su correo electr\u00f3nico y presionar continuar, usted acepta los t\u00e9rminos de uso y la pol\u00edtica de privacidad de Fox News, que incluye nuestro aviso de incentivo financiero.\n    <\/div>\n<p><span>Por favor, introduce una direcci\u00f3n de correo electr\u00f3nico v\u00e1lida.<\/span><\/p>\n<footer class=\"article-gating-footer\">\u00bfTiene problemas? Haga clic aqu\u00ed.<\/footer>\n<\/div>\n<\/div>\n<p class=\"speakable\">Jerusal\u00e9n: el presidente de la Autoridad Palestina (PA) aparentemente capitulada para la Administraci\u00f3n Trump al afirmar que desechaba su programa de larga data conocido como \u00abPague por Slay\u00bb, que proporciona pagos a los terroristas palestinos y sus familias.<\/p>\n<p class=\"speakable\">Sin embargo, hay informes contradictorios sobre si la AP finaliz\u00f3 el programa o est\u00e1 tratando de enga\u00f1ar a la administraci\u00f3n Trump. <\/p>\n<p>El portavoz del Ministerio de Relaciones Exteriores de Israel, Oren Marmorstein, emiti\u00f3 una declaraci\u00f3n sobre X diciendo: \u00abEste es un nuevo esquema de enga\u00f1o por la Autoridad Palestina, que tiene la intenci\u00f3n de continuar pagando a los terroristas y sus familias a trav\u00e9s de canales de pago alternativos\u00bb.<\/p>\n<p><strong>Juez deja que la demanda alega que el administrador de Biden sab\u00eda que los fondos estadounidenses estaban ayudando a los terroristas palestinos a avanzar<\/strong><\/p>\n<p>El lunes, la Agencia de Noticias e Informaci\u00f3n Palestina (WAFA) inform\u00f3 que Mahmoud Abbas \u00abemiti\u00f3 una ley de decreto que revoc\u00f3 los art\u00edculos contenidos en las leyes y regulaciones relacionadas con el sistema de pagar asignaciones financieras a las familias de los prisioneros, los m\u00e1rtires y los heridos, los heridos. en la Ley de Prisioneros y las regulaciones emitidas por el Consejo de Ministros y las Organizaciones de Liberaci\u00f3n de Palestina \u00ab.<\/p>\n<p>Wafa se\u00f1al\u00f3 que, con respecto al decreto de Abbas, \u00ablos poderes de todos los programas de protecci\u00f3n y bienestar social en Palestina han sido transferidos a la Fundaci\u00f3n Palestina de Empoderamiento Econ\u00f3mico\u00bb. The Times of Israel inform\u00f3 que hab\u00eda confirmado de forma independiente a trav\u00e9s de fuentes que ocurri\u00f3 la revocaci\u00f3n. <\/p>\n<p>La pol\u00edtica de pago por Slay llam\u00f3 la atenci\u00f3n p\u00fablica cuando Taylor Force, un graduado de West Point que sirvi\u00f3 en Afganist\u00e1n e Irak, un terrorista palestino se apoder\u00f3 de manera salvaje el 8 de marzo de 2016, mientras estaba en un recorrido por Israel. El presidente Donald Trump firm\u00f3 la Ley de la Fuerza Taylor en octubre de 2018, despu\u00e9s de una vigorosa campa\u00f1a de los padres de Force, Robbi y Stuart Force.<\/p>\n<p>\u00abEl anuncio de Abbas parece ser una artima\u00f1a destinada a tirar de la lana sobre los ojos del presidente Trump\u00bb, dijo a Fox News Digital, Asher Fredman, un ex funcionario del gobierno israel\u00ed que ahora es el director ejecutivo del Instituto de Seguridad Nacional para la Seguridad Nacional.<\/p>\n<div class=\"image-ct inline\">\n<div class=\"m\"><picture><source media=\"(max-width: 767px)\" srcset=\"https:\/\/a57.foxnews.com\/static.foxnews.com\/foxnews.com\/content\/uploads\/2018\/09\/343\/192\/mideast-palestinians-_jord.jpg?ve=1&amp;tl=1, https:\/\/a57.foxnews.com\/static.foxnews.com\/foxnews.com\/content\/uploads\/2018\/09\/686\/384\/mideast-palestinians-_jord.jpg?ve=1&amp;tl=1 2x\" height=\"192\" width=\"343\"><source media=\"(min-width: 768px) and (max-width: 1023px)\" srcset=\"https:\/\/a57.foxnews.com\/static.foxnews.com\/foxnews.com\/content\/uploads\/2018\/09\/672\/378\/mideast-palestinians-_jord.jpg?ve=1&amp;tl=1, https:\/\/a57.foxnews.com\/static.foxnews.com\/foxnews.com\/content\/uploads\/2018\/09\/1344\/756\/mideast-palestinians-_jord.jpg?ve=1&amp;tl=1 2x\" height=\"378\" width=\"672\"><source media=\"(min-width: 1024px) and (max-width: 1279px)\" srcset=\"https:\/\/a57.foxnews.com\/static.foxnews.com\/foxnews.com\/content\/uploads\/2018\/09\/931\/523\/mideast-palestinians-_jord.jpg?ve=1&amp;tl=1, https:\/\/a57.foxnews.com\/static.foxnews.com\/foxnews.com\/content\/uploads\/2018\/09\/1862\/1046\/mideast-palestinians-_jord.jpg?ve=1&amp;tl=1 2x\" height=\"523\" width=\"931\"><source media=\"(min-width: 1280px)\" srcset=\"https:\/\/a57.foxnews.com\/static.foxnews.com\/foxnews.com\/content\/uploads\/2018\/09\/720\/405\/mideast-palestinians-_jord.jpg?ve=1&amp;tl=1, https:\/\/a57.foxnews.com\/static.foxnews.com\/foxnews.com\/content\/uploads\/2018\/09\/1440\/810\/mideast-palestinians-_jord.jpg?ve=1&amp;tl=1 2x\" height=\"405\" width=\"720\"><img loading=\"lazy\" decoding=\"async\" src=\"https:\/\/a57.foxnews.com\/static.foxnews.com\/foxnews.com\/content\/uploads\/2018\/09\/1200\/675\/mideast-palestinians-_jord.jpg?ve=1&amp;tl=1\" alt=\"Mahmoud Abbas, Shireen Abu Akleh, periodista, IDF, palestinos\" width=\"1200\" height=\"675\"\/><\/source><\/source><\/source><\/source><\/picture><\/div>\n<div class=\"info\">\n<div class=\"caption\">\n<p><span>Las banderas se colocan sobre el p\u00f3ster del presidente palestino Mahmoud Abbas en la ciudad de Nablus de Cisjordania, el 30 de septiembre de 2015.<\/span> <span>(AP Photo\/Majdi Mohammed)<\/span><\/p>\n<\/div>\n<\/div>\n<\/div>\n<p><strong>&#8216;Pagar por Slay&#8217;: la autoridad palestina puede tener que compensar a las familias de los terroristas de Hamas, dice el informe<\/strong><\/p>\n<p>\u00abParece que los terroristas y las familias de los terroristas que recibieron pagos bajo el programa &#8216;Pay for Slay&#8217; de la AP continuar\u00e1n recibiendo los mismos pagos, simplemente a trav\u00e9s de una &#8216;base&#8217; bajo el control de Abbas, en lugar de a trav\u00e9s de un ministerio bajo el control de Abbas \u00ab.<\/p>\n<p>Fredman agreg\u00f3: \u00abQueda por ver si Abbas realmente termina el pago por los pagos de slay, as\u00ed como la incitaci\u00f3n terrorista virulenta y el antisemitismo en los medios de comunicaci\u00f3n de Autoridad Autral, las escuelas y los campamentos de verano\u00bb.<\/p>\n<p>Dijo que la AP anunci\u00f3 que los pagos a los terroristas condenados se est\u00e1n mudando del Ministerio de Desarrollo Social a una Fundaci\u00f3n Independiente de Empoderamiento Econ\u00f3mico Palestino. El jefe de la Junta de la Fundaci\u00f3n es el Ministro de Desarrollo Social. El director general de la fundaci\u00f3n tambi\u00e9n es aparentemente un empleado del Ministerio de Desarrollo Social, seg\u00fan su perfil de LinkedIn. El enlace sugiere que la base est\u00e1 estrechamente vinculada a la AP. <\/p>\n<div class=\"image-ct inline\">\n<div class=\"m\"><picture><source media=\"(max-width: 767px)\" srcset=\"https:\/\/a57.foxnews.com\/static.foxnews.com\/foxnews.com\/content\/uploads\/2025\/01\/343\/192\/ap25025567441526-scaled.jpg?ve=1&amp;tl=1, https:\/\/a57.foxnews.com\/static.foxnews.com\/foxnews.com\/content\/uploads\/2025\/01\/686\/384\/ap25025567441526-scaled.jpg?ve=1&amp;tl=1 2x\" height=\"192\" width=\"343\"><source media=\"(min-width: 768px) and (max-width: 1023px)\" srcset=\"https:\/\/a57.foxnews.com\/static.foxnews.com\/foxnews.com\/content\/uploads\/2025\/01\/672\/378\/ap25025567441526-scaled.jpg?ve=1&amp;tl=1, https:\/\/a57.foxnews.com\/static.foxnews.com\/foxnews.com\/content\/uploads\/2025\/01\/1344\/756\/ap25025567441526-scaled.jpg?ve=1&amp;tl=1 2x\" height=\"378\" width=\"672\"><source media=\"(min-width: 1024px) and (max-width: 1279px)\" srcset=\"https:\/\/a57.foxnews.com\/static.foxnews.com\/foxnews.com\/content\/uploads\/2025\/01\/931\/523\/ap25025567441526-scaled.jpg?ve=1&amp;tl=1, https:\/\/a57.foxnews.com\/static.foxnews.com\/foxnews.com\/content\/uploads\/2025\/01\/1862\/1046\/ap25025567441526-scaled.jpg?ve=1&amp;tl=1 2x\" height=\"523\" width=\"931\"><source media=\"(min-width: 1280px)\" srcset=\"https:\/\/a57.foxnews.com\/static.foxnews.com\/foxnews.com\/content\/uploads\/2025\/01\/720\/405\/ap25025567441526-scaled.jpg?ve=1&amp;tl=1, https:\/\/a57.foxnews.com\/static.foxnews.com\/foxnews.com\/content\/uploads\/2025\/01\/1440\/810\/ap25025567441526-scaled.jpg?ve=1&amp;tl=1 2x\" height=\"405\" width=\"720\"><img loading=\"lazy\" decoding=\"async\" src=\"https:\/\/a57.foxnews.com\/static.foxnews.com\/foxnews.com\/content\/uploads\/2025\/01\/1200\/675\/ap25025567441526-scaled.jpg?ve=1&amp;tl=1\" alt=\"Autobuses en Cisjordan\" width=\"1200\" height=\"675\"\/><\/source><\/source><\/source><\/source><\/picture><\/div>\n<div class=\"info\">\n<div class=\"caption\">\n<p><span>Los autobuses que transportan prisioneros palestinos liberados de una prisi\u00f3n israel\u00ed como parte de un acuerdo de alto el fuego son recibidos en la ciudad de Ramallah de Cisjordania, el s\u00e1bado 25 de enero de 2025.<\/span> <span>(AP Photo\/Nasser Nasser)<\/span><\/p>\n<\/div>\n<\/div>\n<\/div>\n<p>El rabino Abraham Cooper, el decano asociado del Centro Simon Wiesenthal, dijo a Fox News Digital: \u00abNos alegraremos cuando la AP se detenga financieramente a los terroristas palestinos por asesinar e herir a los israel\u00edes. Apoye y abetan el terrorismo u se opone y ayude a terminarlo \u00ab.<\/p>\n<p>The Times of Israel inform\u00f3 que los funcionarios de la AP informaron a la administraci\u00f3n entrante de Trump sobre su plan para enchufar el programa \u00abPay to Slay\u00bb.<\/p>\n<p>El pensamiento detr\u00e1s de la decisi\u00f3n de la Autoridad UP es curry de la administraci\u00f3n Trump y evitar las tensas relaciones que existieron durante la primera presidencia de Trump. Despu\u00e9s de que Trump reconoci\u00f3 a Jerusal\u00e9n como la capital de Israel en 2017, Abbas boicot\u00f3 a la administraci\u00f3n Trump.<\/p>\n<p>The Times of Israel escribi\u00f3 que el \u00abdecreto del lunes es el \u00faltimo esfuerzo de Ramallah para mejorar los lazos con Washington y equivale a una gran victoria para Trump, quien logr\u00f3 asegurar una concesi\u00f3n de la AP que las repetidas administraciones estadounidenses hab\u00edan funcionado para lograr\u00bb.<\/p>\n<div class=\"image-ct inline\">\n<div class=\"m\"><picture><source media=\"(max-width: 767px)\" srcset=\"https:\/\/a57.foxnews.com\/static.foxnews.com\/foxnews.com\/content\/uploads\/2025\/02\/343\/192\/palestinian-prisoner-scaled.jpg?ve=1&amp;tl=1, https:\/\/a57.foxnews.com\/static.foxnews.com\/foxnews.com\/content\/uploads\/2025\/02\/686\/384\/palestinian-prisoner-scaled.jpg?ve=1&amp;tl=1 2x\" height=\"192\" width=\"343\"><source media=\"(min-width: 768px) and (max-width: 1023px)\" srcset=\"https:\/\/a57.foxnews.com\/static.foxnews.com\/foxnews.com\/content\/uploads\/2025\/02\/672\/378\/palestinian-prisoner-scaled.jpg?ve=1&amp;tl=1, https:\/\/a57.foxnews.com\/static.foxnews.com\/foxnews.com\/content\/uploads\/2025\/02\/1344\/756\/palestinian-prisoner-scaled.jpg?ve=1&amp;tl=1 2x\" height=\"378\" width=\"672\"><source media=\"(min-width: 1024px) and (max-width: 1279px)\" srcset=\"https:\/\/a57.foxnews.com\/static.foxnews.com\/foxnews.com\/content\/uploads\/2025\/02\/931\/523\/palestinian-prisoner-scaled.jpg?ve=1&amp;tl=1, https:\/\/a57.foxnews.com\/static.foxnews.com\/foxnews.com\/content\/uploads\/2025\/02\/1862\/1046\/palestinian-prisoner-scaled.jpg?ve=1&amp;tl=1 2x\" height=\"523\" width=\"931\"><source media=\"(min-width: 1280px)\" srcset=\"https:\/\/a57.foxnews.com\/static.foxnews.com\/foxnews.com\/content\/uploads\/2025\/02\/720\/405\/palestinian-prisoner-scaled.jpg?ve=1&amp;tl=1, https:\/\/a57.foxnews.com\/static.foxnews.com\/foxnews.com\/content\/uploads\/2025\/02\/1440\/810\/palestinian-prisoner-scaled.jpg?ve=1&amp;tl=1 2x\" height=\"405\" width=\"720\"><img loading=\"lazy\" decoding=\"async\" src=\"https:\/\/a57.foxnews.com\/static.foxnews.com\/foxnews.com\/content\/uploads\/2025\/02\/1200\/675\/palestinian-prisoner-scaled.jpg?ve=1&amp;tl=1\" alt=\"Las manos del prisionero atadas\" width=\"1200\" height=\"675\"\/><\/source><\/source><\/source><\/source><\/picture><\/div>\n<div class=\"info\">\n<div class=\"caption\">\n<p><span>Un prisionero de seguridad con las manos atada a una prisi\u00f3n en Giv&#8217;at Ze&#8217;ev, 28 de agosto de 2024.<\/span> <span>(Gideon Markowicz\/TPS-IL)<\/span><\/p>\n<\/div>\n<\/div>\n<\/div>\n<p>El PA se encuentra en Ramallah en Cisjordania (conocida en Israel como la regi\u00f3n b\u00edblica de Judea y Samaria).<\/p>\n<p>Fox News Digital inform\u00f3 despu\u00e9s de un acuerdo de finales de 2023 que involucr\u00f3 el intercambio de terroristas palestinos encarcelados en Israel para la liberaci\u00f3n de civiles israel\u00edes en poder de Hamas en Gaza que los terroristas liberados recibir\u00edan pagos mensuales que van desde aproximadamente $ 535 a $ 668 para residentes de Jerusalia.<\/p>\n<p><strong>Haga clic aqu\u00ed para obtener la aplicaci\u00f3n Fox News<\/strong><\/p>\n<p>Jason Brodsky, director de pol\u00edticas de United contra el Ir\u00e1n nuclear (UANI), resumi\u00f3 una tendencia reciente de l\u00edderes extranjeros que ceden a la administraci\u00f3n Trump. \u00abCreo que habla del efecto de Trump. Los l\u00edderes extranjeros temen cruzar al presidente porque sabe c\u00f3mo participar en la diplomacia coercitiva, y produce resultados que avanzan los intereses de los Estados Unidos como este. Ir\u00e1n y otros pa\u00edses est\u00e1n observando con mucho cuidado c\u00f3mo presiona el presidente a otros otros Los gobiernos, y esto dar\u00e1 forma a su toma de decisiones.<\/p>\n<p>Las preguntas digitales de Fox News a la Autoridad Palestina no fueron respondidas. <\/p>\n<\/div>\n\n","protected":false},"excerpt":{"rendered":"<p>\u00danase a Fox News para acceder a este contenido Adem\u00e1s de acceso especial a art\u00edculos seleccionados y otro contenido premium con su cuenta, de forma gratuita. Al ingresar su correo electr\u00f3nico y presionar continuar, usted acepta los t\u00e9rminos de uso y la pol\u00edtica de privacidad de Fox News, que incluye nuestro aviso de incentivo financiero. &hellip;<\/p>\n","protected":false},"author":1,"featured_media":14230,"comment_status":"open","ping_status":"open","sticky":false,"template":"","format":"standard","meta":{"fifu_image_url":"https:\/\/static.foxnews.com\/foxnews.com\/content\/uploads\/2025\/02\/165979_document-scaled.jpg","fifu_image_alt":"","footnotes":""},"categories":[13],"tags":[],"class_list":["post-14228","post","type-post","status-publish","format-standard","has-post-thumbnail","","category-mundo"],"_links":{"self":[{"href":"https:\/\/noticiasveraces.com\/index.php?rest_route=\/wp\/v2\/posts\/14228","targetHints":{"allow":["GET"]}}],"collection":[{"href":"https:\/\/noticiasveraces.com\/index.php?rest_route=\/wp\/v2\/posts"}],"about":[{"href":"https:\/\/noticiasveraces.com\/index.php?rest_route=\/wp\/v2\/types\/post"}],"author":[{"embeddable":true,"href":"https:\/\/noticiasveraces.com\/index.php?rest_route=\/wp\/v2\/users\/1"}],"replies":[{"embeddable":true,"href":"https:\/\/noticiasveraces.com\/index.php?rest_route=%2Fwp%2Fv2%2Fcomments&post=14228"}],"version-history":[{"count":0,"href":"https:\/\/noticiasveraces.com\/index.php?rest_route=\/wp\/v2\/posts\/14228\/revisions"}],"wp:featuredmedia":[{"embeddable":true,"href":"https:\/\/noticiasveraces.com\/index.php?rest_route=\/wp\/v2\/media\/14230"}],"wp:attachment":[{"href":"https:\/\/noticiasveraces.com\/index.php?rest_route=%2Fwp%2Fv2%2Fmedia&parent=14228"}],"wp:term":[{"taxonomy":"category","embeddable":true,"href":"https:\/\/noticiasveraces.com\/index.php?rest_route=%2Fwp%2Fv2%2Fcategories&post=14228"},{"taxonomy":"post_tag","embeddable":true,"href":"https:\/\/noticiasveraces.com\/index.php?rest_route=%2Fwp%2Fv2%2Ftags&post=14228"}],"curies":[{"name":"wp","href":"https:\/\/api.w.org\/{rel}","templated":true}]}}