{"id":14226,"date":"2025-02-11T12:14:45","date_gmt":"2025-02-11T16:14:45","guid":{"rendered":"https:\/\/noticiasveraces.com\/?p=14226"},"modified":"2025-02-11T12:14:45","modified_gmt":"2025-02-11T16:14:45","slug":"cumbre-de-paris-pide-una-ia-abierta-inclusiva-y-etica-dw-11-02-2025","status":"publish","type":"post","link":"https:\/\/noticiasveraces.com\/?p=14226","title":{"rendered":"Cumbre de Par\u00eds Pide una ia \u00abAbierta\u00bb, \u00abinclusiva\u00bb y \u00ab\u00e9tica\u00bb &#8211; DW &#8211; 11\/02\/2025"},"content":{"rendered":"<p> \n<\/p>\n<div>\n<p>Un total de 61 Pa\u00edses Pidieron Este Martes (11.02.2025) Una Inteligencia Artificial (ia) Que Sea \u00abAbierta\u00bb, inclusiva \u00aby\u00bb \u00e9tica \u00ab, en la Declaraci\u00f3n final de la cumbre de par\u00eds, con la ausencia de estado unidos y elidos Reino Unido y La Firma de China y la Uni\u00f3n Europea.<\/p>\n<p>La Declaraci\u00f3n, Tras Seis D\u00edas de Debates, Pide \u00abQue la Inteligencia Mar artificial Sostenible para el Planeta y Su Poblaci\u00f3n\u00bb. La Cumbre Oficializ\u00f3 con Este Fin la Creaci\u00f3n de Un Observatorio del Impacto Energ\u00e9Tico de la IA, Dirigido por la Agencia Internacional de Energ\u00eda (AIE), Con Sede en La Capital Francesa. El Presidente de Francia, Emmanuel Macron, Pidio Un \u00abMultilateralismo Plural\u00bb Que Permita Cear \u00abUn Marco de Confianza\u00bb en la Gesti\u00f3n y la Utilizaci\u00f3n de la Iia. \u00abNecesitamos reglas para que la ia avance\u00bb, Afirm\u00f3 macron en su intervenci\u00f3n de Clausura de la Cumbre. Poco Antes, LA Presidente de la Comisi\u00f3n Europea anunci\u00f3 inversiones por 200.000 MILLONES DE EUROS.<\/p>\n<p><span data-slot-id=\"Article_InContent-1\" class=\"rich-text-ad\"\/><\/p>\n<h2>Para Washington es un error alineable con \u00abReg\u00edmenes Autoritarios\u00bb<\/h2>\n<p>La Cita de Par\u00eds, La Tercera Cumbre Sobre la ia Que se Organiza en Los \u00daltimos A\u00f1os, Mostr\u00f3 Las Divisiones del Sector, en Plena Ebullici\u00f3n. Durante Su Discurso, El Vicepresidente Estadounidense Jd Vance Advirti\u00f3 Contra una \u00abRegulacia Regulacia\u00bb de la Inteligencia Artificial, que un su juicio \u00abPodr\u00eda Matar a una industria en pleno auge\u00bb. Adem\u00e1s, Sostuvo Que Aliarse Con \u00abReg\u00edgenes Autoritarios\u00bb Para Desarrollar de Regular ESTA TECNOLOG\u00cdA, Llamada A Cambiar Profundamento la Econom\u00eda, ES UN Error, en un Claro MensAJe a China, Presente en la Sala.<\/p>\n<p>El Primer Ministro Indio, Narendra Modi, Hizo por su parte Hincapi\u00e9 en el Desarrollo Responsable E Inclusivo, Destacando Los Avances de la India en la construcci\u00f3n Desarrollados en Ingl\u00e9s, y su \u00abModelo \u00danico de Asociacia P\u00fablico-Privada\u00bb. \u00abAlgunas Personas se Preocupan por Las M\u00e1quinas que se Vuelvan Superiores en Inteligencia A Los Humanos. Pero Nieie Tiene la Clave de Nuestro Futuro Futuro Colectivo y Destino Compartido, M\u00c1S NOSOTROS LOS HOMANOS. Albergar\u00e1 la Pr\u00f3xima Cumbre de IA.<\/p>\n<p>LGC (AFP, EFE)<\/p>\n<figure class=\"placeholder-image master_landscape big\"><img data-format=\"MASTER_LANDSCAPE\" data-id=\"71571730\" data-url=\"https:\/\/static.dw.com\/image\/71571730_${formatId}.jpg\" data-aspect-ratio=\"16\/9\" alt=\"El Vicepresidente Estadounidense Gesticula Con Ambas Manos Mientras Habla Desde El Atril.\" style=\"padding-bottom: 56.25%; height: 0; max-height: 0;\"\/><figcaption class=\"img-caption\">JD Vance, Durante Su Intervenci\u00f3n en la Cumbre de la ia en Par\u00eds.<small class=\"copyright\">Imagen: Michel Euler\/AP Photo\/Picture Alliance<\/small><\/figcaption><\/figure>\n<\/div>\n\n","protected":false},"excerpt":{"rendered":"<p>Un total de 61 Pa\u00edses Pidieron Este Martes (11.02.2025) Una Inteligencia Artificial (ia) Que Sea \u00abAbierta\u00bb, inclusiva \u00aby\u00bb \u00e9tica \u00ab, en la Declaraci\u00f3n final de la cumbre de par\u00eds, con la ausencia de estado unidos y elidos Reino Unido y La Firma de China y la Uni\u00f3n Europea. La Declaraci\u00f3n, Tras Seis D\u00edas de Debates, &hellip;<\/p>\n","protected":false},"author":1,"featured_media":14227,"comment_status":"open","ping_status":"open","sticky":false,"template":"","format":"standard","meta":{"fifu_image_url":"https:\/\/static.dw.com\/image\/71566999_6.jpg","fifu_image_alt":"","footnotes":""},"categories":[13],"tags":[],"class_list":["post-14226","post","type-post","status-publish","format-standard","has-post-thumbnail","","category-mundo"],"_links":{"self":[{"href":"https:\/\/noticiasveraces.com\/index.php?rest_route=\/wp\/v2\/posts\/14226","targetHints":{"allow":["GET"]}}],"collection":[{"href":"https:\/\/noticiasveraces.com\/index.php?rest_route=\/wp\/v2\/posts"}],"about":[{"href":"https:\/\/noticiasveraces.com\/index.php?rest_route=\/wp\/v2\/types\/post"}],"author":[{"embeddable":true,"href":"https:\/\/noticiasveraces.com\/index.php?rest_route=\/wp\/v2\/users\/1"}],"replies":[{"embeddable":true,"href":"https:\/\/noticiasveraces.com\/index.php?rest_route=%2Fwp%2Fv2%2Fcomments&post=14226"}],"version-history":[{"count":0,"href":"https:\/\/noticiasveraces.com\/index.php?rest_route=\/wp\/v2\/posts\/14226\/revisions"}],"wp:featuredmedia":[{"embeddable":true,"href":"https:\/\/noticiasveraces.com\/index.php?rest_route=\/wp\/v2\/media\/14227"}],"wp:attachment":[{"href":"https:\/\/noticiasveraces.com\/index.php?rest_route=%2Fwp%2Fv2%2Fmedia&parent=14226"}],"wp:term":[{"taxonomy":"category","embeddable":true,"href":"https:\/\/noticiasveraces.com\/index.php?rest_route=%2Fwp%2Fv2%2Fcategories&post=14226"},{"taxonomy":"post_tag","embeddable":true,"href":"https:\/\/noticiasveraces.com\/index.php?rest_route=%2Fwp%2Fv2%2Ftags&post=14226"}],"curies":[{"name":"wp","href":"https:\/\/api.w.org\/{rel}","templated":true}]}}