{"id":14203,"date":"2025-02-11T09:30:18","date_gmt":"2025-02-11T13:30:18","guid":{"rendered":"https:\/\/noticiasveraces.com\/?p=14203"},"modified":"2025-02-11T09:30:18","modified_gmt":"2025-02-11T13:30:18","slug":"el-futbol-peligroso-tan-para-el-cerebro-como-futbol-americano","status":"publish","type":"post","link":"https:\/\/noticiasveraces.com\/?p=14203","title":{"rendered":"El f\u00fatbol, \u200b\u200b\u00bfPeligroso Tan para el Cerebro como f\u00fatbol americano?"},"content":{"rendered":"<p> \n<\/p>\n<div id=\"\">\n<figure class=\"bbc-1qn0xuy\">\n<div class=\"bbc-j1srjl\" style=\"padding-bottom:56.25%\"><img loading=\"lazy\" decoding=\"async\" srcset=\"https:\/\/ichef.bbci.co.uk\/ace\/ws\/240\/amz\/worldservice\/live\/assets\/images\/2014\/08\/28\/140828032757_soccer_464x261_getty.jpg.webp 240w, https:\/\/ichef.bbci.co.uk\/ace\/ws\/320\/amz\/worldservice\/live\/assets\/images\/2014\/08\/28\/140828032757_soccer_464x261_getty.jpg.webp 320w, https:\/\/ichef.bbci.co.uk\/ace\/ws\/464\/amz\/worldservice\/live\/assets\/images\/2014\/08\/28\/140828032757_soccer_464x261_getty.jpg.webp 464w\" sizes=\"auto, (min-width: 1008px) 760px, 100vw\" alt=\"Christoph Kramer\" width=\"464\" height=\"261\" src=\"aspect-ratio:464 \/ 261\" class=\"bbc-139onq\"\/><\/p>\n<p class=\"bbc-by8ykd\" role=\"text\"><span class=\"bbc-m04vo2\">Fuente de la Imagen, <\/span><span lang=\"en-GB\">Getty<\/span><\/p>\n<\/div><figcaption class=\"bbc-15f1ujd\" dir=\"ltr\"><span role=\"text\"><span class=\"bbc-m04vo2\">Pie de Foto, <\/span><span data-testid=\"caption-paragraph\">Un Grupo de Futbolistas y de Madres de Jugadores demandaron a la fifa en ee.uu.<\/span><\/span><\/figcaption><\/figure>\n<section role=\"region\" aria-labelledby=\"article-byline\" class=\"bbc-1vjaf6b\"><strong id=\"article-byline\" aria-hidden=\"true\" class=\"bbc-m04vo2\">Informaci\u00f3n del Art\u00edculo<\/strong><\/p>\n<ul role=\"list\" class=\"bbc-1rvtlej\">\n<li><span role=\"text\"><span class=\"bbc-m04vo2\">Autor, <\/span><span class=\"bbc-1ypcc2\">Jaime Gonz\u00e1lez<\/span><\/span><\/li>\n<li><span role=\"text\"><span class=\"bbc-m04vo2\">T\u00edtulo del Autor, <!-- --> <\/span><span class=\"bbc-1y5sx98\">BBC Mundo, Los \u00c1ngeles, @BBC_Gonzalez<\/span><\/span><\/li>\n<li class=\"bbc-v8pmqw\">\n<p><time datetime=\"2014-09-10\" class=\"bbc-1dafq0j e1mklfmt0\">10 de septiembre 2014<\/time><\/p>\n<\/li>\n<\/ul>\n<\/section>\n<div dir=\"ltr\" class=\"bbc-19j92fr ebmt73l0\">\n<p dir=\"ltr\" class=\"bbc-hhl7in e17g058b0\"><b>Han Actuado de Manera \u00abNegligente\u00bb y no Han Hecho lo Suficiente.<\/b><\/p>\n<\/div>\n<div dir=\"ltr\" class=\"bbc-19j92fr ebmt73l0\">\n<p dir=\"ltr\" class=\"bbc-hhl7in e17g058b0\">Esta es la posici\u00f3nica de un Grupo de futbolistas y de madres de Jugadores que a finales de agosto demandaron en un tribunal de California a la fifa ya varios de sus grupos asociados en estados unidos, como la organizaci\u00f3n organizaci\u00f3nestidense de f\u00fatbol juvenil (AySo, por sussos Siglas en ingl\u00e9s).<\/p>\n<\/div>\n<div dir=\"ltr\" class=\"bbc-19j92fr ebmt73l0\">\n<p dir=\"ltr\" class=\"bbc-hhl7in e17g058b0\">Exigen que se mejoren las condiciones de seguridad en que se practica el f\u00fatbol en las categor\u00edas infantiles y juveniles y piden limitar los golpes de la pelota con la cabeza.<\/p>\n<\/div>\n<div dir=\"ltr\" class=\"bbc-19j92fr ebmt73l0\">\n<p dir=\"ltr\" class=\"bbc-hhl7in e17g058b0\">La Demanda se Sum\u00f3 a Las Fuertes cryticas que recibi\u00f3 la Fifa Durante el Mundial Brasil 2014 en el Que se Permiti\u00f3 A Varios Futbolistas Seguir Jugando Pese A Padector los Efectos de Una Conmoci\u00f3n.<\/p>\n<\/div>\n<section aria-label=\"Publicidad 2\" aria-hidden=\"true\" role=\"region\" data-e2e=\"advertisement\" class=\"bbc-geybui\"\/>\n<div dir=\"ltr\" class=\"bbc-19j92fr ebmt73l0\">\n<p dir=\"ltr\" class=\"bbc-hhl7in e17g058b0\">Cuestionados, Expertos M\u00e9dicos del \u00d3rgano Rector del F\u00fatbol Internacional ANUNCIARON ESTE MARTES QUE RECOMENDAR\u00c1N UNA SERIE DE REGLAS ESTRICTAS PARA TRATAR LAS LESIONES CAREBRALES.<\/p>\n<\/div>\n<div dir=\"ltr\" class=\"bbc-19j92fr ebmt73l0\">\n<p dir=\"ltr\" class=\"bbc-hhl7in e17g058b0\">Seg\u00fan el Jefe del Comit\u00e9 M\u00e9dico de la Fifa, Michel d&#8217;Hooghe, se Debe Detener un Partido por Tres Minutos cuando un Jugador con una posici\u00f3n posible Cerebral Est\u00e9 SiendO SILDO por Un Un M\u00e9dico del OcoCugo, Quien Dididir\u00e1 El DEPORTISTATA SIGUE SIGUE SIGUE SIGO ON EXEPINADO Campo de JUEGO.<\/p>\n<\/div>\n<p><h2 id=\"Largo-camino\" tabindex=\"-1\" class=\"bbc-1lgzob2 eglt09e0\">Camino Largo<\/h2>\n<\/p>\n<div dir=\"ltr\" class=\"bbc-19j92fr ebmt73l0\">\n<p dir=\"ltr\" class=\"bbc-hhl7in e17g058b0\">Los demandantes de California consideran que Hasta Ahora no se hab\u00eda protegido a los futbolistas, Pese a \u00abLos Cambios que hace m\u00e1s de una D\u00e9cada pidio la comunidad m\u00e9dica\u00bb a este respeto.<\/p>\n<\/div>\n<div dir=\"ltr\" class=\"bbc-19j92fr ebmt73l0\">\n<p dir=\"ltr\" class=\"bbc-hhl7in e17g058b0\">En sus exigencias detallan un plan de accio de grano m\u00e1s amplio que el hecho de determinar cu\u00e1ndo un futbolista Puede Regr\u00e9s al terreno de JUEGO.<\/p>\n<\/div>\n<div dir=\"ltr\" class=\"bbc-19j92fr ebmt73l0\">\n<p dir=\"ltr\" class=\"bbc-hhl7in e17g058b0\">Seg\u00fan Explican, Tambi\u00e9n es Necesario La Creaci\u00f3 en ee.uu. De Un Programa de Vigilancia M\u00e9dica de Jugadores y Exjugadores, y Que se Limite la Pr\u00e1ctica del Cabeceo Entre Los Futbolistas Menores de 17 A\u00f1os.<\/p>\n<\/div>\n<div dir=\"ltr\" class=\"bbc-19j92fr ebmt73l0\">\n<p dir=\"ltr\" class=\"bbc-hhl7in e17g058b0\">OTRA PROPUESTA ES LA DE PERMITIR A LOS EQUIPOS Realizar Cambios temporales para Examinar A Los Jugadores con potencia de Haber Sufrido contusiones Cerebales.<\/p>\n<\/div>\n<div dir=\"ltr\" class=\"bbc-19j92fr ebmt73l0\">\n<p dir=\"ltr\" class=\"bbc-hhl7in e17g058b0\">La Demanda Recuerda A LAS Acciones legaliza Emprendidas en ee.uu. en los \u00daltimos A\u00f1os Contra la Liga NACORAL DE FUTBOL AMERICANO (NFL, por Susglas en ingl\u00e9s) Exigiendo a la organizaci\u00f3n compensaciones Millonarias por Lass sesecuelas sufridas por los que practican Este Deporte de Al Golpearse Cabeza.<\/p>\n<\/div>\n<div dir=\"ltr\" class=\"bbc-19j92fr ebmt73l0\">\n<p dir=\"ltr\" class=\"bbc-hhl7in e17g058b0\">El A\u00f1o Pasado, La NFL \u2013QUE HABIA SIDO ACUSADA DE OCULTAR DELIBERADIEME LOS PELIGROS DE ESTE TUPO DE IMPACTOS &#8211; LLEG\u00d3 A UN ACUERDO CON LOS DISCUESTOS, Entre los que hab\u00eda m\u00e1s de 4.000 exjugadores profesionales.<\/p>\n<\/div>\n<div dir=\"ltr\" class=\"bbc-19j92fr ebmt73l0\">\n<p dir=\"ltr\" class=\"bbc-hhl7in e17g058b0\">La Liga se Comprometi\u00f3 a Cear un fondo de alrededor de US $ 700 milonas para pagar indemnizaciones relaciones de relaciones con las consecias a una larga plazo de las de las cefaloras y para las investigaciones financieras m\u00e9dicas.<\/p>\n<\/div>\n<figure class=\"bbc-1qn0xuy\">\n<div class=\"bbc-j1srjl\" style=\"padding-bottom:56.25%\"><img decoding=\"async\" srcset=\"https:\/\/ichef.bbci.co.uk\/ace\/ws\/240\/amz\/worldservice\/live\/assets\/images\/2014\/09\/09\/140909043313_futbol_512x288_ap.jpg.webp 240w, https:\/\/ichef.bbci.co.uk\/ace\/ws\/320\/amz\/worldservice\/live\/assets\/images\/2014\/09\/09\/140909043313_futbol_512x288_ap.jpg.webp 320w, https:\/\/ichef.bbci.co.uk\/ace\/ws\/480\/amz\/worldservice\/live\/assets\/images\/2014\/09\/09\/140909043313_futbol_512x288_ap.jpg.webp 480w, https:\/\/ichef.bbci.co.uk\/ace\/ws\/512\/amz\/worldservice\/live\/assets\/images\/2014\/09\/09\/140909043313_futbol_512x288_ap.jpg.webp 512w\" sizes=\"auto, (min-width: 1008px) 760px, 100vw\" alt=\"Jugadores de f\u00fatbol americano\" loading=\"lazy\" width=\"512\" height=\"288\" src=\"aspect-ratio:512 \/ 288\" class=\"bbc-139onq\"\/><\/p>\n<p class=\"bbc-by8ykd\" role=\"text\"><span class=\"bbc-m04vo2\">Fuente de la Imagen, <\/span><span lang=\"en-GB\">AP<\/span><\/p>\n<\/div><figcaption class=\"bbc-15f1ujd\" dir=\"ltr\"><span role=\"text\"><span class=\"bbc-m04vo2\">Pie de Foto, <\/span><span data-testid=\"caption-paragraph\">M\u00e1s de 4.000 exjugadores Profesionales Demandaron a la NFL.<\/span><\/span><\/figcaption><\/figure>\n<p><h2 id=\"Los-peligros-de-la-CTE\" tabindex=\"-1\" class=\"bbc-1lgzob2 eglt09e0\">Los Peligros de la Cte<\/h2>\n<\/p>\n<div dir=\"ltr\" class=\"bbc-19j92fr ebmt73l0\">\n<p dir=\"ltr\" class=\"bbc-hhl7in e17g058b0\">Pese a que los expertos coincidas en que el riesgo de sufrir congmociones cerebrales graves en el f\u00fatbol es menor que en otros deportes de contacto como f\u00fatbol americano, el boxeo o el rugby, tambi\u00e9n enfatizan el repetido de la cabez El Balompi\u00e9 Hace que los Jugadores Tambi\u00e9n Puedan Padecer Problema A Largo Plazo que Pueden Disminuir Notablemento Su Calidad de Vida.<\/p>\n<\/div>\n<div dir=\"ltr\" class=\"bbc-19j92fr ebmt73l0\">\n<p dir=\"ltr\" class=\"bbc-hhl7in e17g058b0\">La Principal Preocupacia de los Especialistas es la Llamada Encefalopat\u00eda Traum\u00e1tica cr\u00f3nica (CTE, Por Sus Siglas en Ingl\u00e9s).<\/p>\n<\/div>\n<div dir=\"ltr\" class=\"bbc-19j92fr ebmt73l0\">\n<p dir=\"ltr\" class=\"bbc-hhl7in e17g058b0\">La cte puede desarrollarse fruto de las diversas congmociones cerebrales que los deportistas sufren a lo largo de sus carreras y que en el pasado se ha asociado con el boxeo, siendo conocida como demencia pugil\u00edstica.<\/p>\n<\/div>\n<div dir=\"ltr\" class=\"bbc-19j92fr ebmt73l0\">\n<p dir=\"ltr\" class=\"bbc-hhl7in e17g058b0\">Esta patolog\u00eda <i class=\"bbc-h1y5j7 eih42320\">post mortem<\/i>&#8211; Fue Constatada Hace Unos A\u00f1os en Las Autopsias que Expertos Estadounidenss realizaron a Decenas de Exjugadores de f\u00fatbol americano que Murieron A una Edad Tempana, Algunos de Ellos Quit\u00e1nDose La Vida.<\/p>\n<\/div>\n<div dir=\"ltr\" class=\"bbc-19j92fr ebmt73l0\">\n<p dir=\"ltr\" class=\"bbc-hhl7in e17g058b0\">Y es que seg\u00fans los M\u00e9dicos, la Cte, que se manifiesta en un Da\u00f1o Agudo del Tejido Cerebral, Puede Provocar P\u00e9rdida de Memoria y de Funciones Cognitivas, As\u00ed Como cuadros de depresi\u00f3n, Insomnio y AnsiDad, Entre s\u00edntomas.<\/p>\n<\/div>\n<figure class=\"bbc-1qn0xuy\">\n<div class=\"bbc-j1srjl\" style=\"padding-bottom:56.25%\"><img decoding=\"async\" srcset=\"https:\/\/ichef.bbci.co.uk\/ace\/ws\/240\/amz\/worldservice\/live\/assets\/images\/2014\/09\/09\/140909043225_futbol_512x288_afp.jpg.webp 240w, https:\/\/ichef.bbci.co.uk\/ace\/ws\/320\/amz\/worldservice\/live\/assets\/images\/2014\/09\/09\/140909043225_futbol_512x288_afp.jpg.webp 320w, https:\/\/ichef.bbci.co.uk\/ace\/ws\/480\/amz\/worldservice\/live\/assets\/images\/2014\/09\/09\/140909043225_futbol_512x288_afp.jpg.webp 480w, https:\/\/ichef.bbci.co.uk\/ace\/ws\/512\/amz\/worldservice\/live\/assets\/images\/2014\/09\/09\/140909043225_futbol_512x288_afp.jpg.webp 512w\" sizes=\"auto, (min-width: 1008px) 760px, 100vw\" alt=\"Jugadores de f\u00fatbol\" loading=\"lazy\" width=\"512\" height=\"288\" src=\"aspect-ratio:512 \/ 288\" class=\"bbc-139onq\"\/><\/p>\n<p class=\"bbc-by8ykd\" role=\"text\"><span class=\"bbc-m04vo2\">Fuente de la Imagen, <\/span><span lang=\"en-GB\">AFP<\/span><\/p>\n<\/div><figcaption class=\"bbc-15f1ujd\" dir=\"ltr\"><span role=\"text\"><span class=\"bbc-m04vo2\">Pie de Foto, <\/span><span data-testid=\"caption-paragraph\">Los Riesgos de los Golpes en la Cabeza Han Sido Menos Estudiados en el f\u00fatbol.<\/span><\/span><\/figcaption><\/figure>\n<div dir=\"ltr\" class=\"bbc-19j92fr ebmt73l0\">\n<p dir=\"ltr\" class=\"bbc-hhl7in e17g058b0\">Las investigaciones LAS SOBRE LA CTE EST\u00c1N DANDO SUS PRIMEROS PASOS, AUNQUE EN EE.UU. tanto la nfl como los organismos reguladores de otros deportes de contacto, se Han Tomado en sario sus posibles consecias y han acordado la introducci\u00f3n de las cefermociones de cefertiones de cefertaciones de cefertiones de cefertiones.<\/p>\n<\/div>\n<div dir=\"ltr\" class=\"bbc-19j92fr ebmt73l0\">\n<p dir=\"ltr\" class=\"bbc-hhl7in e17g058b0\">As\u00ed, por Ejemplo, Los Jugadores f\u00fatbol americano que sufren impactos fuertos en la cabeza Deben retirarse del campos de inmediato para ser evaluados por profesores m\u00e9dicos, que els los encargados de decidir cu\u00e1ndo pueden reeinformse a no incorpordo oae oae.<\/p>\n<\/div>\n<div dir=\"ltr\" class=\"bbc-19j92fr ebmt73l0\">\n<p dir=\"ltr\" class=\"bbc-hhl7in e17g058b0\">Los responsables de los respuestas M\u00e9dicos de la fifa Aseturaron a BBC Mundo A Trav\u00e9s de Un Comunicado Que la Organizaci\u00f3n de la Organizaci\u00f3n \u00abSiempre Ha Dado una Alta Prioridad A la Prevenci\u00f3n y el Tratamiento de Lesiones en la Cabera\u00bb, Inciani De Los Cuales Surgieron Unas \u00abRECOMENDACONES CLARAS\u00bb PARA LOS EQUIPOS Y LOS JUGADORES.<\/p>\n<\/div>\n<div dir=\"ltr\" class=\"bbc-19j92fr ebmt73l0\">\n<p dir=\"ltr\" class=\"bbc-hhl7in e17g058b0\">Los Expertos Creen Que, A Medida Que Avancen Los Estudios Sobre la Cte, es probable que empiecen a salir a la luz casos de exjugadores de f\u00fatbol que han padecido esta Enfermedad.<\/p>\n<\/div>\n<div dir=\"ltr\" class=\"bbc-19j92fr ebmt73l0\">\n<p dir=\"ltr\" class=\"bbc-hhl7in e17g058b0\">Hace Unos Meses El Doctor Brit\u00e1nnico Willie Stewart Presente un Informe en que Aseguraba que Jeff Astle, Exfutbolista Ingl\u00e9s del West Bromwich Fallecido en 2002 A LOS 59 A\u00f1os.<\/p>\n<\/div>\n<div dir=\"ltr\" class=\"bbc-19j92fr ebmt73l0\">\n<p dir=\"ltr\" class=\"bbc-hhl7in e17g058b0\">Stewart era Conocido por ser un especialista en el remate de Cabeza, hab\u00eda muerto una consecia de la cte y no alzheimer como se corre rrey\u00f3 en un Principio.<\/p>\n<\/div>\n<p><h2 id=\"Cambios-necesarios\" tabindex=\"-1\" class=\"bbc-1lgzob2 eglt09e0\">Cambios necesarios<\/h2>\n<\/p>\n<figure class=\"bbc-1qn0xuy\">\n<div class=\"bbc-j1srjl\" style=\"padding-bottom:56.25%\"><img decoding=\"async\" srcset=\"https:\/\/ichef.bbci.co.uk\/ace\/ws\/240\/amz\/worldservice\/live\/assets\/images\/2014\/09\/09\/140909043500_jeff_astle_304x171_pa.jpg.webp 240w, https:\/\/ichef.bbci.co.uk\/ace\/ws\/304\/amz\/worldservice\/live\/assets\/images\/2014\/09\/09\/140909043500_jeff_astle_304x171_pa.jpg.webp 304w\" sizes=\"auto, (min-width: 1008px) 760px, 100vw\" alt=\"Jeff Astle\" loading=\"lazy\" width=\"304\" height=\"171\" src=\"aspect-ratio:304 \/ 171\" class=\"bbc-139onq\"\/><\/p>\n<p class=\"bbc-by8ykd\" role=\"text\"><span class=\"bbc-m04vo2\">Fuente de la Imagen, <\/span><span lang=\"en-GB\">Pensilvania<\/span><\/p>\n<\/div><figcaption class=\"bbc-15f1ujd\" dir=\"ltr\"><span role=\"text\"><span class=\"bbc-m04vo2\">Pie de Foto, <\/span><span data-testid=\"caption-paragraph\">Jeff Astle, Exfutbolista Ingl\u00e9s del West Bromwich, Habr\u00eda Padecido Cte. <\/span><\/span><\/figcaption><\/figure>\n<div dir=\"ltr\" class=\"bbc-19j92fr ebmt73l0\">\n<p dir=\"ltr\" class=\"bbc-hhl7in e17g058b0\">Christopher Nowinski, Codirector del Centro para El Estudio de la Encefalopat\u00eda Traum\u00e1tica de la Universidad de Boston, Lleva A\u00f1os alertando Sobre las consecias de lasciones de las cerebros.<\/p>\n<\/div>\n<div dir=\"ltr\" class=\"bbc-19j92fr ebmt73l0\">\n<p dir=\"ltr\" class=\"bbc-hhl7in e17g058b0\">\u00abLas Reglas de la Fifa en lo deja a los condados a los cefalizos de los c\u00e9bros Su Salud \u00ab, Se\u00f1ala Nowinski en conversaci\u00f3n con BBC Mundo.<\/p>\n<\/div>\n<div dir=\"ltr\" class=\"bbc-19j92fr ebmt73l0\">\n<p dir=\"ltr\" class=\"bbc-hhl7in e17g058b0\">\u00abConocemos las consecias que se pure la cte y por eSo es necesario introduct Cambios. Cada A\u00f1o millas de j\u00f3venes Ven Sus Vidas Afectadas por Conmociones cerebrales, lo que se.<\/p>\n<\/div>\n<div dir=\"ltr\" class=\"bbc-19j92fr ebmt73l0\">\n<p dir=\"ltr\" class=\"bbc-hhl7in e17g058b0\">Nowinski Reconocle que el N\u00daMERO DE JUGADORES que sufren Conmociones cerebrales en el f\u00fatbol americano es alcalde, Pero cree que el f\u00fatbol est\u00e1 \u00aben la misma zona de peligro y eSo no se deBe deBe ignorar\u00bb.<\/p>\n<\/div>\n<div dir=\"ltr\" class=\"bbc-19j92fr ebmt73l0\">\n<p dir=\"ltr\" class=\"bbc-hhl7in e17g058b0\">El Experto de la Universidad de Boston Tambi\u00e9n Opina que se Deber\u00eda Introducir Cambios en la Pr\u00e1ctica del f\u00fatbol infantil y juvenil, retrasando la edad a la que se permita cabecear la pelota haasta los 13 o 14 a\u00f1os.<\/p>\n<\/div>\n<div dir=\"ltr\" class=\"bbc-19j92fr ebmt73l0\">\n<p dir=\"ltr\" class=\"bbc-hhl7in e17g058b0\">Antes de Esa Edad Los Ni\u00f1os no Tienen los M\u00fasculos del cuello lo suficientaci\u00f3n Desarrollados como para para absorbedor adecuadamento los impactos en la cabeza.<\/p>\n<\/div>\n<figure class=\"bbc-1qn0xuy\">\n<div class=\"bbc-j1srjl\" style=\"padding-bottom:56.25%\"><img decoding=\"async\" srcset=\"https:\/\/ichef.bbci.co.uk\/ace\/ws\/240\/amz\/worldservice\/live\/assets\/images\/2014\/09\/09\/140909043404_junior_seau_512x288_ap.jpg.webp 240w, https:\/\/ichef.bbci.co.uk\/ace\/ws\/320\/amz\/worldservice\/live\/assets\/images\/2014\/09\/09\/140909043404_junior_seau_512x288_ap.jpg.webp 320w, https:\/\/ichef.bbci.co.uk\/ace\/ws\/480\/amz\/worldservice\/live\/assets\/images\/2014\/09\/09\/140909043404_junior_seau_512x288_ap.jpg.webp 480w, https:\/\/ichef.bbci.co.uk\/ace\/ws\/512\/amz\/worldservice\/live\/assets\/images\/2014\/09\/09\/140909043404_junior_seau_512x288_ap.jpg.webp 512w\" sizes=\"auto, (min-width: 1008px) 760px, 100vw\" alt=\"Junior SEAU\" loading=\"lazy\" width=\"512\" height=\"288\" src=\"aspect-ratio:512 \/ 288\" class=\"bbc-139onq\"\/><\/p>\n<p class=\"bbc-by8ykd\" role=\"text\"><span class=\"bbc-m04vo2\">Fuente de la Imagen, <\/span><span lang=\"en-GB\">AP<\/span><\/p>\n<\/div><figcaption class=\"bbc-15f1ujd\" dir=\"ltr\"><span role=\"text\"><span class=\"bbc-m04vo2\">Pie de Foto, <\/span><span data-testid=\"caption-paragraph\">El Exjugador de la NFL Junior Seau se Suicid\u00f3 en 2012 y Su Cerebro Mostraba S\u00edntomas de Cte.<\/span><\/span><\/figcaption><\/figure>\n<p><h2 id=\"Efectos-a-largo-plazo\" tabindex=\"-1\" class=\"bbc-1lgzob2 eglt09e0\">Efectos un Largo Plazo<\/h2>\n<\/p>\n<div dir=\"ltr\" class=\"bbc-19j92fr ebmt73l0\">\n<p dir=\"ltr\" class=\"bbc-hhl7in e17g058b0\">El Doctor Tom A. Schweizer, del Departamento de Neurociencia del Hospital Canadiense de St. Michael, Asociado a la Universidad de Toronto, Coincide con Nowinski en que se deber\u00eda Limitar la Pr\u00e1ctica de Cabecear La Pelota Entre Entre.<\/p>\n<\/div>\n<div dir=\"ltr\" class=\"bbc-19j92fr ebmt73l0\">\n<p dir=\"ltr\" class=\"bbc-hhl7in e17g058b0\">\u00abCuando Habados de Jugadores infantiles, Hay Estudios que Muestran que los M\u00fasculos del cuello no est\u00e1n lo suficiente Desarrollados para absorbedor El Cabezazo de la Pelota\u00bb, Se\u00f1ala Schweizer en conversaci\u00f3n Conversaci\u00f3n con BBC Munundo.<\/p>\n<\/div>\n<div dir=\"ltr\" class=\"bbc-19j92fr ebmt73l0\">\n<p dir=\"ltr\" class=\"bbc-hhl7in e17g058b0\">\u00abEllo, Sumado al Hecho de Que Todav\u00eda Est\u00e1n Aprendiendo la T\u00e9cnica de Golpear Con La Cabeza, Puede Potencialmento Causar DaRos\u00bb,<\/p>\n<\/div>\n<div dir=\"ltr\" class=\"bbc-19j92fr ebmt73l0\">\n<p dir=\"ltr\" class=\"bbc-hhl7in e17g058b0\">Schweizer Asegura que la Incidencia de Las Conmociones Cerebrales Entre los futbolistas es menores que en otros deportes y que todav\u00eda se Debe Investigar M\u00e1s.<\/p>\n<\/div>\n<div dir=\"ltr\" class=\"bbc-19j92fr ebmt73l0\">\n<p dir=\"ltr\" class=\"bbc-hhl7in e17g058b0\">Aunque indica que en un estudio que realiz\u00f3 hace unos meses tomando base base la literatura cient\u00edfica disipible SOBRE ESTE TEMA, Concluy\u00f3 que m\u00c1s de un 50% de Los Jugadores sufren Alguna Conmoci\u00f3n a Lo Largo de su Carrera.<\/p>\n<\/div>\n<\/div>\n\n","protected":false},"excerpt":{"rendered":"<p>Fuente de la Imagen, Getty Pie de Foto, Un Grupo de Futbolistas y de Madres de Jugadores demandaron a la fifa en ee.uu. Informaci\u00f3n del Art\u00edculo Autor, Jaime Gonz\u00e1lez T\u00edtulo del Autor, BBC Mundo, Los \u00c1ngeles, @BBC_Gonzalez 10 de septiembre 2014 Han Actuado de Manera \u00abNegligente\u00bb y no Han Hecho lo Suficiente. Esta es la &hellip;<\/p>\n","protected":false},"author":1,"featured_media":14204,"comment_status":"open","ping_status":"open","sticky":false,"template":"","format":"standard","meta":{"fifu_image_url":"aspect-ratio:464%20\/%20261","fifu_image_alt":"","footnotes":""},"categories":[8],"tags":[],"class_list":["post-14203","post","type-post","status-publish","format-standard","has-post-thumbnail","","category-salud"],"_links":{"self":[{"href":"https:\/\/noticiasveraces.com\/index.php?rest_route=\/wp\/v2\/posts\/14203","targetHints":{"allow":["GET"]}}],"collection":[{"href":"https:\/\/noticiasveraces.com\/index.php?rest_route=\/wp\/v2\/posts"}],"about":[{"href":"https:\/\/noticiasveraces.com\/index.php?rest_route=\/wp\/v2\/types\/post"}],"author":[{"embeddable":true,"href":"https:\/\/noticiasveraces.com\/index.php?rest_route=\/wp\/v2\/users\/1"}],"replies":[{"embeddable":true,"href":"https:\/\/noticiasveraces.com\/index.php?rest_route=%2Fwp%2Fv2%2Fcomments&post=14203"}],"version-history":[{"count":0,"href":"https:\/\/noticiasveraces.com\/index.php?rest_route=\/wp\/v2\/posts\/14203\/revisions"}],"wp:featuredmedia":[{"embeddable":true,"href":"https:\/\/noticiasveraces.com\/index.php?rest_route=\/wp\/v2\/media\/14204"}],"wp:attachment":[{"href":"https:\/\/noticiasveraces.com\/index.php?rest_route=%2Fwp%2Fv2%2Fmedia&parent=14203"}],"wp:term":[{"taxonomy":"category","embeddable":true,"href":"https:\/\/noticiasveraces.com\/index.php?rest_route=%2Fwp%2Fv2%2Fcategories&post=14203"},{"taxonomy":"post_tag","embeddable":true,"href":"https:\/\/noticiasveraces.com\/index.php?rest_route=%2Fwp%2Fv2%2Ftags&post=14203"}],"curies":[{"name":"wp","href":"https:\/\/api.w.org\/{rel}","templated":true}]}}