{"id":14174,"date":"2025-02-11T02:48:29","date_gmt":"2025-02-11T06:48:29","guid":{"rendered":"https:\/\/noticiasveraces.com\/?p=14174"},"modified":"2025-02-11T02:48:29","modified_gmt":"2025-02-11T06:48:29","slug":"los-aviones-venezolanos-regresan-al-pais-latinoamericano-con-ciudadanos-deportados-de-nosotros","status":"publish","type":"post","link":"https:\/\/noticiasveraces.com\/?p=14174","title":{"rendered":"Los aviones venezolanos regresan al pa\u00eds latinoamericano con ciudadanos deportados de nosotros"},"content":{"rendered":"<p> \n<\/p>\n<div>\n<p class=\"speakable\">Dos aviones enviados por Venezuela regresaron a casa el lunes con casi 200 venezolanos que estaban ilegalmente en los Estados Unidos como parte del plan de deportaci\u00f3n masiva del presidente Donald Trump.<\/p>\n<p class=\"speakable\">Los 190 migrantes regresaron a Venezuela se\u00f1ala una posible facilidad en las tensiones entre los dos adversarios desde hace mucho tiempo y una victoria para la administraci\u00f3n Trump, ya que busca que los pa\u00edses recuperen a sus ciudadanos encontrados en los Estados Unidos sin autorizaci\u00f3n.<\/p>\n<p>Los vuelos de la aerol\u00ednea de Conviasa llegaron a la capital venezolana de Caracas desde Fort Bliss, una base del ej\u00e9rcito estadounidense en El Paso, Texas.<\/p>\n<p>\u00abDos aviones de inmigrantes ilegales dejaron El Paso hoy en d\u00eda se dirigieron a Venezuela, pagados por los venezolanos\u00bb, escribi\u00f3 el enviado de Trump Richard Grennell, quien supervis\u00f3 las deportaciones, escribi\u00f3 en X.<\/p>\n<p><strong>La corte federal impide que el administrador de Trump env\u00ede inmigrantes venezolanos detenidos a la Bah\u00eda de Guant\u00e1namo<\/strong><\/p>\n<div class=\"image-ct inline\">\n<div class=\"m\"><picture><source media=\"(max-width: 767px)\" srcset=\"https:\/\/a57.foxnews.com\/static.foxnews.com\/foxnews.com\/content\/uploads\/2025\/02\/343\/192\/vzmigrants.png?ve=1&amp;tl=1, https:\/\/a57.foxnews.com\/static.foxnews.com\/foxnews.com\/content\/uploads\/2025\/02\/686\/384\/vzmigrants.png?ve=1&amp;tl=1 2x\" height=\"192\" width=\"343\"><source media=\"(min-width: 768px) and (max-width: 1023px)\" srcset=\"https:\/\/a57.foxnews.com\/static.foxnews.com\/foxnews.com\/content\/uploads\/2025\/02\/672\/378\/vzmigrants.png?ve=1&amp;tl=1, https:\/\/a57.foxnews.com\/static.foxnews.com\/foxnews.com\/content\/uploads\/2025\/02\/1344\/756\/vzmigrants.png?ve=1&amp;tl=1 2x\" height=\"378\" width=\"672\"><source media=\"(min-width: 1024px) and (max-width: 1279px)\" srcset=\"https:\/\/a57.foxnews.com\/static.foxnews.com\/foxnews.com\/content\/uploads\/2025\/02\/931\/523\/vzmigrants.png?ve=1&amp;tl=1, https:\/\/a57.foxnews.com\/static.foxnews.com\/foxnews.com\/content\/uploads\/2025\/02\/1862\/1046\/vzmigrants.png?ve=1&amp;tl=1 2x\" height=\"523\" width=\"931\"><source media=\"(min-width: 1280px)\" srcset=\"https:\/\/a57.foxnews.com\/static.foxnews.com\/foxnews.com\/content\/uploads\/2025\/02\/720\/405\/vzmigrants.png?ve=1&amp;tl=1, https:\/\/a57.foxnews.com\/static.foxnews.com\/foxnews.com\/content\/uploads\/2025\/02\/1440\/810\/vzmigrants.png?ve=1&amp;tl=1 2x\" height=\"405\" width=\"720\"><img loading=\"lazy\" decoding=\"async\" src=\"https:\/\/a57.foxnews.com\/static.foxnews.com\/foxnews.com\/content\/uploads\/2025\/02\/1200\/675\/vzmigrants.png?ve=1&amp;tl=1\" alt=\"Los migrantes venezolanos deportados de los Estados Unidos\" width=\"1200\" height=\"675\"\/><\/source><\/source><\/source><\/source><\/picture><\/div>\n<div class=\"info\">\n<div class=\"caption\">\n<p><span>El lunes, dos aviones enviados por Venezuela regresaron al pa\u00eds desde El Paso, Texas, con casi 200 venezolanos que estaban ilegalmente en los Estados Unidos.<\/span> <span>(AP)<\/span><\/p>\n<\/div>\n<\/div>\n<\/div>\n<p>Los vuelos de deportaci\u00f3n desde los Estados Unidos a Venezuela se hab\u00edan detenido durante a\u00f1os, excepto por un breve per\u00edodo en octubre de 2023 bajo la administraci\u00f3n Biden.<\/p>\n<p>Un gran n\u00famero de venezolanos comenzaron a llegar a la frontera sur en 2021 y todav\u00eda se encuentran entre las nacionalidades con la mayor\u00eda de las personas que ingresan ilegalmente a los Estados Unidos, lo que ha hecho que la negativa de Venezuela a aceptar su regreso sea un gran obst\u00e1culo.<\/p>\n<p>La nueva voluntad de Venezuela para recuperar a los migrantes se produjo despu\u00e9s de que Grennell visit\u00f3 Caracas hace unas semanas.<\/p>\n<p>\u00abEste es el mundo que queremos, un mundo de paz, comprensi\u00f3n, di\u00e1logo y cooperaci\u00f3n\u00bb, dijo el presidente venezolano, Nicol\u00e1s Maduro.<\/p>\n<p><strong><u>Trump deportando a los criminales a los criminales a la Bah\u00eda de Guant\u00e1namo: conocer a los terroristas endurecidos a los que se unir\u00e1n<\/u><\/strong><\/p>\n<div class=\"image-ct inline\">\n<div class=\"m\"><picture><source media=\"(max-width: 767px)\" srcset=\"https:\/\/a57.foxnews.com\/static.foxnews.com\/foxnews.com\/content\/uploads\/2025\/02\/343\/192\/vzmigrantflights.png?ve=1&amp;tl=1, https:\/\/a57.foxnews.com\/static.foxnews.com\/foxnews.com\/content\/uploads\/2025\/02\/686\/384\/vzmigrantflights.png?ve=1&amp;tl=1 2x\" height=\"192\" width=\"343\"><source media=\"(min-width: 768px) and (max-width: 1023px)\" srcset=\"https:\/\/a57.foxnews.com\/static.foxnews.com\/foxnews.com\/content\/uploads\/2025\/02\/672\/378\/vzmigrantflights.png?ve=1&amp;tl=1, https:\/\/a57.foxnews.com\/static.foxnews.com\/foxnews.com\/content\/uploads\/2025\/02\/1344\/756\/vzmigrantflights.png?ve=1&amp;tl=1 2x\" height=\"378\" width=\"672\"><source media=\"(min-width: 1024px) and (max-width: 1279px)\" srcset=\"https:\/\/a57.foxnews.com\/static.foxnews.com\/foxnews.com\/content\/uploads\/2025\/02\/931\/523\/vzmigrantflights.png?ve=1&amp;tl=1, https:\/\/a57.foxnews.com\/static.foxnews.com\/foxnews.com\/content\/uploads\/2025\/02\/1862\/1046\/vzmigrantflights.png?ve=1&amp;tl=1 2x\" height=\"523\" width=\"931\"><source media=\"(min-width: 1280px)\" srcset=\"https:\/\/a57.foxnews.com\/static.foxnews.com\/foxnews.com\/content\/uploads\/2025\/02\/720\/405\/vzmigrantflights.png?ve=1&amp;tl=1, https:\/\/a57.foxnews.com\/static.foxnews.com\/foxnews.com\/content\/uploads\/2025\/02\/1440\/810\/vzmigrantflights.png?ve=1&amp;tl=1 2x\" height=\"405\" width=\"720\"><img loading=\"lazy\" decoding=\"async\" src=\"https:\/\/a57.foxnews.com\/static.foxnews.com\/foxnews.com\/content\/uploads\/2025\/02\/1200\/675\/vzmigrantflights.png?ve=1&amp;tl=1\" alt=\"Migrantes venezolanos\" width=\"1200\" height=\"675\"\/><\/source><\/source><\/source><\/source><\/picture><\/div>\n<div class=\"info\">\n<div class=\"caption\">\n<p><span>Los venezolanos deportados de los Estados Unidos llegan al Aeropuerto Internacional Simon Bol\u00edvar en Maiquetia, Venezuela, el lunes 10 de febrero de 2025.<\/span> <span>(AP)<\/span><\/p>\n<\/div>\n<\/div>\n<\/div>\n<p>El gobierno venezolano confirm\u00f3 los vuelos m\u00e1s temprano el lunes, criticando en un comunicado la narrativa \u00abmal intencionada\u00bb y \u00abfalsa\u00bb que rodea la presencia de pandillas de Tren de Aragua en los Estados Unidos, la declaraci\u00f3n dijo que la mayor\u00eda de los migrantes venezuelos son personas decentes y trabajadoras y que los funcionarios estadounidenses est\u00e1n intentando estigmatizar el pa\u00eds.<\/p>\n<p>Los vuelos de deportaci\u00f3n del lunes se produjeron d\u00edas despu\u00e9s de que algunos extranjeros ilegales fueron enviados a la Bah\u00eda de Guant\u00e1namo, Cuba, Campamento de Detenci\u00f3n, donde se separan de 15 detenidos que ya estaban all\u00ed, incluidos los planificadores en el ataque terrorista del 11 de septiembre de 2001.<\/p>\n<p>Un juez federal en Nuevo M\u00e9xico bloque\u00f3 temporalmente a la administraci\u00f3n Trump para enviar a tres hombres venezolanos a la Bah\u00eda de Guant\u00e1namo el domingo. Los abogados del tr\u00edo argumentaron que sus clientes \u00abse ajustan al perfil de aquellos que la administraci\u00f3n ha priorizado por detenci\u00f3n en Guant\u00e1namo, es decir, hombres venezolanos detenidos en el \u00e1rea de El Paso con cargas (falsas) de conexiones con la pandilla Tren de Aragua\u00bb.<\/p>\n<div class=\"image-ct inline\">\n<div class=\"m\"><picture><source media=\"(max-width: 767px)\" srcset=\"https:\/\/a57.foxnews.com\/static.foxnews.com\/foxnews.com\/content\/uploads\/2025\/02\/343\/192\/vzim.png?ve=1&amp;tl=1, https:\/\/a57.foxnews.com\/static.foxnews.com\/foxnews.com\/content\/uploads\/2025\/02\/686\/384\/vzim.png?ve=1&amp;tl=1 2x\" height=\"192\" width=\"343\"><source media=\"(min-width: 768px) and (max-width: 1023px)\" srcset=\"https:\/\/a57.foxnews.com\/static.foxnews.com\/foxnews.com\/content\/uploads\/2025\/02\/672\/378\/vzim.png?ve=1&amp;tl=1, https:\/\/a57.foxnews.com\/static.foxnews.com\/foxnews.com\/content\/uploads\/2025\/02\/1344\/756\/vzim.png?ve=1&amp;tl=1 2x\" height=\"378\" width=\"672\"><source media=\"(min-width: 1024px) and (max-width: 1279px)\" srcset=\"https:\/\/a57.foxnews.com\/static.foxnews.com\/foxnews.com\/content\/uploads\/2025\/02\/931\/523\/vzim.png?ve=1&amp;tl=1, https:\/\/a57.foxnews.com\/static.foxnews.com\/foxnews.com\/content\/uploads\/2025\/02\/1862\/1046\/vzim.png?ve=1&amp;tl=1 2x\" height=\"523\" width=\"931\"><source media=\"(min-width: 1280px)\" srcset=\"https:\/\/a57.foxnews.com\/static.foxnews.com\/foxnews.com\/content\/uploads\/2025\/02\/720\/405\/vzim.png?ve=1&amp;tl=1, https:\/\/a57.foxnews.com\/static.foxnews.com\/foxnews.com\/content\/uploads\/2025\/02\/1440\/810\/vzim.png?ve=1&amp;tl=1 2x\" height=\"405\" width=\"720\"><img loading=\"lazy\" decoding=\"async\" src=\"https:\/\/a57.foxnews.com\/static.foxnews.com\/foxnews.com\/content\/uploads\/2025\/02\/1200\/675\/vzim.png?ve=1&amp;tl=1\" alt=\"El ministro del Interior venezolano, Diosdado Cabello, sale de un avi\u00f3n que transport\u00f3 a los migrantes deportados desde los Estados Unidos\" width=\"1200\" height=\"675\"\/><\/source><\/source><\/source><\/source><\/picture><\/div>\n<div class=\"info\">\n<div class=\"caption\">\n<p><span>El ministro del Interior venezolano, Diosdado Cabello, a la izquierda, sale de un avi\u00f3n que transport\u00f3 a los deportados desde los Estados Unidos en el Aeropuerto Internacional Simon Bol\u00edvar en Maiquetia, Venezuela, el lunes 10 de febrero de 2025.<\/span> <span>(AP)<\/span><\/p>\n<\/div>\n<\/div>\n<\/div>\n<p><strong><u>Haga clic aqu\u00ed para obtener la aplicaci\u00f3n Fox News<\/u><\/strong><\/p>\n<p>Los vuelos tambi\u00e9n se produjeron despu\u00e9s de que el Secretario de Estado Marco Rubio lleg\u00f3 a acuerdos con El Salvador y Guatemala para que esos pa\u00edses acepten a sus ciudadanos y deportados estadounidenses de otras nacionalidades.<\/p>\n<p>Trump dijo despu\u00e9s de la visita de Grennell que el gobierno venezolano hab\u00eda acordado aceptar \u00abtodos los extranjeros ilegales de Venezuela que estaban acampados en los Estados Unidos, incluidos los miembros de pandillas de Tren de Aragua\u00bb, y pagar sus vuelos a casa. Media docena de estadounidenses celebrados en Venezuela fueron liberados en ese momento.<\/p>\n<p><i>Associated Press contribuy\u00f3 a este informe.<\/i><\/p>\n<p> <!----> <\/div>\n\n","protected":false},"excerpt":{"rendered":"<p>Dos aviones enviados por Venezuela regresaron a casa el lunes con casi 200 venezolanos que estaban ilegalmente en los Estados Unidos como parte del plan de deportaci\u00f3n masiva del presidente Donald Trump. Los 190 migrantes regresaron a Venezuela se\u00f1ala una posible facilidad en las tensiones entre los dos adversarios desde hace mucho tiempo y una &hellip;<\/p>\n","protected":false},"author":1,"featured_media":14176,"comment_status":"open","ping_status":"open","sticky":false,"template":"","format":"standard","meta":{"fifu_image_url":"https:\/\/static.foxnews.com\/foxnews.com\/content\/uploads\/2025\/02\/vzmigrantflights.png","fifu_image_alt":"","footnotes":""},"categories":[13],"tags":[],"class_list":["post-14174","post","type-post","status-publish","format-standard","has-post-thumbnail","","category-mundo"],"_links":{"self":[{"href":"https:\/\/noticiasveraces.com\/index.php?rest_route=\/wp\/v2\/posts\/14174","targetHints":{"allow":["GET"]}}],"collection":[{"href":"https:\/\/noticiasveraces.com\/index.php?rest_route=\/wp\/v2\/posts"}],"about":[{"href":"https:\/\/noticiasveraces.com\/index.php?rest_route=\/wp\/v2\/types\/post"}],"author":[{"embeddable":true,"href":"https:\/\/noticiasveraces.com\/index.php?rest_route=\/wp\/v2\/users\/1"}],"replies":[{"embeddable":true,"href":"https:\/\/noticiasveraces.com\/index.php?rest_route=%2Fwp%2Fv2%2Fcomments&post=14174"}],"version-history":[{"count":0,"href":"https:\/\/noticiasveraces.com\/index.php?rest_route=\/wp\/v2\/posts\/14174\/revisions"}],"wp:featuredmedia":[{"embeddable":true,"href":"https:\/\/noticiasveraces.com\/index.php?rest_route=\/wp\/v2\/media\/14176"}],"wp:attachment":[{"href":"https:\/\/noticiasveraces.com\/index.php?rest_route=%2Fwp%2Fv2%2Fmedia&parent=14174"}],"wp:term":[{"taxonomy":"category","embeddable":true,"href":"https:\/\/noticiasveraces.com\/index.php?rest_route=%2Fwp%2Fv2%2Fcategories&post=14174"},{"taxonomy":"post_tag","embeddable":true,"href":"https:\/\/noticiasveraces.com\/index.php?rest_route=%2Fwp%2Fv2%2Ftags&post=14174"}],"curies":[{"name":"wp","href":"https:\/\/api.w.org\/{rel}","templated":true}]}}