{"id":14159,"date":"2025-02-11T01:21:28","date_gmt":"2025-02-11T05:21:28","guid":{"rendered":"https:\/\/noticiasveraces.com\/?p=14159"},"modified":"2025-02-11T01:21:28","modified_gmt":"2025-02-11T05:21:28","slug":"vivir-mas-tiempo-podria-auminar-el-riesgo-de-demencia-pero-hay-formas-de-reducirlo","status":"publish","type":"post","link":"https:\/\/noticiasveraces.com\/?p=14159","title":{"rendered":"Vivir m\u00e1s tiempo podr\u00eda auminar El Riesgo de Demencia, Pero Hay Formas de Reducirlo"},"content":{"rendered":"<p> \n<br \/><img decoding=\"async\" src=\"https:\/\/gdb.voanews.com\/460bc88f-a1d7-4958-b4d1-e490568842f7_w800_h450.jpg\" \/><\/p>\n<div>\n<span class=\"dateline\">Washington &#8211; <\/span><\/p>\n<p>Sepera que aparoximadamete un Mill\u00f3n de Estadounidenses al A\u00f1o desarrollen Demencia para El A\u00f1o 2060, Alrededor del Doble de la Cifra Real, Revelaron Investigadores El Lunes.<\/p>\n<p>ESA ESTIMACI\u00d3N SE SE BASA EN UN NUEVO ESTUDIO QUE ENCONTR\u00d3 UN RIESGO DE POR VIDA M\u00c1S ALTO DE LO SE PENSABA PONTERIORMENTE: DESPU\u00c9S DE LOS 55 A\u00f1os, Las Personas Tienen Hasta un 40 % de Posibilidadadas de Desarrillar Eventualmentmente, Si Vivenviven lo sufficiente.<\/p>\n<p>Es un n\u00famero preocupante, Pero heno medidas que las personas pueden tomar para -reducir e riesgo, como controlar la presi\u00f3n, la alternativa arterial de los problemas de salud perjudiciales para el cerebro. Y no es Demasiado Tarde para Intentarlo, inclusi\u00f3n en la Mediana Edad.<\/p>\n<p>\u00abTODOS NUURESTROS ESTUDIOS SURGIEREN QUE LO HACES EN LA MEDIADAD REALMENTE IMPORTA\u00bb, DiJo el M\u00e9dico Josef Coresh de Nyu Langone Health, Coautor del Estudio en la Revista Nature Medicine.<\/p>\n<h3 class=\"wsw__h3\">La Demencia no es S\u00f3lo Alzheimer<\/h3>\n<p>TARDAR M\u00c1S EN RECORDAR UN Nombre o D\u00f3nde Pusiste Tus Llaves es T\u00edpico con la Edad Avanzada. Pero la Demencia no es una parte Normal Del Envejecimiento, es una p\u00e9rdida Progresiva de Memoria, Lenguaje y Otras Funciones cognitivas. Simplement Envejecer es el Mayor Riesgo y La Poblaci\u00f3n Est\u00e1 Envejeciendo r\u00e1pidamete.<\/p>\n<p>El Alzheimer es la forma m\u00e1s com\u00fan, y Los Cambios Silenciosos en el Cerebro que eventualmentte conduce a \u00e9l pueden comenzar dos d\u00e9cadas antes que aparezcan los s\u00edntomas. OTROS TUPOS INCURIENT LA Demencia Vascular, Cuando la Enfirmedad Card\u00edaca o Peque\u00f1os Accidentes Cerebrovasculares Afect\u00e1n El Flujo Sangu\u00edno Al Cerebro. Muchas personas tienen causas mixtas, lo que significan que los problemas vasculares podr\u00eda exacerbar los s\u00edntomas incipientes del alzheimer.<\/p>\n<p>Medir El Riesgo desde una Cierta Edad Durante la Vida \u00fatil Restante potencial Puede Guiar las Recomendaciones de Salud P\u00fablica y la Investigaci\u00f3n M\u00e9dica.<\/p>\n<p>\u00abNo es una garant\u00eda de que alguien desarrollar\u00e1 demencia\u00bb, Advirti\u00f3 El Dr. James Galvin, Especialista en Alzheimer de la Universidad de Miami. No particip\u00f3 en el Nuevo Estudio, Pero dijo que los Hallazgos Concuerdan Contras Investigaciones.<\/p>\n<h3 class=\"wsw__h3\">El Riesgo de Demencia es DiFerente Por Edad<\/h3>\n<p>Estudios anteriormente Estimaron que apraximadamento el 14 % de los Hombres y el 23 % de las Mujeres desarrollar\u00eda Alguna Forma de Demencia Durante su Vida. El Equugo de Coresh analiz\u00f3 datos m\u00e1s recientes de un estudio estadounidense que ha rastreado la salud cardiaca y la funci\u00f3 cognitiva de unos 15.000 adultos mayores durante varias d\u00e9cadas.<\/p>\n<p>M\u00c1S IMPORTANTE, Encontaron que El Riesgo Cambia Con Las D\u00e9cadas.<\/p>\n<p>S\u00f3lo el 4 % de las personas Desarrollaron Demencia Entre Los 55 y Los 75 A\u00f1os, Lo Que Coreh Llama una una Ventana Clave de 20 A\u00f1os Para Proteger La Salud Cerebral.<\/p>\n<p>Para las las personajes que Sobrevivido A Amenaza Comunes para la Salud Hasta Los 75 A\u00f1os, El Riesgo de Demencia Luego Aument\u00f3, Al 20 % A LOS 85 A\u00f1os y Al 42 % Entre LOS 85 y LOS 95 A\u00f1os.<\/p>\n<p>EN GENERAL, El Riesgo de Demencia de Por Vida Despu\u00e9s de Los 55 A\u00f1os Fue del 35 % para los Hombres y del 48 % para Las Mujeres, Concluyon Los Investigadores. LAS MUJERES GENERALMENTE VIVEN M\u00c1S LOS HOMBRES, UNA RAZ\u00d3N PRINCIPAL PARA ESA DIFERENCIA, Se\u00f1al\u00f3 Coresh. Los Estadosidensos Negros Ten\u00eda Un Riesgo Ligeramete Mayor, 44 %, Que Los Blancos Con 41 %.<\/p>\n<h3 class=\"wsw__h3\">S\u00ed, Hay Formas de Aydar un reductor el Riesgo de Demencia<\/h3>\n<p>Hen Algunos factores de riesgo que las personas no Pueden Controlar, incluida la edad y si heredaron una variante gen\u00e9tica llame a apoe4 que aumma las posibilidades de alzheimer en la verjez.<\/p>\n<p>Pero las personas pueden intentar evitar o al menos retrasar los problemas de salud que contribuyen a la demencia posterior. Coresh, Por Ejemplo, EE. UU. Casco Cuando anda en bicicleta porque lasesiones cerebrales repetidas o tumbas por accidentes o ca\u00eddas aumentan el riesgo de demencia en la vejez.<\/p>\n<p>Especialmente IMPORTANTE: \u00abLo que es hueno para tu coraz\u00f3n es hueno para tu cerebro\u00bb, Agreg\u00f3 Galvin de Miami. Insta a Las Personas A Hacer Ejercio, Evitar la Obesidad y Controlar la Presi\u00f3n Arterial, la diabetes y el Colesterol.<\/p>\n<p>Por eJemplo, la presi\u00f3n arterial alta puede afectar el flujo sangu\u00edneo al cerebro, un riesgo no solo para la demencia seno vascular tambi\u00e9n vinculado a algunos signos distintivos del alzheimer. De Manera similar, el Az\u00facar en Srangr Alto de la Diabetes Mal Controlada Est\u00e1 Vinculado al deterioro cognitivo y la inflamaci\u00f3n da\u00f1ina en el Cerebro.<\/p>\n<p>Mantente Social y Cognitivamento Activo Tambi\u00e9n, Dijo Galvin. Insta a Las Personas A Probar Aud\u00edfonos si la Edad Trae P\u00e9rdida Auditiva, lo que puede fomentar el aislamiento social.<\/p>\n<p>\u00abHay Cosas Sobre Las Que Tenemos Control, Y esas Cosas Creo Que Ser\u00edan Realmento IMPORTANTE para construir un cerebro mejor a medida que envejecemos\u00bb, Dijo.<\/p>\n<p><strong><em>\u00a1Con9Cate Con la Voz de Am\u00e9rica! Suscr\u00edbete un canales de nuestros de<\/em><\/strong><strong><em>  YouTube<\/em><\/strong><strong><em>, <\/em><\/strong><strong><em>Whatsapp<\/em><\/strong><strong><em>  Y al <\/em><\/strong><strong><em>hoja informativa<\/em><\/strong><strong><em>. Activa las Notificaciones y s\u00edguenos en <\/em><\/strong><strong><em>Facebook<\/em><\/strong><strong><em>, <\/em><\/strong><a class=\"wsw__a\" href=\"https:\/\/nam10.safelinks.protection.outlook.com\/?url=https%3A%2F%2Ftwitter.com%2FVozdeAmerica&amp;data=05%7C02%7Cwserrano%40voanews.com%7C0b9cfda59f52447b0ed708dc07d64451%7Cba99e87c673541c2b1c1354eee3a8659%7C0%7C0%7C638393864063639904%7CUnknown%7CTWFpbGZsb3d8eyJWIjoiMC4wLjAwMDAiLCJQIjoiV2luMzIiLCJBTiI6Ik1haWwiLCJXVCI6Mn0%3D%7C3000%7C%7C%7C&amp;sdata=unLJDFixL8cjTiSip1dC8ViP8otjrQyzq1ziP2g1PMo%3D&amp;reserved=0\" target=\"_blank\" title=\"https:\/\/nam10.safelinks.protection.outlook.com\/?url=https%3a%2f%2ftwitter.com%2fvozdeamerica&amp;data=05%7c01%7cgocando%40associates.voanews.com%7c85e4290da0bc44559b1208db9a78d6f3%7cba99e87c673541c2b1c1354eee3a8659%7c0%7c0%7c638273616021819023%7cunknown%7ctwf\"><strong><em>inc\u00f3gnita<\/em><\/strong><\/a><strong><em>  mi <\/em><\/strong><strong><em>Instagram<\/em><\/strong><strong><em>.<\/em><\/strong><em> <\/em><\/p>\n<\/div>\n<p><script async src=\"https:\/\/platform.twitter.com\/widgets.js\" charset=\"utf-8\"><\/script><script async src=\"\/\/www.instagram.com\/embed.js\"><\/script><br \/>\n<br \/>\n","protected":false},"excerpt":{"rendered":"<p>Washington &#8211; Sepera que aparoximadamete un Mill\u00f3n de Estadounidenses al A\u00f1o desarrollen Demencia para El A\u00f1o 2060, Alrededor del Doble de la Cifra Real, Revelaron Investigadores El Lunes. ESA ESTIMACI\u00d3N SE SE BASA EN UN NUEVO ESTUDIO QUE ENCONTR\u00d3 UN RIESGO DE POR VIDA M\u00c1S ALTO DE LO SE PENSABA PONTERIORMENTE: DESPU\u00c9S DE LOS 55 &hellip;<\/p>\n","protected":false},"author":1,"featured_media":14161,"comment_status":"open","ping_status":"open","sticky":false,"template":"","format":"standard","meta":{"fifu_image_url":"https:\/\/gdb.voanews.com\/460bc88f-a1d7-4958-b4d1-e490568842f7_w800_h450.jpg","fifu_image_alt":"","footnotes":""},"categories":[8],"tags":[],"class_list":["post-14159","post","type-post","status-publish","format-standard","has-post-thumbnail","","category-salud"],"_links":{"self":[{"href":"https:\/\/noticiasveraces.com\/index.php?rest_route=\/wp\/v2\/posts\/14159","targetHints":{"allow":["GET"]}}],"collection":[{"href":"https:\/\/noticiasveraces.com\/index.php?rest_route=\/wp\/v2\/posts"}],"about":[{"href":"https:\/\/noticiasveraces.com\/index.php?rest_route=\/wp\/v2\/types\/post"}],"author":[{"embeddable":true,"href":"https:\/\/noticiasveraces.com\/index.php?rest_route=\/wp\/v2\/users\/1"}],"replies":[{"embeddable":true,"href":"https:\/\/noticiasveraces.com\/index.php?rest_route=%2Fwp%2Fv2%2Fcomments&post=14159"}],"version-history":[{"count":0,"href":"https:\/\/noticiasveraces.com\/index.php?rest_route=\/wp\/v2\/posts\/14159\/revisions"}],"wp:featuredmedia":[{"embeddable":true,"href":"https:\/\/noticiasveraces.com\/index.php?rest_route=\/wp\/v2\/media\/14161"}],"wp:attachment":[{"href":"https:\/\/noticiasveraces.com\/index.php?rest_route=%2Fwp%2Fv2%2Fmedia&parent=14159"}],"wp:term":[{"taxonomy":"category","embeddable":true,"href":"https:\/\/noticiasveraces.com\/index.php?rest_route=%2Fwp%2Fv2%2Fcategories&post=14159"},{"taxonomy":"post_tag","embeddable":true,"href":"https:\/\/noticiasveraces.com\/index.php?rest_route=%2Fwp%2Fv2%2Ftags&post=14159"}],"curies":[{"name":"wp","href":"https:\/\/api.w.org\/{rel}","templated":true}]}}