{"id":14144,"date":"2025-02-10T21:42:42","date_gmt":"2025-02-11T01:42:42","guid":{"rendered":"https:\/\/noticiasveraces.com\/?p=14144"},"modified":"2025-02-10T21:42:42","modified_gmt":"2025-02-11T01:42:42","slug":"zelenski-se-reunira-con-vicepresidente-de-estados-unidos-dw-11-02-2025","status":"publish","type":"post","link":"https:\/\/noticiasveraces.com\/?p=14144","title":{"rendered":"Zelenski SE Reunir\u00e1 Con Vicepresidente de Estados Unidos &#8211; DW &#8211; 11\/02\/2025"},"content":{"rendered":"<p> \n<\/p>\n<div>\n<p>El Presidente de Ucrania, Volodimir Zelenski, SE Reunir\u00e1 Con el Vicepresidente Estadounidense, Jd Vance, En Una Conferencia de Seguridad de M\u00fanich (Alemania) ESTE VIERNES 14 de febebero, dijo el Lunes a un elportavoz Presidencial Urcraniano, sergei Afbrero.<\/p>\n<p>La Reuni\u00f3n se produce en un momento en que el Presidente de Estados Unidos, Donald Trump, Est\u00e1 Presionando para Poner Fin a la Guerra, Tres A\u00f1os Despu\u00e9s de la Invasi\u00f3n Rusa de Ucrania.<\/p>\n<p>Trump Dijo El Viernes Que \u00abProbablemente\u00bb SE Reunir\u00eda Con Zelenski Esta Semana.<\/p>\n<p>UNA FUENTE Dentro del Gabinete Presidencial de Kiev Afirm\u00f3 Tambi\u00e9n a la AFP Que el Enviado Especial de Trump Para Ucrania, Keith Kellogg, Iba A Visitar El Pa\u00eds El Pr\u00f3ximo 20 de Febero, D\u00edas Antes del Tercer Aniversario del Inicio de la Invasi\u00f3n Rusa.<\/p>\n<p>Aunque Sin Detallar El Calendario, Trump Confirm\u00f3 Que Kellogg, Encargado de Elaborar Un Plan para Poner Fin a la Guerra, Visitar\u00e1 Pronto Ucrania.<\/p>\n<p>Mg (AFP, DPA)<\/p>\n<div class=\"vjs-wrapper embed big\">\n<h2 aria-label=\"Video integrado \u2014 Trump pide recursos ucranianos a cambio de ayuda militar\" class=\"headline\"><svg xmlns=\"http:\/\/www.w3.org\/2000\/svg\" viewbox=\"0 0 20 20\"><g fill-rule=\"evenodd\"><path d=\"M14.114 7.599H13.5l.002 4.706h.601l4.582 3.25-.005-11.11zM11.084 4.444l-9.007.002-1.336.797.002 9.514 1.334.793 9.007.006 1.509-.799-.004-9.516z\"\/><\/g><\/svg>Trump Pide Recursos Ucranianos un Cambio de Ayuda Militar<\/h2>\n<p><video id=\"video-71544606\" controls=\"\" playsinline=\"\" preload=\"none\" poster=\"data:image\/png;base64,iVBORw0KGgoAAAANSUhEUgAAAAEAAAABCAQAAAC1HAwCAAAAC0lEQVR42mNkYAAAAAYAAjCB0C8AAAAASUVORK5CYII=\" data-id=\"71544606\" data-posterurl=\"https:\/\/static.dw.com\/image\/71528688_605.webp\" data-duration=\"02:32\"><source src=\"https:\/\/hlsvod.dw.com\/i\/dwtv_video\/flv\/js\/js20250207_Rareearth09E_,AVC_480x270,AVC_512x288,AVC_640x360,AVC_960x540,AVC_1280x720,AVC_1920x1080,.mp4.csmil\/master.m3u8\" type=\"application\/x-mpegURL\"><source src=\"https:\/\/tvdownloaddw-a.akamaihd.net\/dwtv_video\/flv\/js\/js20250207_Rareearth09E_AVC_1920x1080.mp4\" type=\"video\/mp4\"><p class=\"vjs-no-js\">Para ver este video, habilite JavaScript y considere actualizar a un navegador web que admite el video HTML5<\/p>\n<p><\/source><\/source><\/video><\/div>\n<\/div>\n\n","protected":false},"excerpt":{"rendered":"<p>El Presidente de Ucrania, Volodimir Zelenski, SE Reunir\u00e1 Con el Vicepresidente Estadounidense, Jd Vance, En Una Conferencia de Seguridad de M\u00fanich (Alemania) ESTE VIERNES 14 de febebero, dijo el Lunes a un elportavoz Presidencial Urcraniano, sergei Afbrero. La Reuni\u00f3n se produce en un momento en que el Presidente de Estados Unidos, Donald Trump, Est\u00e1 Presionando &hellip;<\/p>\n","protected":false},"author":1,"featured_media":14145,"comment_status":"open","ping_status":"open","sticky":false,"template":"","format":"standard","meta":{"fifu_image_url":"https:\/\/static.dw.com\/image\/71112668_6.jpg","fifu_image_alt":"","footnotes":""},"categories":[13],"tags":[],"class_list":["post-14144","post","type-post","status-publish","format-standard","has-post-thumbnail","","category-mundo"],"_links":{"self":[{"href":"https:\/\/noticiasveraces.com\/index.php?rest_route=\/wp\/v2\/posts\/14144","targetHints":{"allow":["GET"]}}],"collection":[{"href":"https:\/\/noticiasveraces.com\/index.php?rest_route=\/wp\/v2\/posts"}],"about":[{"href":"https:\/\/noticiasveraces.com\/index.php?rest_route=\/wp\/v2\/types\/post"}],"author":[{"embeddable":true,"href":"https:\/\/noticiasveraces.com\/index.php?rest_route=\/wp\/v2\/users\/1"}],"replies":[{"embeddable":true,"href":"https:\/\/noticiasveraces.com\/index.php?rest_route=%2Fwp%2Fv2%2Fcomments&post=14144"}],"version-history":[{"count":0,"href":"https:\/\/noticiasveraces.com\/index.php?rest_route=\/wp\/v2\/posts\/14144\/revisions"}],"wp:featuredmedia":[{"embeddable":true,"href":"https:\/\/noticiasveraces.com\/index.php?rest_route=\/wp\/v2\/media\/14145"}],"wp:attachment":[{"href":"https:\/\/noticiasveraces.com\/index.php?rest_route=%2Fwp%2Fv2%2Fmedia&parent=14144"}],"wp:term":[{"taxonomy":"category","embeddable":true,"href":"https:\/\/noticiasveraces.com\/index.php?rest_route=%2Fwp%2Fv2%2Fcategories&post=14144"},{"taxonomy":"post_tag","embeddable":true,"href":"https:\/\/noticiasveraces.com\/index.php?rest_route=%2Fwp%2Fv2%2Ftags&post=14144"}],"curies":[{"name":"wp","href":"https:\/\/api.w.org\/{rel}","templated":true}]}}