{"id":14141,"date":"2025-02-10T21:39:31","date_gmt":"2025-02-11T01:39:31","guid":{"rendered":"https:\/\/noticiasveraces.com\/?p=14141"},"modified":"2025-02-10T21:39:31","modified_gmt":"2025-02-11T01:39:31","slug":"me-quiero-medidor-en-el-mundo-del-arte-y-de-la-musica","status":"publish","type":"post","link":"https:\/\/noticiasveraces.com\/?p=14141","title":{"rendered":"\u00abMe quiero medidor en el Mundo del Arte y de la M\u00fasica\u00bb"},"content":{"rendered":"<p> \n<\/p>\n<div id=\"intext\">\n<p>El Exfutbolista Marcelo Vieira se Ha Sentado Con Pablo Motos en El Hormiguero para Repasar los Momeros M\u00e1s ic\u00f3nicos de Su Trayectoria y Habar Sobre Su Futuro Tras Colgar Las Botas. El Brasile\u00f1o <b>anuncio su retirada del f\u00fatbol a los 36 a\u00f1os<\/b>poniendo as\u00ed fin a una corra legendaria y plena de \u00e9xitos: \u00abmi historia como jugador termina aqu\u00ed, pero todav\u00eda me queda Mucho que darle al f\u00fatbol. Gracias por tanto\u00bb, dijo en un emotivo v\u00eddeo el exmadridista.<\/p>\n<blockquote class=\"blockquote \">\n<p class=\"blockquote__quote\">\u00abLlega un Momento en que Necesitas Nueva<\/p>\n<\/blockquote>\n<p>\u00abHecho todo lo que ten\u00eda que hacer en el f\u00fatbol, \u200b\u200bgracias un Dios no, tenido lesiones, graves, Jugado en el mejor eOplo del Mundo y el tenido los mejores compress. Desaf\u00edos;<\/p>\n<p>Ahora se le presenta un Nuevo Horizonte: \u00abSiempre el Jugado al f\u00fatbol con granA ALEGRIA Y NO CON MUCHA Responsable Responsable, Siempre lo he Visto Como una Cosa para Divertirme, PERO LLEGA UN MOTIMO EN QUECESITAS VIVIR; ME HE HE CUIDADO Que es Dif\u00edcil Cuando Llega el Momento de decidir que no vas a Jugar m\u00e1s al f\u00fatbol. de &#8216;jubilado&#8217; \u00ab.<\/p>\n<p>Marcelo Tambi\u00e9n ha expl\u00edcado sus planos de futuro: \u00abVoy a Estar M\u00e1s Cerca de Mi Familia, Para Llevarles al Colegio, Saldr\u00e9 M\u00e1s Con Mi Mujer, etc &#8230; Tengo una Empresa de Gesti\u00f3n de Jugadores y Un upopo en Brasil. Tiempo para estar en una oficina y leer correos;<\/p>\n<h2 class=\"title-h2\">Fan del Arte CalleJero y de la M\u00fasica<\/h2>\n<p>A Marcelo le Gustar\u00eda \u00abAyudar a la Gente que hace Arte CalleJero:\u00bb Quiero Meta A Ver Galer\u00edas en Malasa\u00f1a, Estar Cerca de la Gente que Est\u00e1 Pintando una Pared &#8230; Ver C\u00d3MO FUCETA. Creo que este es Muy Bonito!<\/p>\n<p>SOBRE SU AFICI\u00d3N A LA MUSICA: \u00abME Encanta la M\u00fasica desde Peque\u00f1o. Conozco A Algunos Cantantes y Me Gustar\u00eda Mucho Productirles Una Canci\u00f3n, Hacer Un &#8216;Beat&#8217; Y VER SI COBA EN UNA DE SUS LETRAS. ESTO Para M\u00ed SER\u00cdA UNO SUEIMO\u00bb.<\/p>\n<p>\u00bfY no se ha plateando un futuro en el Club de su Vida? \u00abEl Madrid Siempre Ser\u00e1 Mi Casa, Pero Ahora Mismo Tengo Muchas Cosas en La Cabeza. Seguamamento alg\u00fan D\u00eda Estar\u00e9 Cerca, Dentro del Real Madrid\u00bb, Ha Reconocido el Brasile\u00f1o.<\/p>\n<p>Asegura que Mantiena una Gran Relaci\u00f3n Con Florentino P\u00e9rez, Presidenta del Club: \u00abMuy Bien, Me Ha Ayudado Mucho\u00edsimo, tiene un Cari\u00f1o Especial Por mi Familia y Por Mis Hijos desde que me ha Visto por Primera Vez. Hemos Inquilido Una Relaci\u00f3 Muy Top Desde Top desde El Primer D\u00eda Hasta El \u00datimo \u00ab.<\/p>\n<h2 class=\"title-h2\">Mucho m\u00e1s que una defensa<\/h2>\n<p>Con un total de 721 Partidos disputados, 58 Goles y 117 Asistencias, El lateral Izquierdo Brasile\u00f1o Ha Colgado las Botas para Siempre DeJando un Gran Legado en la Historia del f\u00fatbol y Sido una Leyenda del Real Madrid. Durante Sus 16 A\u00f1os de Blanco, Marcelo Jug\u00f3 546 Partidos, Lo que le Sit\u00faa como el Tercer Extranjero Con M\u00e1s Encuentros oficiales Vistiendo La Camiseta Blanca, Solo por detr\u00e1s de Luka Modric y Karim Bencema. El Brasile\u00f1o Fue Mucho m\u00e1s que una defensa, acumulando 38 goles como merengue. Quiz\u00e1 el M\u00e1s Recordado por Los Madridistas<\/p>\n<p>En el Campo, Marcelo No Funciones de Cumpl\u00eda Solo, Sino que Talento y T\u00e9cnica le Permitieron Desempe\u00f1a Un Papel Decisivo en El Ataque del Opugo, Acumulando 38 Goles, Muchos de Ellos Memorables para los madridistas. Uno de Esos tantos fue el Gol en la final de la D\u00e9cima, en lisboa, una noche que los aficionados blancos recuerdan con especial cari\u00f1o. Marcelo, con los A\u00f1os, se desempe\u00f1\u00f3 con un digno Sucesor del Mism\u00edsimo Roberto Carlos, Superando A Su &#8216;Maestro&#8217; en Trofeos y Partidos disputados.<\/p>\n<h2 class=\"title-h2\">Gan\u00f3 25 T\u00edtulos Con El Madrid<\/h2>\n<p>A LARGO de Su Carrera en el Real Madrid, Marcelo Logr\u00f3 Alzar 25 T\u00cdtulos, Una Cifra Que lo Sit\u00faa Uno Uno de Sus Jugadores M\u00e1s Laureadas: 5 Champions League, Junto Con 4 Mundiales de Clubes, 3 Supercopas de Europa, 6 Ligas, 2 Ligas, 2 Ligas, 2 Copas del rey y 5 Supercopas de Espa\u00f1a.<\/p>\n<p>Adem\u00e1s de su Brillante Paso por el Madrid, Marcelo Tambi\u00e9n Fue Internacional Con la Selecci\u00f3n Brasile\u00f1a, Logrando Una Medalla de Plata en Los Juegos Ol\u00cdMPICOS de Londres y UNA de Bronce en Los Juegos Ol\u00edgpicos de Pek\u00edn, As\u00ed COMO COPO COPIONES.<\/p>\n<p>En sus \u00daltimos A\u00f1os REGRES\u00d3 AL FLUMINENSE, Equipo que le vio crecer y en el de conquist\u00f3 una copa libertadores y una recopa de sudam\u00e9rica.<\/p>\n<p><i>Esguenos en nuestro <b>Canal de whatsapp<\/b> y no te Pierdas la \u00daltima Hora y Toda la actualidad de <b>antena3noticias.com<\/b><\/i><\/p>\n<div class=\"recirculation-video\" data-mod=\"a3mod_recirculation_video\">\n<div class=\"recirculation-video-wrapper\">\n<div>\n<div class=\"video-wrapper\">\n  <picture class=\"video-main-picture\"><source media=\"(min-width: 481px)\" srcset=\"https:\/\/fotografias.antena3.com\/clipping\/cmsimages01\/2025\/02\/10\/09BB50AE-B035-43B8-AC88-FCC8FB34D54C\/kendrick-lamarsamuel-jackson-taylor-swift-super-bowl-nueva-orlenas_94.jpg?crop=3193,1796,x53,y0&amp;width=800&amp;height=450&amp;optimize=medium&amp;format=webply\" width=\"800\" height=\"450\"><source media=\"(min-width: 391px) and (max-width: 480px)\" srcset=\"https:\/\/fotografias.antena3.com\/clipping\/cmsimages01\/2025\/02\/10\/09BB50AE-B035-43B8-AC88-FCC8FB34D54C\/kendrick-lamarsamuel-jackson-taylor-swift-super-bowl-nueva-orlenas_70.jpg?crop=3193,1796,x53,y0&amp;width=480&amp;height=270&amp;optimize=high&amp;format=webply\" width=\"480\" height=\"270\"><source media=\"(min-width: 321px) and (max-width: 390px)\" srcset=\"https:\/\/fotografias.antena3.com\/clipping\/cmsimages01\/2025\/02\/10\/09BB50AE-B035-43B8-AC88-FCC8FB34D54C\/kendrick-lamarsamuel-jackson-taylor-swift-super-bowl-nueva-orlenas_92.jpg?crop=3198,1796,x50,y0&amp;width=390&amp;height=219&amp;optimize=high&amp;format=webply\" width=\"390\" height=\"219\"><source media=\"(max-width: 320px)\" srcset=\"https:\/\/fotografias.antena3.com\/clipping\/cmsimages01\/2025\/02\/10\/09BB50AE-B035-43B8-AC88-FCC8FB34D54C\/kendrick-lamarsamuel-jackson-taylor-swift-super-bowl-nueva-orlenas_52.jpg?crop=3193,1796,x53,y0&amp;width=320&amp;height=180&amp;optimize=high&amp;format=webply\" width=\"320\" height=\"180\"><img decoding=\"async\" title=\"Kendrick Lamar, Samuel L. Jackson y Taylor Swift en la Super Bowl de Nueva Orlenas\" alt=\"Kendrick Lamar, Samuel L. Jackson y Taylor Swift en la Super Bowl de Nueva Orlenas\" width=\"480\" height=\"270\" src=\"https:\/\/fotografias.antena3.com\/clipping\/cmsimages01\/2025\/02\/10\/09BB50AE-B035-43B8-AC88-FCC8FB34D54C\/kendrick-lamarsamuel-jackson-taylor-swift-super-bowl-nueva-orlenas_70.jpg?crop=3193,1796,x53,y0&amp;width=480&amp;height=270&amp;optimize=high&amp;format=webply\" loading=\"lazy\" class=\"lazy\"\/><br \/>\n  <\/source><\/source><\/source><\/source><\/picture>\n <\/div>\n<\/div><\/div>\n<\/p><\/div>\n<\/div>\n\n","protected":false},"excerpt":{"rendered":"<p>El Exfutbolista Marcelo Vieira se Ha Sentado Con Pablo Motos en El Hormiguero para Repasar los Momeros M\u00e1s ic\u00f3nicos de Su Trayectoria y Habar Sobre Su Futuro Tras Colgar Las Botas. El Brasile\u00f1o anuncio su retirada del f\u00fatbol a los 36 a\u00f1osponiendo as\u00ed fin a una corra legendaria y plena de \u00e9xitos: \u00abmi historia como &hellip;<\/p>\n","protected":false},"author":1,"featured_media":14143,"comment_status":"open","ping_status":"open","sticky":false,"template":"","format":"standard","meta":{"fifu_image_url":"https:\/\/fotografias.antena3.com\/clipping\/cmsimages02\/2025\/02\/10\/9CBA6489-0542-4E28-BDEC-AFFBB81BCDB2\/marcelo-hormiguero_69.jpg?crop=675,380,x0,y0&width=1280&height=720&optimize=low&format=jpg","fifu_image_alt":"","footnotes":""},"categories":[6],"tags":[],"class_list":["post-14141","post","type-post","status-publish","format-standard","has-post-thumbnail","","category-deportes"],"_links":{"self":[{"href":"https:\/\/noticiasveraces.com\/index.php?rest_route=\/wp\/v2\/posts\/14141","targetHints":{"allow":["GET"]}}],"collection":[{"href":"https:\/\/noticiasveraces.com\/index.php?rest_route=\/wp\/v2\/posts"}],"about":[{"href":"https:\/\/noticiasveraces.com\/index.php?rest_route=\/wp\/v2\/types\/post"}],"author":[{"embeddable":true,"href":"https:\/\/noticiasveraces.com\/index.php?rest_route=\/wp\/v2\/users\/1"}],"replies":[{"embeddable":true,"href":"https:\/\/noticiasveraces.com\/index.php?rest_route=%2Fwp%2Fv2%2Fcomments&post=14141"}],"version-history":[{"count":0,"href":"https:\/\/noticiasveraces.com\/index.php?rest_route=\/wp\/v2\/posts\/14141\/revisions"}],"wp:featuredmedia":[{"embeddable":true,"href":"https:\/\/noticiasveraces.com\/index.php?rest_route=\/wp\/v2\/media\/14143"}],"wp:attachment":[{"href":"https:\/\/noticiasveraces.com\/index.php?rest_route=%2Fwp%2Fv2%2Fmedia&parent=14141"}],"wp:term":[{"taxonomy":"category","embeddable":true,"href":"https:\/\/noticiasveraces.com\/index.php?rest_route=%2Fwp%2Fv2%2Fcategories&post=14141"},{"taxonomy":"post_tag","embeddable":true,"href":"https:\/\/noticiasveraces.com\/index.php?rest_route=%2Fwp%2Fv2%2Ftags&post=14141"}],"curies":[{"name":"wp","href":"https:\/\/api.w.org\/{rel}","templated":true}]}}