{"id":14117,"date":"2025-02-10T17:36:04","date_gmt":"2025-02-10T21:36:04","guid":{"rendered":"https:\/\/noticiasveraces.com\/?p=14117"},"modified":"2025-02-10T17:36:04","modified_gmt":"2025-02-10T21:36:04","slug":"onu-suspenda-actividades-en-zona-bajo-control-huti-dw-10-02-2025","status":"publish","type":"post","link":"https:\/\/noticiasveraces.com\/?p=14117","title":{"rendered":"Onu Suspenda Actividades en Zona Bajo Control Hut\u00ed &#8211; DW &#8211; 10\/02\/2025"},"content":{"rendered":"<p> \n<\/p>\n<div>\n<p>La Onu ANunci\u00f3 Este Lunes (10.02.2025) La suspensiva de Todas SUS actividadas en una zona de yemen Bajo el control de los rebeldes hut\u00edes, debido a los riesgos que corre su tas personales Tras Newevas Detenciones \u00abArbitrarias\u00bb.<\/p>\n<p>La decisi\u00f3n Tiene Lugar Tras la Detenci\u00f3n en enero de otros ocho Empleados de la onu por parte de los hut\u00edes, seis de ellos en su Basti\u00f3n de Saada,<\/p>\n<p>El Secretario General Antonio Guterres \u00abOrden\u00f3 A Las Agencias, Fondos y Programas de la Onu que suspendan Todas sus operaciones y Programas en la Gobernacia de Saada, un Falta de Las Condicatos y Garant\u00edas de Seguridad NecesaR\u00edas\u00bb, Declaro el Portavoz Adjunto Adjunto.<\/p>\n<p>\u00abESTA MEDIDA Extraordinaria y BUSCA TEMPORAL UNILIBRIO DE LA NECESIDAD DE PERSONECER Y HACER NUESTRO TRABAJO, POR UNO LADO, Y PORO, GARANTIZAR LA SEGURIDAD DEL PERSONAL DE LA LA ONU Y SUS SOCIOS\u00bb, Agreg\u00f3.<\/p>\n<p>El Vocero no Precis\u00f3 cu\u00e1tosos yemen\u00edes se ver\u00e1n Afectados por est\u00e1 pausa en Las Actividades de la Onu.<\/p>\n<p>Tras 10 A\u00f1os de Guerra Civil, Yemen Est\u00e1 Sumido en una de las Peores Crisis Humanitarias del Mundo, Seg\u00fan la Onu.<\/p>\n<p>RR (AFP\/AP)<\/p>\n<\/div>\n\n","protected":false},"excerpt":{"rendered":"<p>La Onu ANunci\u00f3 Este Lunes (10.02.2025) La suspensiva de Todas SUS actividadas en una zona de yemen Bajo el control de los rebeldes hut\u00edes, debido a los riesgos que corre su tas personales Tras Newevas Detenciones \u00abArbitrarias\u00bb. La decisi\u00f3n Tiene Lugar Tras la Detenci\u00f3n en enero de otros ocho Empleados de la onu por parte &hellip;<\/p>\n","protected":false},"author":1,"featured_media":14118,"comment_status":"open","ping_status":"open","sticky":false,"template":"","format":"standard","meta":{"fifu_image_url":"https:\/\/static.dw.com\/image\/60610246_6.jpg","fifu_image_alt":"","footnotes":""},"categories":[13],"tags":[],"class_list":["post-14117","post","type-post","status-publish","format-standard","has-post-thumbnail","","category-mundo"],"_links":{"self":[{"href":"https:\/\/noticiasveraces.com\/index.php?rest_route=\/wp\/v2\/posts\/14117","targetHints":{"allow":["GET"]}}],"collection":[{"href":"https:\/\/noticiasveraces.com\/index.php?rest_route=\/wp\/v2\/posts"}],"about":[{"href":"https:\/\/noticiasveraces.com\/index.php?rest_route=\/wp\/v2\/types\/post"}],"author":[{"embeddable":true,"href":"https:\/\/noticiasveraces.com\/index.php?rest_route=\/wp\/v2\/users\/1"}],"replies":[{"embeddable":true,"href":"https:\/\/noticiasveraces.com\/index.php?rest_route=%2Fwp%2Fv2%2Fcomments&post=14117"}],"version-history":[{"count":0,"href":"https:\/\/noticiasveraces.com\/index.php?rest_route=\/wp\/v2\/posts\/14117\/revisions"}],"wp:featuredmedia":[{"embeddable":true,"href":"https:\/\/noticiasveraces.com\/index.php?rest_route=\/wp\/v2\/media\/14118"}],"wp:attachment":[{"href":"https:\/\/noticiasveraces.com\/index.php?rest_route=%2Fwp%2Fv2%2Fmedia&parent=14117"}],"wp:term":[{"taxonomy":"category","embeddable":true,"href":"https:\/\/noticiasveraces.com\/index.php?rest_route=%2Fwp%2Fv2%2Fcategories&post=14117"},{"taxonomy":"post_tag","embeddable":true,"href":"https:\/\/noticiasveraces.com\/index.php?rest_route=%2Fwp%2Fv2%2Ftags&post=14117"}],"curies":[{"name":"wp","href":"https:\/\/api.w.org\/{rel}","templated":true}]}}