{"id":14109,"date":"2025-02-10T16:34:33","date_gmt":"2025-02-10T20:34:33","guid":{"rendered":"https:\/\/noticiasveraces.com\/?p=14109"},"modified":"2025-02-10T16:34:33","modified_gmt":"2025-02-10T20:34:33","slug":"chica-francesa-de-11-anos-encontrada-muerta-cerca-de-la-escuela-investigacion-de-asesinato-en-curso","status":"publish","type":"post","link":"https:\/\/noticiasveraces.com\/?p=14109","title":{"rendered":"Chica francesa, de 11 a\u00f1os, encontrada muerta cerca de la escuela, investigaci\u00f3n de asesinato en curso"},"content":{"rendered":"<p> \n<\/p>\n<div>\n<p class=\"speakable\">Una ni\u00f1a de 11 a\u00f1os en Francia fue encontrada muerta en una zona boscosa cerca de sus horas escolar despu\u00e9s de desaparecer, dijeron las autoridades el s\u00e1bado.<\/p>\n<p class=\"speakable\">La ni\u00f1a, identificada como Louise, desapareci\u00f3 alrededor de las 2 de la tarde del viernes mientras camino a casa desde la Escuela Intermedia Andr\u00e9 Maurois en el norte de Francia, dijeron funcionarios en la comuna de \u00c9pinay-Sur-Gorge. \u00c9pinay-sur-orge se encuentra al sur de Par\u00eds.<\/p>\n<p>Los investigadores registraron el bosque utilizando perros de seguimiento, helic\u00f3pteros y drones antes de encontrar el cuerpo de la ni\u00f1a, inform\u00f3 Le Parisien. <\/p>\n<p>\u00abFue con gran emoci\u00f3n que aprendimos que el cuerpo de Louise se hab\u00eda encontrado sin vida esa noche, en el Bois des Templiers\u00bb, escribi\u00f3 la polic\u00eda en French en un comunicado de prensa publicado en Facebook. \u00abTan pronto como se inform\u00f3 su desaparici\u00f3n, se desplegaron todos los medios para tratar de encontrarla\u00bb.<\/p>\n<p><strong>Productor de Hollywood condenado por asesinato en las muertes de la modelo y su amiga<\/strong><\/p>\n<div class=\"image-ct inline\">\n<div class=\"m\"><picture><source media=\"(max-width: 767px)\" srcset=\"https:\/\/a57.foxnews.com\/static.foxnews.com\/foxnews.com\/content\/uploads\/2025\/02\/343\/192\/louise-missing-girl-full.jpg?ve=1&amp;tl=1, https:\/\/a57.foxnews.com\/static.foxnews.com\/foxnews.com\/content\/uploads\/2025\/02\/686\/384\/louise-missing-girl-full.jpg?ve=1&amp;tl=1 2x\" height=\"192\" width=\"343\"><source media=\"(min-width: 768px) and (max-width: 1023px)\" srcset=\"https:\/\/a57.foxnews.com\/static.foxnews.com\/foxnews.com\/content\/uploads\/2025\/02\/672\/378\/louise-missing-girl-full.jpg?ve=1&amp;tl=1, https:\/\/a57.foxnews.com\/static.foxnews.com\/foxnews.com\/content\/uploads\/2025\/02\/1344\/756\/louise-missing-girl-full.jpg?ve=1&amp;tl=1 2x\" height=\"378\" width=\"672\"><source media=\"(min-width: 1024px) and (max-width: 1279px)\" srcset=\"https:\/\/a57.foxnews.com\/static.foxnews.com\/foxnews.com\/content\/uploads\/2025\/02\/931\/523\/louise-missing-girl-full.jpg?ve=1&amp;tl=1, https:\/\/a57.foxnews.com\/static.foxnews.com\/foxnews.com\/content\/uploads\/2025\/02\/1862\/1046\/louise-missing-girl-full.jpg?ve=1&amp;tl=1 2x\" height=\"523\" width=\"931\"><source media=\"(min-width: 1280px)\" srcset=\"https:\/\/a57.foxnews.com\/static.foxnews.com\/foxnews.com\/content\/uploads\/2025\/02\/720\/405\/louise-missing-girl-full.jpg?ve=1&amp;tl=1, https:\/\/a57.foxnews.com\/static.foxnews.com\/foxnews.com\/content\/uploads\/2025\/02\/1440\/810\/louise-missing-girl-full.jpg?ve=1&amp;tl=1 2x\" height=\"405\" width=\"720\"><img loading=\"lazy\" decoding=\"async\" src=\"https:\/\/a57.foxnews.com\/static.foxnews.com\/foxnews.com\/content\/uploads\/2025\/02\/1200\/675\/louise-missing-girl-full.jpg?ve=1&amp;tl=1\" alt=\"L\u00facido\" width=\"1200\" height=\"675\"\/><\/source><\/source><\/source><\/source><\/picture><\/div>\n<div class=\"info\">\n<div class=\"caption\">\n<p><span>Louise, de 11 a\u00f1os, desapareci\u00f3 mientras estaba en su camino a casa desde la escuela secundaria el viernes por la tarde en la comuna de \u00c9pinay-Sur-Gorge, dijeron las autoridades. Los buscadores descubrieron su cuerpo en un \u00e1rea boscosa horas despu\u00e9s.<\/span> <span>(\u00c9pinay-sur-anor \/ facebook)<\/span><\/p>\n<\/div>\n<\/div>\n<\/div>\n<p>Una autopsia determin\u00f3 que sufri\u00f3 \u00abnumerosas heridas cometidas con un objeto afilado\u00bb, dijo Gr\u00e9goire Dulin, el fiscal p\u00fablico de EVRY, seg\u00fan Le Parisien. Un arma homicida no se recuper\u00f3 de inmediato.<\/p>\n<div class=\"image-ct inline\">\n<div class=\"m\"><picture><source media=\"(max-width: 767px)\" srcset=\"https:\/\/a57.foxnews.com\/static.foxnews.com\/foxnews.com\/content\/uploads\/2025\/02\/343\/192\/louise-memorial.jpg?ve=1&amp;tl=1, https:\/\/a57.foxnews.com\/static.foxnews.com\/foxnews.com\/content\/uploads\/2025\/02\/686\/384\/louise-memorial.jpg?ve=1&amp;tl=1 2x\" height=\"192\" width=\"343\"><source media=\"(min-width: 768px) and (max-width: 1023px)\" srcset=\"https:\/\/a57.foxnews.com\/static.foxnews.com\/foxnews.com\/content\/uploads\/2025\/02\/672\/378\/louise-memorial.jpg?ve=1&amp;tl=1, https:\/\/a57.foxnews.com\/static.foxnews.com\/foxnews.com\/content\/uploads\/2025\/02\/1344\/756\/louise-memorial.jpg?ve=1&amp;tl=1 2x\" height=\"378\" width=\"672\"><source media=\"(min-width: 1024px) and (max-width: 1279px)\" srcset=\"https:\/\/a57.foxnews.com\/static.foxnews.com\/foxnews.com\/content\/uploads\/2025\/02\/931\/523\/louise-memorial.jpg?ve=1&amp;tl=1, https:\/\/a57.foxnews.com\/static.foxnews.com\/foxnews.com\/content\/uploads\/2025\/02\/1862\/1046\/louise-memorial.jpg?ve=1&amp;tl=1 2x\" height=\"523\" width=\"931\"><source media=\"(min-width: 1280px)\" srcset=\"https:\/\/a57.foxnews.com\/static.foxnews.com\/foxnews.com\/content\/uploads\/2025\/02\/720\/405\/louise-memorial.jpg?ve=1&amp;tl=1, https:\/\/a57.foxnews.com\/static.foxnews.com\/foxnews.com\/content\/uploads\/2025\/02\/1440\/810\/louise-memorial.jpg?ve=1&amp;tl=1 2x\" height=\"405\" width=\"720\"><img loading=\"lazy\" decoding=\"async\" src=\"https:\/\/a57.foxnews.com\/static.foxnews.com\/foxnews.com\/content\/uploads\/2025\/02\/1200\/675\/louise-memorial.jpg?ve=1&amp;tl=1\" alt=\"Memorial para ni\u00f1o encontrado asesinado\" width=\"1200\" height=\"675\"\/><\/source><\/source><\/source><\/source><\/picture><\/div>\n<div class=\"info\">\n<div class=\"caption\">\n<p><span>Esta fotograf\u00eda muestra una rosa blanca y una foto de Louise, una ni\u00f1a de 11 a\u00f1os encontrada asesinada en una zona boscosa, en un monumento frente a la Escuela Secundaria Andre Maurois en Epinay-Sur-Gorge, el s\u00e1bado.<\/span> <span>(Julien de Rosa\/AFP a trav\u00e9s de Getty Images)<\/span><\/p>\n<\/div>\n<\/div>\n<\/div>\n<p>Dulin dijo que las autoridades hab\u00edan abierto una investigaci\u00f3n sobre el \u00abasesinato de un menor menor de 15 a\u00f1os\u00bb. <\/p>\n<p>La polic\u00eda detuvo a un hombre de 23 a\u00f1os, que fue visto en im\u00e1genes de seguridad caminando detr\u00e1s de Louise y su novia de 20 a\u00f1os, seg\u00fan los medios de comunicaci\u00f3n franceses. La polic\u00eda liber\u00f3 a la pareja de la custodia m\u00e1s tarde el s\u00e1bado.<\/p>\n<div class=\"image-ct inline\">\n<div class=\"m\"><picture><source media=\"(max-width: 767px)\" srcset=\"https:\/\/a57.foxnews.com\/static.foxnews.com\/foxnews.com\/content\/uploads\/2025\/02\/343\/192\/french-police-woods.jpg?ve=1&amp;tl=1, https:\/\/a57.foxnews.com\/static.foxnews.com\/foxnews.com\/content\/uploads\/2025\/02\/686\/384\/french-police-woods.jpg?ve=1&amp;tl=1 2x\" height=\"192\" width=\"343\"><source media=\"(min-width: 768px) and (max-width: 1023px)\" srcset=\"https:\/\/a57.foxnews.com\/static.foxnews.com\/foxnews.com\/content\/uploads\/2025\/02\/672\/378\/french-police-woods.jpg?ve=1&amp;tl=1, https:\/\/a57.foxnews.com\/static.foxnews.com\/foxnews.com\/content\/uploads\/2025\/02\/1344\/756\/french-police-woods.jpg?ve=1&amp;tl=1 2x\" height=\"378\" width=\"672\"><source media=\"(min-width: 1024px) and (max-width: 1279px)\" srcset=\"https:\/\/a57.foxnews.com\/static.foxnews.com\/foxnews.com\/content\/uploads\/2025\/02\/931\/523\/french-police-woods.jpg?ve=1&amp;tl=1, https:\/\/a57.foxnews.com\/static.foxnews.com\/foxnews.com\/content\/uploads\/2025\/02\/1862\/1046\/french-police-woods.jpg?ve=1&amp;tl=1 2x\" height=\"523\" width=\"931\"><source media=\"(min-width: 1280px)\" srcset=\"https:\/\/a57.foxnews.com\/static.foxnews.com\/foxnews.com\/content\/uploads\/2025\/02\/720\/405\/french-police-woods.jpg?ve=1&amp;tl=1, https:\/\/a57.foxnews.com\/static.foxnews.com\/foxnews.com\/content\/uploads\/2025\/02\/1440\/810\/french-police-woods.jpg?ve=1&amp;tl=1 2x\" height=\"405\" width=\"720\"><img loading=\"lazy\" decoding=\"async\" src=\"https:\/\/a57.foxnews.com\/static.foxnews.com\/foxnews.com\/content\/uploads\/2025\/02\/1200\/675\/french-police-woods.jpg?ve=1&amp;tl=1\" alt=\"Polic\u00eda en \u00e1rea boscosa\" width=\"1200\" height=\"675\"\/><\/source><\/source><\/source><\/source><\/picture><\/div>\n<div class=\"info\">\n<div class=\"caption\">\n<p><span>Los oficiales de polic\u00eda son guardias junto a la cinta de precauci\u00f3n de la polic\u00eda en el \u00e1rea de los \u00abParc des Templiers\u00bb en Longjumeau cerca de Epinay-Sur-Orge el s\u00e1bado despu\u00e9s de que se descubri\u00f3 el cuerpo de una ni\u00f1a de 11 a\u00f1os.<\/span> <span>(Julien de Rosa\/AFP a trav\u00e9s de Getty Images)<\/span><\/p>\n<\/div>\n<\/div>\n<\/div>\n<p><strong>Estudiante graduado de la Ivy League, el asesino del veterano del ej\u00e9rcito de los EE. UU. Ten\u00eda un motivo misterioso: detective<\/strong><\/p>\n<p>El lunes, la polic\u00eda realiz\u00f3 dos nuevos arrestos: un hombre de 23 a\u00f1os y su madre de 55 a\u00f1os, inform\u00f3 Franceinfo. Se sospecha que el jugador de 23 a\u00f1os asesina a Louise, mientras que su madre est\u00e1 acusada de no informar un delito.<\/p>\n<p>El ministro de educaci\u00f3n franc\u00e9s, \u00c9lisabeth Borne, emiti\u00f3 una declaraci\u00f3n sobre X con respecto a la muerte del ni\u00f1o.<\/p>\n<p>\u00abTras el descubrimiento del cuerpo de la joven Louise anoche en Essonne, ofrezco mis condolencias a su familia, sus seres queridos, sus compa\u00f1eros de clase y sus maestros\u00bb, escribi\u00f3 en franc\u00e9s. \u00abEstoy contando con los investigadores y el sistema de justicia para arrojar luz sobre esta tragedia\u00bb.<\/p>\n<p><strong><u>Haga clic para obtener la aplicaci\u00f3n Fox News<\/u><\/strong><\/p>\n<p>La polic\u00eda dijo que la investigaci\u00f3n del asesinato est\u00e1 en curso.<\/p>\n<p> <!----> <\/div>\n\n","protected":false},"excerpt":{"rendered":"<p>Una ni\u00f1a de 11 a\u00f1os en Francia fue encontrada muerta en una zona boscosa cerca de sus horas escolar despu\u00e9s de desaparecer, dijeron las autoridades el s\u00e1bado. La ni\u00f1a, identificada como Louise, desapareci\u00f3 alrededor de las 2 de la tarde del viernes mientras camino a casa desde la Escuela Intermedia Andr\u00e9 Maurois en el norte &hellip;<\/p>\n","protected":false},"author":1,"featured_media":14111,"comment_status":"open","ping_status":"open","sticky":false,"template":"","format":"standard","meta":{"fifu_image_url":"https:\/\/static.foxnews.com\/foxnews.com\/content\/uploads\/2025\/02\/louise-missing-girl.jpg","fifu_image_alt":"","footnotes":""},"categories":[13],"tags":[],"class_list":["post-14109","post","type-post","status-publish","format-standard","has-post-thumbnail","","category-mundo"],"_links":{"self":[{"href":"https:\/\/noticiasveraces.com\/index.php?rest_route=\/wp\/v2\/posts\/14109","targetHints":{"allow":["GET"]}}],"collection":[{"href":"https:\/\/noticiasveraces.com\/index.php?rest_route=\/wp\/v2\/posts"}],"about":[{"href":"https:\/\/noticiasveraces.com\/index.php?rest_route=\/wp\/v2\/types\/post"}],"author":[{"embeddable":true,"href":"https:\/\/noticiasveraces.com\/index.php?rest_route=\/wp\/v2\/users\/1"}],"replies":[{"embeddable":true,"href":"https:\/\/noticiasveraces.com\/index.php?rest_route=%2Fwp%2Fv2%2Fcomments&post=14109"}],"version-history":[{"count":0,"href":"https:\/\/noticiasveraces.com\/index.php?rest_route=\/wp\/v2\/posts\/14109\/revisions"}],"wp:featuredmedia":[{"embeddable":true,"href":"https:\/\/noticiasveraces.com\/index.php?rest_route=\/wp\/v2\/media\/14111"}],"wp:attachment":[{"href":"https:\/\/noticiasveraces.com\/index.php?rest_route=%2Fwp%2Fv2%2Fmedia&parent=14109"}],"wp:term":[{"taxonomy":"category","embeddable":true,"href":"https:\/\/noticiasveraces.com\/index.php?rest_route=%2Fwp%2Fv2%2Fcategories&post=14109"},{"taxonomy":"post_tag","embeddable":true,"href":"https:\/\/noticiasveraces.com\/index.php?rest_route=%2Fwp%2Fv2%2Ftags&post=14109"}],"curies":[{"name":"wp","href":"https:\/\/api.w.org\/{rel}","templated":true}]}}