{"id":14095,"date":"2025-02-10T14:31:29","date_gmt":"2025-02-10T18:31:29","guid":{"rendered":"https:\/\/noticiasveraces.com\/?p=14095"},"modified":"2025-02-10T14:31:29","modified_gmt":"2025-02-10T18:31:29","slug":"hamas-retrasa-el-proximo-lanzamiento-de-rehenes-alegando-que-israel-violo-el-alto-el-fuego","status":"publish","type":"post","link":"https:\/\/noticiasveraces.com\/?p=14095","title":{"rendered":"Hamas retrasa el pr\u00f3ximo lanzamiento de rehenes, alegando que Israel viol\u00f3 el alto el fuego"},"content":{"rendered":"<p> \n<\/p>\n<div>\n<p class=\"speakable\">Un portavoz de Hamas dijo el lunes que el grupo terrorista retrasar\u00e1 la pr\u00f3xima liberaci\u00f3n planificada de rehenes en la Franja de Gaza despu\u00e9s de acusar a Israel de violar el acuerdo de alto el fuego.<\/p>\n<p class=\"speakable\">\u00abEn las \u00faltimas tres semanas, el liderazgo de resistencia ha monitoreado las violaciones del enemigo y el incumplimiento de sus obligaciones bajo el acuerdo; incluido el retraso en permitir el regreso de los desplazados a la Franja del Norte de Gaza, apunt\u00e1ndolos con bombardeos directos en varios disparos en varios disparos \u00c1reas en Gaza, y negando suministros de alivio de todo tipo para ingresar seg\u00fan lo acordado, mientras que la resistencia ha implementado todas sus obligaciones \u00ab, dijo Abu Obeida, portavoz del ala militar de Hamas. <\/p>\n<p>\u00abPor lo tanto, la liberaci\u00f3n de los prisioneros sionistas el pr\u00f3ximo s\u00e1bado 15 de febrero de 2025 se pospusir\u00e1 hasta nuevo aviso, y hasta que la ocupaci\u00f3n se comprometa y proporcione compensaci\u00f3n por los derechos de las \u00faltimas semanas retroactivamente\u00bb, dijo. \u00abReafirmamos nuestro compromiso con los t\u00e9rminos del acuerdo, siempre y cuando la ocupaci\u00f3n permanezca comprometida con ellos\u00bb.<\/p>\n<p>Israel y Hamas est\u00e1n en medio de un alto el fuego de seis semanas, durante el cual Hamas se ha comprometido a liberar a 33 rehenes capturados en su ataque del 7 de octubre de 2023 a cambio de casi 2,000 prisioneros palestinos.<\/p>\n<p><strong>Los padres de American asesinados por Hamas hacen &#8216;s\u00faplica&#8217; a Trump despu\u00e9s de la \u00faltima liberaci\u00f3n de rehenes <\/strong><\/p>\n<div class=\"image-ct inline\">\n<div class=\"m\"><picture><source media=\"(max-width: 767px)\" srcset=\"https:\/\/a57.foxnews.com\/static.foxnews.com\/foxnews.com\/content\/uploads\/2025\/02\/343\/192\/ap25039411912904.jpg?ve=1&amp;tl=1, https:\/\/a57.foxnews.com\/static.foxnews.com\/foxnews.com\/content\/uploads\/2025\/02\/686\/384\/ap25039411912904.jpg?ve=1&amp;tl=1 2x\" height=\"192\" width=\"343\"><source media=\"(min-width: 768px) and (max-width: 1023px)\" srcset=\"https:\/\/a57.foxnews.com\/static.foxnews.com\/foxnews.com\/content\/uploads\/2025\/02\/672\/378\/ap25039411912904.jpg?ve=1&amp;tl=1, https:\/\/a57.foxnews.com\/static.foxnews.com\/foxnews.com\/content\/uploads\/2025\/02\/1344\/756\/ap25039411912904.jpg?ve=1&amp;tl=1 2x\" height=\"378\" width=\"672\"><source media=\"(min-width: 1024px) and (max-width: 1279px)\" srcset=\"https:\/\/a57.foxnews.com\/static.foxnews.com\/foxnews.com\/content\/uploads\/2025\/02\/931\/523\/ap25039411912904.jpg?ve=1&amp;tl=1, https:\/\/a57.foxnews.com\/static.foxnews.com\/foxnews.com\/content\/uploads\/2025\/02\/1862\/1046\/ap25039411912904.jpg?ve=1&amp;tl=1 2x\" height=\"523\" width=\"931\"><source media=\"(min-width: 1280px)\" srcset=\"https:\/\/a57.foxnews.com\/static.foxnews.com\/foxnews.com\/content\/uploads\/2025\/02\/720\/405\/ap25039411912904.jpg?ve=1&amp;tl=1, https:\/\/a57.foxnews.com\/static.foxnews.com\/foxnews.com\/content\/uploads\/2025\/02\/1440\/810\/ap25039411912904.jpg?ve=1&amp;tl=1 2x\" height=\"405\" width=\"720\"><img loading=\"lazy\" decoding=\"async\" src=\"https:\/\/a57.foxnews.com\/static.foxnews.com\/foxnews.com\/content\/uploads\/2025\/02\/1200\/675\/ap25039411912904.jpg?ve=1&amp;tl=1\" alt=\"Captives israel\u00edes en la ceremonia de entrega de Hamas\" width=\"1200\" height=\"675\"\/><\/source><\/source><\/source><\/source><\/picture><\/div>\n<div class=\"info\">\n<div class=\"caption\">\n<p><span>Los cautivos israel\u00edes, de izquierda a la derecha, Ohad Ben Ami, Eli Sharabi y \/ o Levy, que han sido retenidos por Hamas en Gaza desde el 7 de octubre de 2023, son escoltados por los combatientes de Hamas antes de ser entregados a la Cruz Roja en Deir. Al-Balah, Central Gaza Strip, el s\u00e1bado 8 de febrero de 2025.<\/span> <span>(AP Photo\/Abdel Kareem Hana)<\/span><\/p>\n<\/div>\n<\/div>\n<\/div>\n<p>Las partes han llevado a cabo cinco intercambios desde que entr\u00f3 el alto el fuego el mes pasado, liberando a 21 rehenes y m\u00e1s de 730 prisioneros palestinos. El pr\u00f3ximo intercambio, programado para el pr\u00f3ximo s\u00e1bado, exige a tres rehenes israel\u00edes m\u00e1s para ser liberados a cambio de cientos de prisioneros palestinos.<\/p>\n<p>\u00abEl anuncio de Hamas para detener el lanzamiento de los rehenes israel\u00edes es una violaci\u00f3n descarada del acuerdo de alto el fuego y el acuerdo de liberaci\u00f3n de rehenes\u00bb, dijo el lunes el ministro de Defensa Israel\u00ed Israel Katz. \u00abHe instruido el [Israeli Defense Forces] IDF para mantener el m\u00e1s alto nivel de preparaci\u00f3n para cualquier posible escenario en Gaza y fortalecer la defensa de las comunidades israel\u00edes. No permitiremos un regreso a la realidad del 7 de octubre \u00ab.<\/p>\n<p>El primer ministro israel\u00ed, Benjamin Netanyahu, est\u00e1 celebrando una evaluaci\u00f3n de seguridad inmediata, informaron medios israel\u00edes. <\/p>\n<div class=\"image-ct inline\">\n<div class=\"m\"><picture><source media=\"(max-width: 767px)\" srcset=\"https:\/\/a57.foxnews.com\/static.foxnews.com\/foxnews.com\/content\/uploads\/2025\/02\/343\/192\/ap25039385600154.jpg?ve=1&amp;tl=1, https:\/\/a57.foxnews.com\/static.foxnews.com\/foxnews.com\/content\/uploads\/2025\/02\/686\/384\/ap25039385600154.jpg?ve=1&amp;tl=1 2x\" height=\"192\" width=\"343\"><source media=\"(min-width: 768px) and (max-width: 1023px)\" srcset=\"https:\/\/a57.foxnews.com\/static.foxnews.com\/foxnews.com\/content\/uploads\/2025\/02\/672\/378\/ap25039385600154.jpg?ve=1&amp;tl=1, https:\/\/a57.foxnews.com\/static.foxnews.com\/foxnews.com\/content\/uploads\/2025\/02\/1344\/756\/ap25039385600154.jpg?ve=1&amp;tl=1 2x\" height=\"378\" width=\"672\"><source media=\"(min-width: 1024px) and (max-width: 1279px)\" srcset=\"https:\/\/a57.foxnews.com\/static.foxnews.com\/foxnews.com\/content\/uploads\/2025\/02\/931\/523\/ap25039385600154.jpg?ve=1&amp;tl=1, https:\/\/a57.foxnews.com\/static.foxnews.com\/foxnews.com\/content\/uploads\/2025\/02\/1862\/1046\/ap25039385600154.jpg?ve=1&amp;tl=1 2x\" height=\"523\" width=\"931\"><source media=\"(min-width: 1280px)\" srcset=\"https:\/\/a57.foxnews.com\/static.foxnews.com\/foxnews.com\/content\/uploads\/2025\/02\/720\/405\/ap25039385600154.jpg?ve=1&amp;tl=1, https:\/\/a57.foxnews.com\/static.foxnews.com\/foxnews.com\/content\/uploads\/2025\/02\/1440\/810\/ap25039385600154.jpg?ve=1&amp;tl=1 2x\" height=\"405\" width=\"720\"><img loading=\"lazy\" decoding=\"async\" src=\"https:\/\/a57.foxnews.com\/static.foxnews.com\/foxnews.com\/content\/uploads\/2025\/02\/1200\/675\/ap25039385600154.jpg?ve=1&amp;tl=1\" alt=\"O Levy durante la entrega de Hamas\" width=\"1200\" height=\"675\"\/><\/source><\/source><\/source><\/source><\/picture><\/div>\n<div class=\"info\">\n<div class=\"caption\">\n<p><span>El cautivo o Levy israel\u00ed, que ha sido retenido por Hamas en Gaza desde el 7 de octubre de 2023, es escoltado por los combatientes de Hamas antes de ser entregado a la Cruz Roja en Deir al-Balah, Central Gaza Strip el s\u00e1bado 8 de febrero, 2025.<\/span> <span>(AP Photo\/Abdel Kareem Hana)<\/span><\/p>\n<\/div>\n<\/div>\n<\/div>\n<p><strong><u>Hamas libera 3 rehenes m\u00e1s como parte del acuerdo de alto el fuego con Israel<\/u><\/strong><\/p>\n<p>Los rehenes y el foro de familias desaparecidas, un grupo voluntario dedicado a llevar a las v\u00edctimas sobrevivientes del 7 de octubre a casa, emiti\u00f3 un comunicado. <\/p>\n<p><strong>\u00ab<\/strong>En respuesta al reciente anuncio de Hamas, hemos solicitado con urgencia la asistencia de los pa\u00edses mediadores para ayudar a restaurar e implementar el acuerdo existente de manera efectiva \u00ab, dijo el foro.\u00bb Estamos con el gobierno israel\u00ed y alentamos el mantenimiento de las condiciones que garantizar\u00e1n la continuaci\u00f3n exitosa de El acuerdo, que conduce al rendimiento seguro de nuestros 76 hermanos y hermanas \u00ab. <\/p>\n<div class=\"image-ct inline\">\n<div class=\"m\"><picture><source media=\"(max-width: 767px)\" srcset=\"https:\/\/a57.foxnews.com\/static.foxnews.com\/foxnews.com\/content\/uploads\/2025\/02\/343\/192\/ap25041521416124.jpg?ve=1&amp;tl=1, https:\/\/a57.foxnews.com\/static.foxnews.com\/foxnews.com\/content\/uploads\/2025\/02\/686\/384\/ap25041521416124.jpg?ve=1&amp;tl=1 2x\" height=\"192\" width=\"343\"><source media=\"(min-width: 768px) and (max-width: 1023px)\" srcset=\"https:\/\/a57.foxnews.com\/static.foxnews.com\/foxnews.com\/content\/uploads\/2025\/02\/672\/378\/ap25041521416124.jpg?ve=1&amp;tl=1, https:\/\/a57.foxnews.com\/static.foxnews.com\/foxnews.com\/content\/uploads\/2025\/02\/1344\/756\/ap25041521416124.jpg?ve=1&amp;tl=1 2x\" height=\"378\" width=\"672\"><source media=\"(min-width: 1024px) and (max-width: 1279px)\" srcset=\"https:\/\/a57.foxnews.com\/static.foxnews.com\/foxnews.com\/content\/uploads\/2025\/02\/931\/523\/ap25041521416124.jpg?ve=1&amp;tl=1, https:\/\/a57.foxnews.com\/static.foxnews.com\/foxnews.com\/content\/uploads\/2025\/02\/1862\/1046\/ap25041521416124.jpg?ve=1&amp;tl=1 2x\" height=\"523\" width=\"931\"><source media=\"(min-width: 1280px)\" srcset=\"https:\/\/a57.foxnews.com\/static.foxnews.com\/foxnews.com\/content\/uploads\/2025\/02\/720\/405\/ap25041521416124.jpg?ve=1&amp;tl=1, https:\/\/a57.foxnews.com\/static.foxnews.com\/foxnews.com\/content\/uploads\/2025\/02\/1440\/810\/ap25041521416124.jpg?ve=1&amp;tl=1 2x\" height=\"405\" width=\"720\"><img loading=\"lazy\" decoding=\"async\" src=\"https:\/\/a57.foxnews.com\/static.foxnews.com\/foxnews.com\/content\/uploads\/2025\/02\/1200\/675\/ap25041521416124.jpg?ve=1&amp;tl=1\" alt=\"Da\u00f1o de Gaza \" width=\"1200\" height=\"675\"\/><\/source><\/source><\/source><\/source><\/picture><\/div>\n<div class=\"info\">\n<div class=\"caption\">\n<p><span>La familia Rehan en su campamento en las ruinas de su hogar en medio de la destrucci\u00f3n generalizada causada por la ofensiva de tierra y aire del ej\u00e9rcito israel\u00ed en Jabaliya, Gaza Strip el lunes 10 de febrero de 2025.<\/span> <span>(AP Photo\/Abdel Kareem Hana)<\/span><\/p>\n<\/div>\n<\/div>\n<\/div>\n<p>\u00abLa evidencia reciente de los publicados, as\u00ed como las impactantes condiciones de los rehenes publicados el s\u00e1bado pasado, no deja espacio para la duda: el tiempo es esencial, y todos los rehenes deben ser rescatados urgentemente de esta horrible situaci\u00f3n\u00bb, agreg\u00f3 el foro. <\/p>\n<p><strong><u>Haga clic aqu\u00ed para obtener la aplicaci\u00f3n Fox News<\/u><\/strong><\/p>\n<p>Hamas lanz\u00f3 tres rehenes israel\u00edes de aspecto fr\u00e1gil y de aspecto fr\u00e1gil: los civiles Eli Sharabi, de 52 a\u00f1os; O Levy, de 34 a\u00f1os, y Ohad Ben Ami, de 56 a\u00f1os, el s\u00e1bado despu\u00e9s de obligarlos a hablar en una ceremonia de entrega. Israel a su vez liber\u00f3 a 183 prisioneros palestinos ese d\u00eda. <\/p>\n<p>El domingo, el presidente Donald Trump coment\u00f3 sobre las condiciones de los rehenes israel\u00edes liberados, diciendo que \u00abparec\u00edan sobrevivientes del Holocausto\u00bb y \u00abcomo si no hubieran comido en un mes\u00bb.<\/p>\n<p>\u00abNo s\u00e9 cu\u00e1nto tiempo m\u00e1s podemos tomar eso\u00bb, dijo Trump, refiri\u00e9ndose al tratamiento de los rehenes, y agreg\u00f3: \u00abSabes, en alg\u00fan momento, perderemos nuestra paciencia\u00bb.<\/p>\n<p><i>Yonat Friling de Fox News y The Associated Press contribuyeron a este informe.<\/i><\/p>\n<p> <!----> <\/p>\n<div class=\"article-meta\">\n<div class=\"author-bio\">\n<p>Danielle Wallace es reportera de noticias y pol\u00edticas en Fox News Digital. Los consejos de la historia se pueden enviar a danielle.wallace@fox.com y en X: @danimwallace. <\/p>\n<\/div>\n<\/div>\n<\/div>\n\n","protected":false},"excerpt":{"rendered":"<p>Un portavoz de Hamas dijo el lunes que el grupo terrorista retrasar\u00e1 la pr\u00f3xima liberaci\u00f3n planificada de rehenes en la Franja de Gaza despu\u00e9s de acusar a Israel de violar el acuerdo de alto el fuego. \u00abEn las \u00faltimas tres semanas, el liderazgo de resistencia ha monitoreado las violaciones del enemigo y el incumplimiento de &hellip;<\/p>\n","protected":false},"author":1,"featured_media":14097,"comment_status":"open","ping_status":"open","sticky":false,"template":"","format":"standard","meta":{"fifu_image_url":"https:\/\/static.foxnews.com\/foxnews.com\/content\/uploads\/2025\/02\/ap25039411912904.jpg","fifu_image_alt":"","footnotes":""},"categories":[13],"tags":[],"class_list":["post-14095","post","type-post","status-publish","format-standard","has-post-thumbnail","","category-mundo"],"_links":{"self":[{"href":"https:\/\/noticiasveraces.com\/index.php?rest_route=\/wp\/v2\/posts\/14095","targetHints":{"allow":["GET"]}}],"collection":[{"href":"https:\/\/noticiasveraces.com\/index.php?rest_route=\/wp\/v2\/posts"}],"about":[{"href":"https:\/\/noticiasveraces.com\/index.php?rest_route=\/wp\/v2\/types\/post"}],"author":[{"embeddable":true,"href":"https:\/\/noticiasveraces.com\/index.php?rest_route=\/wp\/v2\/users\/1"}],"replies":[{"embeddable":true,"href":"https:\/\/noticiasveraces.com\/index.php?rest_route=%2Fwp%2Fv2%2Fcomments&post=14095"}],"version-history":[{"count":0,"href":"https:\/\/noticiasveraces.com\/index.php?rest_route=\/wp\/v2\/posts\/14095\/revisions"}],"wp:featuredmedia":[{"embeddable":true,"href":"https:\/\/noticiasveraces.com\/index.php?rest_route=\/wp\/v2\/media\/14097"}],"wp:attachment":[{"href":"https:\/\/noticiasveraces.com\/index.php?rest_route=%2Fwp%2Fv2%2Fmedia&parent=14095"}],"wp:term":[{"taxonomy":"category","embeddable":true,"href":"https:\/\/noticiasveraces.com\/index.php?rest_route=%2Fwp%2Fv2%2Fcategories&post=14095"},{"taxonomy":"post_tag","embeddable":true,"href":"https:\/\/noticiasveraces.com\/index.php?rest_route=%2Fwp%2Fv2%2Ftags&post=14095"}],"curies":[{"name":"wp","href":"https:\/\/api.w.org\/{rel}","templated":true}]}}