{"id":14090,"date":"2025-02-10T13:30:35","date_gmt":"2025-02-10T17:30:35","guid":{"rendered":"https:\/\/noticiasveraces.com\/?p=14090"},"modified":"2025-02-10T13:30:35","modified_gmt":"2025-02-10T17:30:35","slug":"presidente-de-rumania-renuncia-tras-anulacio-de-elecciones-dw-10-02-2025","status":"publish","type":"post","link":"https:\/\/noticiasveraces.com\/?p=14090","title":{"rendered":"Presidente de Rumania Renuncia Tras Anulaci\u00f3 de Elecciones &#8211; DW &#8211; 10\/02\/2025"},"content":{"rendered":"<p> \n<\/p>\n<div>\n<p>El Presidente Rumano Klaus iohannis anunci\u00f3 su dimisi\u00f3n Este Lunes (10.02.2025), Debido a Las Cr\u00edticas y Protestas que Enfrent\u00f3 por Permanece en El Cargo Tras la Anulaci\u00f3n En Diciembre de las de las elecciones presidenciales.<\/p>\n<p>\u00abPara Evitar un rumania ya los Ciudadanos rumanos una crisis, Dejar\u00e9 el Cargo\u00bb El Mi\u00e9rcoles 12 de febrero, Declar\u00f3 El Mandatario de 65 A\u00f1os en Un Discurso en Bucarest.<\/p>\n<h2><strong>Eleciones anuladas por presunta injerencia de rusia<\/strong><\/h2>\n<p>En un Principio, Su Mandato Deb\u00eda Terminar A Finales de 2024, Pero la Primera Vuelta de los Comicios Presidenciales el 24 de Noviembre, en los que un Candidato Prorruso de Exema Derecha Gan\u00f3 Contra Todo Pron\u00f3s\u00f3n, Fue Anulada Por Sospechas de Inierneren Rusa.<\/p>\n<p>Iohannis, liberal y proeuropoo, decidi\u00f3 entonces permanecer en el carga jase Hasta las pr\u00f3ximas eleciones, previstas en may\u00f3n.<\/p>\n<p>Desde Entonces, Decenas de Miles de Rumanos Han Salido a la Calle para denunciar \u00abUn Golpe de Estado\u00bb, y Tras Varios intentos de la oposici\u00f3no, El Parlamento Ten\u00eda Previsto Reunirse est\u00e1 Semana en Sesi\u00f3n Plenaria Antes de Un Posible Refer\u00e9ndum.<\/p>\n<h2><strong>\u00abRumania se Hundir\u00e1 en una crisis\u00bb<\/strong><\/h2>\n<p>\u00abEn Unos D\u00edas, El Parlamento rumano se pronunciaria SOBRE mi revocaci\u00f3n y rumania se hundir\u00e1 en una crisis (&#8230;) Con repercusiones en el pa\u00eds y desgraciamato tambi\u00e9n fuyera de nuestras fronteras\u00bb, dijo iOhannis.<\/p>\n<p>En el Poder Desde 2014, El Gobernante Lament\u00f3 Haber Llegado Hasta ESTE PUNTO Y ASEGURO QUE \u00abNUNKA HABIA INFRINGIDO LA CONSTITUCONI\u00d3N\u00bb.<\/p>\n<p>Ser\u00e1 el Presidente del Senado y Jefe de Los Liberales, Ilie Bolojan, Quien Asumir\u00e1 El Cargo Interino Hasta Las Pr\u00f3ximas Elecciones.<\/p>\n<p>RR (AFP\/AP)<\/p>\n<\/div>\n\n","protected":false},"excerpt":{"rendered":"<p>El Presidente Rumano Klaus iohannis anunci\u00f3 su dimisi\u00f3n Este Lunes (10.02.2025), Debido a Las Cr\u00edticas y Protestas que Enfrent\u00f3 por Permanece en El Cargo Tras la Anulaci\u00f3n En Diciembre de las de las elecciones presidenciales. \u00abPara Evitar un rumania ya los Ciudadanos rumanos una crisis, Dejar\u00e9 el Cargo\u00bb El Mi\u00e9rcoles 12 de febrero, Declar\u00f3 El &hellip;<\/p>\n","protected":false},"author":1,"featured_media":14091,"comment_status":"open","ping_status":"open","sticky":false,"template":"","format":"standard","meta":{"fifu_image_url":"https:\/\/static.dw.com\/image\/71562881_6.jpg","fifu_image_alt":"","footnotes":""},"categories":[13],"tags":[],"class_list":["post-14090","post","type-post","status-publish","format-standard","has-post-thumbnail","","category-mundo"],"_links":{"self":[{"href":"https:\/\/noticiasveraces.com\/index.php?rest_route=\/wp\/v2\/posts\/14090","targetHints":{"allow":["GET"]}}],"collection":[{"href":"https:\/\/noticiasveraces.com\/index.php?rest_route=\/wp\/v2\/posts"}],"about":[{"href":"https:\/\/noticiasveraces.com\/index.php?rest_route=\/wp\/v2\/types\/post"}],"author":[{"embeddable":true,"href":"https:\/\/noticiasveraces.com\/index.php?rest_route=\/wp\/v2\/users\/1"}],"replies":[{"embeddable":true,"href":"https:\/\/noticiasveraces.com\/index.php?rest_route=%2Fwp%2Fv2%2Fcomments&post=14090"}],"version-history":[{"count":0,"href":"https:\/\/noticiasveraces.com\/index.php?rest_route=\/wp\/v2\/posts\/14090\/revisions"}],"wp:featuredmedia":[{"embeddable":true,"href":"https:\/\/noticiasveraces.com\/index.php?rest_route=\/wp\/v2\/media\/14091"}],"wp:attachment":[{"href":"https:\/\/noticiasveraces.com\/index.php?rest_route=%2Fwp%2Fv2%2Fmedia&parent=14090"}],"wp:term":[{"taxonomy":"category","embeddable":true,"href":"https:\/\/noticiasveraces.com\/index.php?rest_route=%2Fwp%2Fv2%2Fcategories&post=14090"},{"taxonomy":"post_tag","embeddable":true,"href":"https:\/\/noticiasveraces.com\/index.php?rest_route=%2Fwp%2Fv2%2Ftags&post=14090"}],"curies":[{"name":"wp","href":"https:\/\/api.w.org\/{rel}","templated":true}]}}