{"id":14049,"date":"2025-02-10T07:23:20","date_gmt":"2025-02-10T11:23:20","guid":{"rendered":"https:\/\/noticiasveraces.com\/?p=14049"},"modified":"2025-02-10T07:23:20","modified_gmt":"2025-02-10T11:23:20","slug":"europa-critica-la-medida-de-trump-dw-10-02-2025","status":"publish","type":"post","link":"https:\/\/noticiasveraces.com\/?p=14049","title":{"rendered":"Europa Critica la Medida de Trump &#8211; DW &#8211; 10\/02\/2025"},"content":{"rendered":"<p> \n<\/p>\n<div>\n<p>La Comisi\u00f3n Europea Se\u00f1al\u00f3 que la imposic\u00eda de Aranceles, como pretenda el presidente de ee.uu., Donald Trump, \u00abSer\u00eda ilegal y Econ\u00f3micamete contraproducente\u00bb. Pero, un falta de una notificaci\u00f3n de por parte de la parte de la Nueva Administraci\u00f3n Estadounidense, Bruselas Evit\u00f3 Hacer una Evaluaci\u00f3n Definitiva de la Situaci\u00f3n.<\/p>\n<p>\u00abLa imposic\u00eda de aranceles ser\u00eda ilegal y eCon\u00f3licamme contraproducente, especial de consideraci\u00f3n y las cadenas de producci\u00f3n profundamento integradas que la uni\u00f3n europea y Estados unidos han establecido a trav\u00e9s del comercio e inversi\u00f3n transatl\u00e1nticos\u00bb, rez\u00e1, rez\u00e1, rez\u00e1, rezas.<\/p>\n<h2>De Momento, no hay notificaci\u00f3n de heno oficial<\/h2>\n<p>El Ejecutivo Europa Agreg\u00f3 Que \u00abLa Ue no ve ninguna justificaci\u00f3n para la la imposic\u00eda de aranceles Sobre sus exportaciones\u00bb y que reaccionar\u00e1 \u00abpara el protegador de los intereses de las emppresas, los trabajados y los consultados europeos frentes a medidas injusticadas\u00bb.<\/p>\n<p>Bruselas valora, en su breve nota, que \u00ablos aranceles generan incertidumbre econ\u00f3mica y afectan la eficiencia e integraci\u00f3n de los mercados globales\u00bb. Por otoTro Lado, La Comisi\u00f3n Subraya que no ha recibido, por Ahora, \u00abNinguna Notificaci\u00f3n Oficial Sobre La Imposici\u00f3n de Aranceles Adicionales A Los Productos de la Ue\u00bb.<\/p>\n<p>El Comunicado de la Ce Llega Despu\u00e9s de Que Trump anununciara que iba un imponente aranceles del 25 por cero al acero y aluminio que entrra en Estados Unidos.<\/p>\n<p>ESE PA\u00cdS ES EL Destino de Un Cuarto de las Exportaciones Europeas de Acero, una industria en algo a una gran competencia Competencia Internacional Ya la Ca\u00edda de la Demanda del Sector Autostico del sector.<\/p>\n<p>MS (EFE\/DPA)<\/p>\n<\/p>\n<\/div>\n\n","protected":false},"excerpt":{"rendered":"<p>La Comisi\u00f3n Europea Se\u00f1al\u00f3 que la imposic\u00eda de Aranceles, como pretenda el presidente de ee.uu., Donald Trump, \u00abSer\u00eda ilegal y Econ\u00f3micamete contraproducente\u00bb. Pero, un falta de una notificaci\u00f3n de por parte de la parte de la Nueva Administraci\u00f3n Estadounidense, Bruselas Evit\u00f3 Hacer una Evaluaci\u00f3n Definitiva de la Situaci\u00f3n. \u00abLa imposic\u00eda de aranceles ser\u00eda ilegal y &hellip;<\/p>\n","protected":false},"author":1,"featured_media":14050,"comment_status":"open","ping_status":"open","sticky":false,"template":"","format":"standard","meta":{"fifu_image_url":"https:\/\/static.dw.com\/image\/71009673_6.jpg","fifu_image_alt":"","footnotes":""},"categories":[13],"tags":[],"class_list":["post-14049","post","type-post","status-publish","format-standard","has-post-thumbnail","","category-mundo"],"_links":{"self":[{"href":"https:\/\/noticiasveraces.com\/index.php?rest_route=\/wp\/v2\/posts\/14049","targetHints":{"allow":["GET"]}}],"collection":[{"href":"https:\/\/noticiasveraces.com\/index.php?rest_route=\/wp\/v2\/posts"}],"about":[{"href":"https:\/\/noticiasveraces.com\/index.php?rest_route=\/wp\/v2\/types\/post"}],"author":[{"embeddable":true,"href":"https:\/\/noticiasveraces.com\/index.php?rest_route=\/wp\/v2\/users\/1"}],"replies":[{"embeddable":true,"href":"https:\/\/noticiasveraces.com\/index.php?rest_route=%2Fwp%2Fv2%2Fcomments&post=14049"}],"version-history":[{"count":0,"href":"https:\/\/noticiasveraces.com\/index.php?rest_route=\/wp\/v2\/posts\/14049\/revisions"}],"wp:featuredmedia":[{"embeddable":true,"href":"https:\/\/noticiasveraces.com\/index.php?rest_route=\/wp\/v2\/media\/14050"}],"wp:attachment":[{"href":"https:\/\/noticiasveraces.com\/index.php?rest_route=%2Fwp%2Fv2%2Fmedia&parent=14049"}],"wp:term":[{"taxonomy":"category","embeddable":true,"href":"https:\/\/noticiasveraces.com\/index.php?rest_route=%2Fwp%2Fv2%2Fcategories&post=14049"},{"taxonomy":"post_tag","embeddable":true,"href":"https:\/\/noticiasveraces.com\/index.php?rest_route=%2Fwp%2Fv2%2Ftags&post=14049"}],"curies":[{"name":"wp","href":"https:\/\/api.w.org\/{rel}","templated":true}]}}