{"id":13994,"date":"2025-02-09T20:00:23","date_gmt":"2025-02-10T00:00:23","guid":{"rendered":"https:\/\/noticiasveraces.com\/?p=13994"},"modified":"2025-02-09T20:00:23","modified_gmt":"2025-02-10T00:00:23","slug":"scholz-y-merz-progonizan-debate-marcado-por-donald-trump-dw-09-09-2025","status":"publish","type":"post","link":"https:\/\/noticiasveraces.com\/?p=13994","title":{"rendered":"Scholz y Merz Progonizan Debate Marcado Por Donald Trump &#8211; DW &#8211; 09\/09\/2025"},"content":{"rendered":"<p> \n<\/p>\n<div>\n<p>El Canciller de Alemania, El Socialdem\u00f3crata Olaf Scholz, Calific\u00f3 de \u00abEscandalosa\u00bb La Propuesta del Presidente de Estados Unidos, Donald Trump, De Tomar El Control de la Franja de Gaza, Reubicar a Su Poblaci\u00f3n y Reconstrora. Su principal rival, El Conservador Friedrich Merz (CDU\/CSU), Tambi\u00e9n expres\u00f3 Inquietud, Aunque Sugiri\u00f3 Que Desde Washington Hab\u00eda Muya \u00abRetRica\u00bb.<\/p>\n<p>ESE FUE UNO DE LOS TEMAS QUE Progonizaron El Primer debate entre Ambos Pol\u00cdticos de Cara a Las Elecciones Generales, Adelantadas por El Colapso del Ejecutivo Alem\u00e1n en Noviembre, Que tendern Lugar El Pr\u00f3axe 23 de febrero. Entre Los Temper Tratados resaltaron Asuntos como la dif\u00edcil coyuntura econ\u00f3mica que vive alemania, as\u00ed la migraci\u00f3nica y la situaci\u00f3nica Pol\u00edtica Internacional, Tras el Inicio del Nuevo Mandato de Trump.<\/p>\n<p>Merz intent\u00f3 exponente un su rival como pol\u00cdSTICO indeciso que ha llevado a alemania a una crisis econ\u00f3mica, e incluso se\u00f1al\u00f3 que scholz est\u00e1 desconectado de la realidad si no logra ver la desindustrializaci\u00f3n del pa\u00eds. El Socialdem\u00f3crata, en tanto, se presente como como l\u00edder experimentado que puso en duda la distancia que ha intentado marcar merz con la ultraderecha.<\/p>\n<p>Merz, Que Va Muy por Delante en Las Encuestas y es el favorito para Convertirse en el Pr\u00f3pumo Canciller de Alemania, expres\u00f3 Su Renuencia A Auminar Los Impuestos<\/p>\n<p>o Endeuda para Alcanzar el Objetivo de Gasto en Defensa De la Otan del 2 por ciento del producto interno Bruto, una cantidad que scholz considera insuficiente.<\/p>\n<p><span data-slot-id=\"Article_InContent-1\" class=\"rich-text-ad\"\/><\/p>\n<h2>Respuesta en una Hora<\/h2>\n<p>Consultado Sobre la Propuesta de Trump de Convertir Gaza en la \u00abRiviera de Medio Oriente\u00bb, Scholz Dijo Que Era Algo \u00abEscandaloso\u00bb, Porque \u00abSE TRATA DE UNA EXPRESI\u00d3N REALMENTE TERRABLE\u00bb, DADA LA MAGNITUD DE LA DESTRUCCION QUE PADECE LA REGIO. \u00abLa Retalizaci\u00f3 de la Poblacia es inaceptable y Va en contra de la Ley Internacional\u00bb, A\u00f1adi\u00f3, en el debate transmitido por Las Cadenas P\u00fablicas Ard y Zdf.<\/p>\n<p>Ambos Candidatos Difirieron en Su Evaluacia de la Orden Firmada por Trump Para Reconocer, un Nivel Federal, solo Dos Sexos. Para Merz, SE Trata de \u00abUna decisi\u00f3n que pueedo tenter\u00bb. Scholz, en Cambio, la consider\u00f3 \u00abInapropiada\u00bb, Porque \u00abCadada Persona Deber\u00eda Ser Feliz de la Manera en que Quiera Ser Feliz\u00bb.<\/p>\n<p>Merz Reconoci\u00f3 que el Nuevo Mandato de Trump Provoca \u00abPreocupaciones en este -Lado del Atl\u00e1nnico\u00bb, por lo que se considera Central Que en Europa \u00abEstemos Tan Unidos como Sea Sea Posible\u00bb. Por lo Mismo, Dijo Que de Ser Elegido, Se Concentrar\u00e1 en Garantizar Esa Unidad Europea. Scholz, Por Su parte, Apunt\u00f3 que buscar\u00e1 lidiar con trump por medio de \u00abpalabras Claras y conversaciones amistosas\u00bb.<\/p>\n<p>Consultado Solos posibles Aranceles Estadounidenss Contra la Uni\u00f3n Europea, Scholz Respondi\u00f3 \u00abEstamos Preparados, Como uni\u00f3n Europea podemos Actuare en una Hora\u00bb.<\/p>\n<p>DZC (AP, Reuters)<\/p>\n<\/div>\n\n","protected":false},"excerpt":{"rendered":"<p>El Canciller de Alemania, El Socialdem\u00f3crata Olaf Scholz, Calific\u00f3 de \u00abEscandalosa\u00bb La Propuesta del Presidente de Estados Unidos, Donald Trump, De Tomar El Control de la Franja de Gaza, Reubicar a Su Poblaci\u00f3n y Reconstrora. Su principal rival, El Conservador Friedrich Merz (CDU\/CSU), Tambi\u00e9n expres\u00f3 Inquietud, Aunque Sugiri\u00f3 Que Desde Washington Hab\u00eda Muya \u00abRetRica\u00bb. ESE &hellip;<\/p>\n","protected":false},"author":1,"featured_media":13995,"comment_status":"open","ping_status":"open","sticky":false,"template":"","format":"standard","meta":{"fifu_image_url":"https:\/\/static.dw.com\/image\/71556040_6.jpg","fifu_image_alt":"","footnotes":""},"categories":[13],"tags":[],"class_list":["post-13994","post","type-post","status-publish","format-standard","has-post-thumbnail","","category-mundo"],"_links":{"self":[{"href":"https:\/\/noticiasveraces.com\/index.php?rest_route=\/wp\/v2\/posts\/13994","targetHints":{"allow":["GET"]}}],"collection":[{"href":"https:\/\/noticiasveraces.com\/index.php?rest_route=\/wp\/v2\/posts"}],"about":[{"href":"https:\/\/noticiasveraces.com\/index.php?rest_route=\/wp\/v2\/types\/post"}],"author":[{"embeddable":true,"href":"https:\/\/noticiasveraces.com\/index.php?rest_route=\/wp\/v2\/users\/1"}],"replies":[{"embeddable":true,"href":"https:\/\/noticiasveraces.com\/index.php?rest_route=%2Fwp%2Fv2%2Fcomments&post=13994"}],"version-history":[{"count":0,"href":"https:\/\/noticiasveraces.com\/index.php?rest_route=\/wp\/v2\/posts\/13994\/revisions"}],"wp:featuredmedia":[{"embeddable":true,"href":"https:\/\/noticiasveraces.com\/index.php?rest_route=\/wp\/v2\/media\/13995"}],"wp:attachment":[{"href":"https:\/\/noticiasveraces.com\/index.php?rest_route=%2Fwp%2Fv2%2Fmedia&parent=13994"}],"wp:term":[{"taxonomy":"category","embeddable":true,"href":"https:\/\/noticiasveraces.com\/index.php?rest_route=%2Fwp%2Fv2%2Fcategories&post=13994"},{"taxonomy":"post_tag","embeddable":true,"href":"https:\/\/noticiasveraces.com\/index.php?rest_route=%2Fwp%2Fv2%2Ftags&post=13994"}],"curies":[{"name":"wp","href":"https:\/\/api.w.org\/{rel}","templated":true}]}}