{"id":13988,"date":"2025-02-09T18:58:51","date_gmt":"2025-02-09T22:58:51","guid":{"rendered":"https:\/\/noticiasveraces.com\/?p=13988"},"modified":"2025-02-09T18:58:51","modified_gmt":"2025-02-09T22:58:51","slug":"vida-silvestre-rara-manchada-en-polonia","status":"publish","type":"post","link":"https:\/\/noticiasveraces.com\/?p=13988","title":{"rendered":"Vida silvestre rara manchada en Polonia"},"content":{"rendered":"<p> \n<\/p>\n<div>\n<p class=\"speakable\">Seg\u00fan una organizaci\u00f3n de conservaci\u00f3n, dos lobos negros inusuales que se cree que son hermanos fueron atrapados por la c\u00e1mara que cruzaba un arroyo en un bosque en Polonia.<\/p>\n<p class=\"speakable\">El avistamiento raro, que fue capturado en el video el a\u00f1o pasado, ha llevado al Fondo de Conservaci\u00f3n de Vida Save Save Polonia a recuperar excrementos de excremento en el bosque en los que se observaron los lobos, para que los cient\u00edficos puedan aprender m\u00e1s sobre la gen\u00e9tica de los lobos negros.<\/p>\n<p>Associated Press inform\u00f3 que la c\u00e1mara de video fue configurada por Joanna Toczydlowska, coordinadora de proyectos de la Organizaci\u00f3n de Vida Silvestre, para estudiar castores.<\/p>\n<p>Pero se sorprendi\u00f3 cuando revis\u00f3 las im\u00e1genes grabadas y vio a Wolves. Ella decidi\u00f3 dejar la c\u00e1mara en su lugar para aprender m\u00e1s sobre los animales raros.<\/p>\n<p><strong>Los ganaderos de Colorado piden a los funcionarios para eliminar letalmente a los lobos<\/strong><\/p>\n<div class=\"image-ct inline\">\n<div class=\"m\"><picture><source media=\"(max-width: 767px)\" srcset=\"https:\/\/a57.foxnews.com\/static.foxnews.com\/foxnews.com\/content\/uploads\/2025\/02\/343\/192\/wolves.mp4_.jpg?ve=1&amp;tl=1, https:\/\/a57.foxnews.com\/static.foxnews.com\/foxnews.com\/content\/uploads\/2025\/02\/686\/384\/wolves.mp4_.jpg?ve=1&amp;tl=1 2x\" height=\"192\" width=\"343\"><source media=\"(min-width: 768px) and (max-width: 1023px)\" srcset=\"https:\/\/a57.foxnews.com\/static.foxnews.com\/foxnews.com\/content\/uploads\/2025\/02\/672\/378\/wolves.mp4_.jpg?ve=1&amp;tl=1, https:\/\/a57.foxnews.com\/static.foxnews.com\/foxnews.com\/content\/uploads\/2025\/02\/1344\/756\/wolves.mp4_.jpg?ve=1&amp;tl=1 2x\" height=\"378\" width=\"672\"><source media=\"(min-width: 1024px) and (max-width: 1279px)\" srcset=\"https:\/\/a57.foxnews.com\/static.foxnews.com\/foxnews.com\/content\/uploads\/2025\/02\/931\/523\/wolves.mp4_.jpg?ve=1&amp;tl=1, https:\/\/a57.foxnews.com\/static.foxnews.com\/foxnews.com\/content\/uploads\/2025\/02\/1862\/1046\/wolves.mp4_.jpg?ve=1&amp;tl=1 2x\" height=\"523\" width=\"931\"><source media=\"(min-width: 1280px)\" srcset=\"https:\/\/a57.foxnews.com\/static.foxnews.com\/foxnews.com\/content\/uploads\/2025\/02\/720\/405\/wolves.mp4_.jpg?ve=1&amp;tl=1, https:\/\/a57.foxnews.com\/static.foxnews.com\/foxnews.com\/content\/uploads\/2025\/02\/1440\/810\/wolves.mp4_.jpg?ve=1&amp;tl=1 2x\" height=\"405\" width=\"720\"><img loading=\"lazy\" decoding=\"async\" src=\"https:\/\/a57.foxnews.com\/static.foxnews.com\/foxnews.com\/content\/uploads\/2025\/02\/1200\/675\/wolves.mp4_.jpg?ve=1&amp;tl=1\" alt=\"Lobo negro\" width=\"1200\" height=\"675\"\/><\/source><\/source><\/source><\/source><\/picture><\/div>\n<div class=\"info\">\n<div class=\"caption\">\n<p><span>Esta imagen, hecha de video proporcionado por el Fondo de Conservaci\u00f3n de Vida Save Wildlife Polonia, muestra un raro lobo negro que cruza una corriente en un bosque polaco el verano pasado. <\/span> <span>(Save Wildlife Conservation Fund Polonia a trav\u00e9s de AP)<\/span><\/p>\n<\/div>\n<\/div>\n<\/div>\n<p>\u00abEs algo nuevo e inusual\u00bb, dijo Toczydlowska a The Wire Service.<\/p>\n<p>En uno de los clips capturados, un lobo gris y un lobo negro cruzaban un arroyo en el bosque, aunque lentamente cuando el agua estaba casi a la altura de sus barrigas. Una vez cerca del otro lado, los dos lobos saltaron a la orilla antes de alejarse.<\/p>\n<p>En otro clip grabado en el oto\u00f1o, se vieron dos lobos negros y un lobo gris cruzando la misma corriente.<\/p>\n<p>Los investigadores no revelaron la ubicaci\u00f3n de los avistamientos para proteger a los lobos raros.<\/p>\n<p><strong>Los lobos reintroducidos en Colorado culparon a ataques repetidos contra el ganado<\/strong><\/p>\n<div class=\"image-ct inline\">\n<div class=\"m\"><picture><source media=\"(max-width: 767px)\" srcset=\"https:\/\/a57.foxnews.com\/static.foxnews.com\/foxnews.com\/content\/uploads\/2025\/02\/343\/192\/wolves.mp4-2.jpg?ve=1&amp;tl=1, https:\/\/a57.foxnews.com\/static.foxnews.com\/foxnews.com\/content\/uploads\/2025\/02\/686\/384\/wolves.mp4-2.jpg?ve=1&amp;tl=1 2x\" height=\"192\" width=\"343\"><source media=\"(min-width: 768px) and (max-width: 1023px)\" srcset=\"https:\/\/a57.foxnews.com\/static.foxnews.com\/foxnews.com\/content\/uploads\/2025\/02\/672\/378\/wolves.mp4-2.jpg?ve=1&amp;tl=1, https:\/\/a57.foxnews.com\/static.foxnews.com\/foxnews.com\/content\/uploads\/2025\/02\/1344\/756\/wolves.mp4-2.jpg?ve=1&amp;tl=1 2x\" height=\"378\" width=\"672\"><source media=\"(min-width: 1024px) and (max-width: 1279px)\" srcset=\"https:\/\/a57.foxnews.com\/static.foxnews.com\/foxnews.com\/content\/uploads\/2025\/02\/931\/523\/wolves.mp4-2.jpg?ve=1&amp;tl=1, https:\/\/a57.foxnews.com\/static.foxnews.com\/foxnews.com\/content\/uploads\/2025\/02\/1862\/1046\/wolves.mp4-2.jpg?ve=1&amp;tl=1 2x\" height=\"523\" width=\"931\"><source media=\"(min-width: 1280px)\" srcset=\"https:\/\/a57.foxnews.com\/static.foxnews.com\/foxnews.com\/content\/uploads\/2025\/02\/720\/405\/wolves.mp4-2.jpg?ve=1&amp;tl=1, https:\/\/a57.foxnews.com\/static.foxnews.com\/foxnews.com\/content\/uploads\/2025\/02\/1440\/810\/wolves.mp4-2.jpg?ve=1&amp;tl=1 2x\" height=\"405\" width=\"720\"><img loading=\"lazy\" decoding=\"async\" src=\"https:\/\/a57.foxnews.com\/static.foxnews.com\/foxnews.com\/content\/uploads\/2025\/02\/1200\/675\/wolves.mp4-2.jpg?ve=1&amp;tl=1\" alt=\"Lobos negros y grises\" width=\"1200\" height=\"675\"\/><\/source><\/source><\/source><\/source><\/picture><\/div>\n<div class=\"info\">\n<div class=\"caption\">\n<p><span>Los lobos raros fueron vistos cruzando una corriente.<\/span> <span>(Save Wildlife Conservation Fund Polonia a trav\u00e9s de AP)<\/span><\/p>\n<\/div>\n<\/div>\n<\/div>\n<p>En Polonia, la mayor\u00eda de los casi 3.000 lobos son grises con acentos rojos o negros.<\/p>\n<p>El pelaje negro probablemente sea de una mutaci\u00f3n gen\u00e9tica que ocurri\u00f3 con perros domesticados hace miles de a\u00f1os.<\/p>\n<p>En Europa, la piel oscura es rara, aunque en el Parque Nacional de Yellowstone en los Estados Unidos, al menos la mitad de la poblaci\u00f3n de lobo tiene piel negra.<\/p>\n<p><strong>Wolf Fight Pits Ranchers Against Will of the People in Story arrancado de las p\u00e1ginas de un gui\u00f3n de &#8216;Yellowstone&#8217;<\/strong><\/p>\n<div class=\"image-ct inline\">\n<div class=\"m\"><picture><source media=\"(max-width: 767px)\" srcset=\"https:\/\/a57.foxnews.com\/static.foxnews.com\/foxnews.com\/content\/uploads\/2025\/02\/343\/192\/wolves.mp4-1.jpg?ve=1&amp;tl=1, https:\/\/a57.foxnews.com\/static.foxnews.com\/foxnews.com\/content\/uploads\/2025\/02\/686\/384\/wolves.mp4-1.jpg?ve=1&amp;tl=1 2x\" height=\"192\" width=\"343\"><source media=\"(min-width: 768px) and (max-width: 1023px)\" srcset=\"https:\/\/a57.foxnews.com\/static.foxnews.com\/foxnews.com\/content\/uploads\/2025\/02\/672\/378\/wolves.mp4-1.jpg?ve=1&amp;tl=1, https:\/\/a57.foxnews.com\/static.foxnews.com\/foxnews.com\/content\/uploads\/2025\/02\/1344\/756\/wolves.mp4-1.jpg?ve=1&amp;tl=1 2x\" height=\"378\" width=\"672\"><source media=\"(min-width: 1024px) and (max-width: 1279px)\" srcset=\"https:\/\/a57.foxnews.com\/static.foxnews.com\/foxnews.com\/content\/uploads\/2025\/02\/931\/523\/wolves.mp4-1.jpg?ve=1&amp;tl=1, https:\/\/a57.foxnews.com\/static.foxnews.com\/foxnews.com\/content\/uploads\/2025\/02\/1862\/1046\/wolves.mp4-1.jpg?ve=1&amp;tl=1 2x\" height=\"523\" width=\"931\"><source media=\"(min-width: 1280px)\" srcset=\"https:\/\/a57.foxnews.com\/static.foxnews.com\/foxnews.com\/content\/uploads\/2025\/02\/720\/405\/wolves.mp4-1.jpg?ve=1&amp;tl=1, https:\/\/a57.foxnews.com\/static.foxnews.com\/foxnews.com\/content\/uploads\/2025\/02\/1440\/810\/wolves.mp4-1.jpg?ve=1&amp;tl=1 2x\" height=\"405\" width=\"720\"><img loading=\"lazy\" decoding=\"async\" src=\"https:\/\/a57.foxnews.com\/static.foxnews.com\/foxnews.com\/content\/uploads\/2025\/02\/1200\/675\/wolves.mp4-1.jpg?ve=1&amp;tl=1\" alt=\"Lobo gris\" width=\"1200\" height=\"675\"\/><\/source><\/source><\/source><\/source><\/picture><\/div>\n<div class=\"info\">\n<div class=\"caption\">\n<p><span>Uno de los lobos negros fue visto con un lobo gris.<\/span> <span>(Save Wildlife Conservation Fund Polonia a trav\u00e9s de AP)<\/span><\/p>\n<\/div>\n<\/div>\n<\/div>\n<p>Toczydlowska dijo que los dos lobos negros probablemente eran hermanos y de aproximadamente un a\u00f1o, lo que hipoteti\u00f3 sobre la base de que los lobos viajan en familias y los dos ten\u00edan aproximadamente 66 libras. Tambi\u00e9n dijo que al menos uno de los lobos negros vistos era un hombre.<\/p>\n<p>Los lobos estaban casi extintos en Polonia en la d\u00e9cada de 1950, aunque la poblaci\u00f3n se ha recuperado en los \u00faltimos a\u00f1os, particularmente en la parte central del pa\u00eds.<\/p>\n<p>Toczydlowska y sus colegas ayudan a educar al p\u00fablico sobre c\u00f3mo vivir de manera segura en \u00e1reas habitadas por paquetes de lobos.<\/p>\n<p><strong><u>Haga clic aqu\u00ed para obtener la aplicaci\u00f3n Fox News<\/u><\/strong><\/p>\n<p>\u00abPara las personas, es un nuevo fen\u00f3meno\u00bb, dijo a AP Roman Gula, jefe del proyecto de monitoreo de lobo de la organizaci\u00f3n. \u00abLa educaci\u00f3n es uno de nuestros principales objetivos principales\u00bb.<\/p>\n<p><i>Associated Press contribuy\u00f3 a este informe.<\/i><\/p>\n<p> <!----> <\/p>\n<div class=\"article-meta\">\n<div class=\"author-bio\">\n<p>Greg Wehner es un reportero de noticias de Fox News Digital.<\/p>\n<p>Los consejos e ideas de la historia se pueden enviar a greg.wehner@fox.com y en Twitter @Gregwehner.<\/p>\n<\/div>\n<\/div>\n<\/div>\n\n","protected":false},"excerpt":{"rendered":"<p>Seg\u00fan una organizaci\u00f3n de conservaci\u00f3n, dos lobos negros inusuales que se cree que son hermanos fueron atrapados por la c\u00e1mara que cruzaba un arroyo en un bosque en Polonia. El avistamiento raro, que fue capturado en el video el a\u00f1o pasado, ha llevado al Fondo de Conservaci\u00f3n de Vida Save Save Polonia a recuperar excrementos &hellip;<\/p>\n","protected":false},"author":1,"featured_media":13990,"comment_status":"open","ping_status":"open","sticky":false,"template":"","format":"standard","meta":{"fifu_image_url":"https:\/\/static.foxnews.com\/foxnews.com\/content\/uploads\/2025\/02\/wolves.mp4_.jpg","fifu_image_alt":"","footnotes":""},"categories":[13],"tags":[],"class_list":["post-13988","post","type-post","status-publish","format-standard","has-post-thumbnail","","category-mundo"],"_links":{"self":[{"href":"https:\/\/noticiasveraces.com\/index.php?rest_route=\/wp\/v2\/posts\/13988","targetHints":{"allow":["GET"]}}],"collection":[{"href":"https:\/\/noticiasveraces.com\/index.php?rest_route=\/wp\/v2\/posts"}],"about":[{"href":"https:\/\/noticiasveraces.com\/index.php?rest_route=\/wp\/v2\/types\/post"}],"author":[{"embeddable":true,"href":"https:\/\/noticiasveraces.com\/index.php?rest_route=\/wp\/v2\/users\/1"}],"replies":[{"embeddable":true,"href":"https:\/\/noticiasveraces.com\/index.php?rest_route=%2Fwp%2Fv2%2Fcomments&post=13988"}],"version-history":[{"count":0,"href":"https:\/\/noticiasveraces.com\/index.php?rest_route=\/wp\/v2\/posts\/13988\/revisions"}],"wp:featuredmedia":[{"embeddable":true,"href":"https:\/\/noticiasveraces.com\/index.php?rest_route=\/wp\/v2\/media\/13990"}],"wp:attachment":[{"href":"https:\/\/noticiasveraces.com\/index.php?rest_route=%2Fwp%2Fv2%2Fmedia&parent=13988"}],"wp:term":[{"taxonomy":"category","embeddable":true,"href":"https:\/\/noticiasveraces.com\/index.php?rest_route=%2Fwp%2Fv2%2Fcategories&post=13988"},{"taxonomy":"post_tag","embeddable":true,"href":"https:\/\/noticiasveraces.com\/index.php?rest_route=%2Fwp%2Fv2%2Ftags&post=13988"}],"curies":[{"name":"wp","href":"https:\/\/api.w.org\/{rel}","templated":true}]}}