{"id":13973,"date":"2025-02-09T17:01:32","date_gmt":"2025-02-09T21:01:32","guid":{"rendered":"https:\/\/noticiasveraces.com\/?p=13973"},"modified":"2025-02-09T17:01:32","modified_gmt":"2025-02-09T21:01:32","slug":"atormentado-por-los-fantasmas-de-gallipoli-fui-a-mi-propia-guerra-en-helmand-reino-unido-noticias","status":"publish","type":"post","link":"https:\/\/noticiasveraces.com\/?p=13973","title":{"rendered":"Atormentado por los fantasmas de Gallipoli fui a mi propia guerra en Helmand | Reino Unido | Noticias"},"content":{"rendered":"<p> \n<\/p>\n<div>\n<div class=\"photo changeSpace\">\n<p class=\"withoutCaption\"><picture><source type=\"image\/avif\" srcset=\"https:\/\/cdn.images.express.co.uk\/img\/dynamic\/1\/1200x712\/secondary\/5942273.avif?r=1739121555648\" media=\"screen and (min-width:10000px)\"><source type=\"image\/webp\" srcset=\"https:\/\/cdn.images.express.co.uk\/img\/dynamic\/1\/1200x712\/secondary\/5942273.webp?r=1739121555648\" media=\"screen and (min-width:10000px)\"><source type=\"image\/jpeg\" srcset=\"https:\/\/cdn.images.express.co.uk\/img\/dynamic\/1\/1200x712\/secondary\/5942273.jpg?r=1739121555648\" media=\"screen and (min-width:10000px)\"><source type=\"image\/avif\" srcset=\"https:\/\/cdn.images.express.co.uk\/img\/dynamic\/1\/674x400\/secondary\/5942273.avif?r=1739121555648\" media=\"screen and (min-width:100000px)\"><source type=\"image\/webp\" srcset=\"https:\/\/cdn.images.express.co.uk\/img\/dynamic\/1\/674x400\/secondary\/5942273.webp?r=1739121555648\" media=\"screen and (min-width:100000px)\"><source type=\"image\/jpeg\" srcset=\"https:\/\/cdn.images.express.co.uk\/img\/dynamic\/1\/674x400\/secondary\/5942273.jpg?r=1739121555648\" media=\"screen and (min-width:100000px)\"><source type=\"image\/avif\" srcset=\"https:\/\/cdn.images.express.co.uk\/img\/dynamic\/1\/940x\/secondary\/5942273.avif?r=1739121555648\" media=\"screen and (min-width:1200px)\"><source type=\"image\/webp\" srcset=\"https:\/\/cdn.images.express.co.uk\/img\/dynamic\/1\/940x\/secondary\/5942273.webp?r=1739121555648\" media=\"screen and (min-width:1200px)\"><source type=\"image\/jpeg\" srcset=\"https:\/\/cdn.images.express.co.uk\/img\/dynamic\/1\/940x\/secondary\/5942273.jpg?r=1739121555648\" media=\"screen and (min-width:1200px)\"><source type=\"image\/avif\" srcset=\"https:\/\/cdn.images.express.co.uk\/img\/dynamic\/1\/590x\/secondary\/5942273.avif?r=1739121555648\" media=\"screen\"><source type=\"image\/webp\" srcset=\"https:\/\/cdn.images.express.co.uk\/img\/dynamic\/1\/590x\/secondary\/5942273.webp?r=1739121555648\" media=\"screen\"><img loading=\"lazy\" decoding=\"async\" class=\"zoomEnabled\" src=\"https:\/\/cdn.images.express.co.uk\/img\/dynamic\/1\/1200x712\/secondary\/5942273.jpg?r=1739121555648\" alt=\"Cementerio de la Guerra de la Commonwealth en Eceabat, Turqu\u00eda\" title=\"Cementerio de la Guerra de la Commonwealth en Eceabat, Turqu\u00eda\" width=\"590\" height=\"393\"\/><\/source><\/source><\/source><\/source><\/source><\/source><\/source><\/source><\/source><\/source><\/source><\/picture><\/p>\n<p><span class=\"newsCaption\">Los visitantes caminan entre las tumbas de las tropas de la Commonwealth asesinadas en Gallipoli en Eceabat, Turqu\u00eda <span class=\"caption\">(Imagen: Getty)<\/span><span class=\"magnifier\" data-img=\"https:\/\/cdn.images.express.co.uk\/img\/dynamic\/1\/1200x712\/secondary\/5942273.jpg?r=1739121555648\"\/><\/span><\/div>\n<div class=\"text-description\">\n<p>El sol brillaba en el mar y su calor calentaba la parte posterior de mi cuello. Camin\u00e9, completamente solo, caminos hacia arriba y a trav\u00e9s de los campos, cuando el pa\u00eds a mi alrededor comenzaba a irrumpir en la primavera. Era abril de 2009 y estaba de permiso antes de ir a la provincia de Helmand en Afganist\u00e1n como parte del esfuerzo del ej\u00e9rcito brit\u00e1nico para traer seguridad al pa\u00eds.<\/p>\n<p>La paz se rompi\u00f3 solo por el sonido de las aves y mi propia respiraci\u00f3n laboriosa.<\/p>\n<p>Sin embargo, en 1915, la pen\u00ednsula de Gallipoli en el Mediterr\u00e1neo oriental fue un paisaje mortal, escena de algunas de las condiciones m\u00e1s espantosas y luchas brutales de toda la Primera Guerra Mundial. Casi un siglo despu\u00e9s, hab\u00eda viajado por la costa oeste de Turqu\u00eda para pasar unos d\u00edas explorando la pen\u00ednsula de Gallipoli y tratando de comprender mejor el terreno de esta infame campa\u00f1a, que se ha convertido en una palabra sin palabras para el desastre militar.<\/p>\n<p>Ese d\u00eda, hab\u00eda visto algunas de las playas de aterrizaje, el monumental Memorial Helles en la punta de la pen\u00ednsula y hab\u00eda alejado de las multitudes m\u00e1s all\u00e1 de varios de los cementerios que tachaban del sector del Cabo Helles del campo de batalla donde British, Empire and and y y Las fuerzas francesas lucharon.<\/p>\n<p>Las l\u00e1pidas eran marcadamente diferentes, not\u00e9, de los ic\u00f3nicos de los campos de batalla de Somme y Ypres; En lugar de losas verticales blancas brillantes, eran peque\u00f1as placas de piedra, se ponen boca arriba en pedestales bajos de concreto.<\/p>\n<p>Nadie m\u00e1s estaba en estos cementerios en absoluto.<\/p>\n<p>Despu\u00e9s de unirse al ej\u00e9rcito en 2006 y ahora un teniente de 25 a\u00f1os a punto de ordenar soldados en combate contra los talibanes, me pareci\u00f3 incre\u00edblemente movido para ver cientos de placas, cada una marcando una vida. M\u00e1s tarde ese d\u00eda, le ped\u00ed a un taxista que me llevara a Anzac Cove, la estrecha franja de playa m\u00e1s al norte de Helles, donde los australianos y los neozelandeses comenzaron sus valientes y condenados intentos de tratar de salir de su propia cabeza de playa.<\/p>\n<p>El conductor acord\u00f3 esperar una hora para m\u00ed. Camin\u00e9 hacia la playa, solo nuevamente, el sol poniente encendiendo el cielo hacia el oeste. De repente, todos los pelos de mi cuello estaban de pie, mi piel hormiguea.<\/p>\n<\/div>\n<div class=\"photo changeSpace\">\n<p class=\"withoutCaption\"><picture><source type=\"image\/avif\" srcset=\"https:\/\/cdn.images.express.co.uk\/img\/dynamic\/1\/1200x712\/secondary\/5942284.avif?r=1739121555660\" media=\"screen and (min-width:10000px)\"><source type=\"image\/webp\" srcset=\"https:\/\/cdn.images.express.co.uk\/img\/dynamic\/1\/1200x712\/secondary\/5942284.webp?r=1739121555660\" media=\"screen and (min-width:10000px)\"><source type=\"image\/jpeg\" srcset=\"https:\/\/cdn.images.express.co.uk\/img\/dynamic\/1\/1200x712\/secondary\/5942284.jpg?r=1739121555660\" media=\"screen and (min-width:10000px)\"><source type=\"image\/avif\" srcset=\"https:\/\/cdn.images.express.co.uk\/img\/dynamic\/1\/674x400\/secondary\/5942284.avif?r=1739121555660\" media=\"screen and (min-width:100000px)\"><source type=\"image\/webp\" srcset=\"https:\/\/cdn.images.express.co.uk\/img\/dynamic\/1\/674x400\/secondary\/5942284.webp?r=1739121555660\" media=\"screen and (min-width:100000px)\"><source type=\"image\/jpeg\" srcset=\"https:\/\/cdn.images.express.co.uk\/img\/dynamic\/1\/674x400\/secondary\/5942284.jpg?r=1739121555660\" media=\"screen and (min-width:100000px)\"><source type=\"image\/avif\" srcset=\"https:\/\/cdn.images.express.co.uk\/img\/dynamic\/1\/940x\/secondary\/5942284.avif?r=1739121555660\" media=\"screen and (min-width:1200px)\"><source type=\"image\/webp\" srcset=\"https:\/\/cdn.images.express.co.uk\/img\/dynamic\/1\/940x\/secondary\/5942284.webp?r=1739121555660\" media=\"screen and (min-width:1200px)\"><source type=\"image\/jpeg\" srcset=\"https:\/\/cdn.images.express.co.uk\/img\/dynamic\/1\/940x\/secondary\/5942284.jpg?r=1739121555660\" media=\"screen and (min-width:1200px)\"><source type=\"image\/avif\" srcset=\"https:\/\/cdn.images.express.co.uk\/img\/dynamic\/1\/590x\/secondary\/5942284.avif?r=1739121555660\" media=\"screen\"><source type=\"image\/webp\" srcset=\"https:\/\/cdn.images.express.co.uk\/img\/dynamic\/1\/590x\/secondary\/5942284.webp?r=1739121555660\" media=\"screen\"><img decoding=\"async\" src=\"https:\/\/cdn.images.express.co.uk\/img\/dynamic\/1\/590x\/secondary\/5942284.jpg?r=1739121555660\" alt=\"Tropas de la Divisi\u00f3n Naval acusan en la pen\u00ednsula de Gallipoli en 1915\" title=\"Tropas de la Divisi\u00f3n Naval acusan en la pen\u00ednsula de Gallipoli en 1915\" width=\"590\" height=\"398\" loading=\"lazy\"\/><\/source><\/source><\/source><\/source><\/source><\/source><\/source><\/source><\/source><\/source><\/source><\/picture><\/p>\n<p><span class=\"newsCaption\">Tropas aliadas de la Divisi\u00f3n Naval acusan en la pen\u00ednsula de Gallipoli en 1915 <span class=\"caption\">(Imagen: Mirrorpix)<\/span><\/span><\/div>\n<div class=\"text-description\">\n<p>Nunca antes ni desde entonces he tenido tanta sensaci\u00f3n de que el aire a mi alrededor estaba tan cargado con una presencia invisible. Spooked, volv\u00ed a subir al auto, donde el conductor se volvi\u00f3 hacia m\u00ed y sonri\u00f3: \u00abS\u00ed, la mayor\u00eda de las personas no logran durar mucho tiempo all\u00ed en la oscuridad\u00bb.<\/p>\n<p>En todas partes en Gallipoli hay esta sensaci\u00f3n de fantasmas inquietos. Los cementerios y los monumentos conmemorativos salpican el paisaje y las trincheras a\u00fan se alinean en los campos de Helles, las crestas vertiginosas alrededor de Anzac y las colinas alrededor de la amplia extensi\u00f3n de la bah\u00eda de Suvla. Mientras que la pen\u00ednsula est\u00e1 muy ocupada a fines de abril, cuando est\u00e1 lleno de australianos y neozelandeses que vienen a conmemorar el D\u00eda de Anzac el 25 de abril, durante gran parte del resto del a\u00f1o casi est\u00e1 desierto.<\/p>\n<p>Es diferente de los campos de batalla del Frente Occidental en Francia y B\u00e9lgica porque a diferencia de ellos, que tienen pocas caracter\u00edsticas distintivas con las cuales se orientan, es muy f\u00e1cil comprender r\u00e1pidamente toda la tesis de la campa\u00f1a de Gallipoli.<\/p>\n<p>En un instante, el terreno le permite ver exactamente la importaci\u00f3n de lo que los aliados estaban tratando de hacer. Y ese objetivo era, en mi opini\u00f3n, el pensamiento estrat\u00e9gico m\u00e1s audaz en toda la guerra.<\/p>\n<p>A finales de 1914, era evidente para el gabinete brit\u00e1nico que los combates en Francia y B\u00e9lgica no iban a producir una victoria decisiva durante a\u00f1os, si es que lo hicieron.<\/p>\n<p>Quiz\u00e1s, sin embargo, eliminar al aliado alem\u00e1n de la guerra de la guerra podr\u00eda hacer que el flanco oriental de las potencias centrales sea m\u00e1s vulnerable, adem\u00e1s de abrir una l\u00ednea de vida al aliado brit\u00e1nico Rusia al abrir su acceso al Mediterr\u00e1neo y, por lo tanto, permitir que las importaciones y las Exportaci\u00f3n de grano de la regi\u00f3n de Ucrania. Si pudieran capturar a Constantinopla, ahora conocida como Estambul, se supon\u00eda que todo Turqu\u00eda caer\u00eda.<\/p>\n<p>Sin embargo, para llegar a Constantinopla, la Royal Navy tuvo que pasar por los Dardanelles, un tramo de agua de 40 millas de largo y que vari\u00f3 en ancho desde una milla m\u00e1s estrecha a cinco millas en otros lugares.<\/p>\n<p>El lado izquierdo del estrecho fue formado por la pen\u00ednsula de Gallipoli, a la derecha por el continente turco.<\/p>\n<p>Inicialmente se pensaba que la Armada podr\u00eda forzar el estrecho por s\u00ed mismo, pero, cuando un ataque total fue repelido el 18 de marzo de 1915, se decidi\u00f3 que la pen\u00ednsula flanqueada tendr\u00eda que ser capturada por las fuerzas terrestres para permitir que los barcos pasen El estrecho sin obst\u00e1culos.<\/p>\n<\/div>\n<div class=\"photo changeSpace\">\n<p class=\"withoutCaption\"><picture><source type=\"image\/avif\" srcset=\"https:\/\/cdn.images.express.co.uk\/img\/dynamic\/1\/1200x712\/secondary\/5942303.avif?r=1739121555734\" media=\"screen and (min-width:10000px)\"><source type=\"image\/webp\" srcset=\"https:\/\/cdn.images.express.co.uk\/img\/dynamic\/1\/1200x712\/secondary\/5942303.webp?r=1739121555734\" media=\"screen and (min-width:10000px)\"><source type=\"image\/jpeg\" srcset=\"https:\/\/cdn.images.express.co.uk\/img\/dynamic\/1\/1200x712\/secondary\/5942303.jpg?r=1739121555734\" media=\"screen and (min-width:10000px)\"><source type=\"image\/avif\" srcset=\"https:\/\/cdn.images.express.co.uk\/img\/dynamic\/1\/674x400\/secondary\/5942303.avif?r=1739121555734\" media=\"screen and (min-width:100000px)\"><source type=\"image\/webp\" srcset=\"https:\/\/cdn.images.express.co.uk\/img\/dynamic\/1\/674x400\/secondary\/5942303.webp?r=1739121555734\" media=\"screen and (min-width:100000px)\"><source type=\"image\/jpeg\" srcset=\"https:\/\/cdn.images.express.co.uk\/img\/dynamic\/1\/674x400\/secondary\/5942303.jpg?r=1739121555734\" media=\"screen and (min-width:100000px)\"><source type=\"image\/avif\" srcset=\"https:\/\/cdn.images.express.co.uk\/img\/dynamic\/1\/940x\/secondary\/5942303.avif?r=1739121555734\" media=\"screen and (min-width:1200px)\"><source type=\"image\/webp\" srcset=\"https:\/\/cdn.images.express.co.uk\/img\/dynamic\/1\/940x\/secondary\/5942303.webp?r=1739121555734\" media=\"screen and (min-width:1200px)\"><source type=\"image\/jpeg\" srcset=\"https:\/\/cdn.images.express.co.uk\/img\/dynamic\/1\/940x\/secondary\/5942303.jpg?r=1739121555734\" media=\"screen and (min-width:1200px)\"><source type=\"image\/avif\" srcset=\"https:\/\/cdn.images.express.co.uk\/img\/dynamic\/1\/590x\/secondary\/5942303.avif?r=1739121555734\" media=\"screen\"><source type=\"image\/webp\" srcset=\"https:\/\/cdn.images.express.co.uk\/img\/dynamic\/1\/590x\/secondary\/5942303.webp?r=1739121555734\" media=\"screen\"><img decoding=\"async\" src=\"https:\/\/cdn.images.express.co.uk\/img\/dynamic\/1\/590x\/secondary\/5942303.jpg?r=1739121555734\" alt=\"Autor Barney Campbell en la provincia de Helmand\" title=\"Autor Barney Campbell en la provincia de Helmand\" width=\"590\" height=\"787\" loading=\"lazy\"\/><\/source><\/source><\/source><\/source><\/source><\/source><\/source><\/source><\/source><\/source><\/source><\/picture><\/p>\n<p><span class=\"newsCaption\">Autor Barney Campbell que sirve en la provincia de Helmand como oficial del ej\u00e9rcito brit\u00e1nico <span class=\"caption\">(Imagen: Barney Campbell)<\/span><\/span><\/div>\n<div class=\"text-description\">\n<p>Entonces, el 25 de abril, despu\u00e9s de haber tenido apenas m\u00e1s de cinco semanas para preparar la operaci\u00f3n anfibia m\u00e1s grande jam\u00e1s realizada en ese momento de la historia, los aliados aterrizaron decenas de miles de hombres para tratar de descifrar la nuez. Durante meses, la Fuerza Expedicionaria Mediterr\u00e1nea (MEF), bajo el liderazgo del general de General Sir Ian Hamilton, lanz\u00f3 todo lo que pudo tratar de capturar la pen\u00ednsula. Pero los turcos lucharon con asombrosa tenacidad.<\/p>\n<p>A medida que avanzaba el a\u00f1o, la campa\u00f1a descendi\u00f3 a un estancamiento amargado, con bajas terribles en ambos lados. Hamilton fue despedido en el oto\u00f1o, y Winston Churchill, quien, como primer se\u00f1or del almirantazgo, me fingi\u00f3 al esquema, tambi\u00e9n perdi\u00f3 su trabajo, junto con una gran cantidad de generales. Finalmente, durante varias noches entre diciembre de 1915 y enero de 1916, todo el MEF fue retirado en condiciones de gran secreto y con apenas una sola v\u00edctima. Fue la operaci\u00f3n m\u00e1s exitosa de la campa\u00f1a, ir\u00f3nicamente.<\/p>\n<p>Para Turqu\u00eda, fue una victoria p\u00edrrica. Nunca m\u00e1s en la guerra alcanzaron tal triunfo y, por su fin, el imperio otomano yac\u00eda en ruinas. Su inspirador comandante, Mustafa Kemal, m\u00e1s tarde para convertirse en Atat\u00fcrk, el fundador de la moderna naci\u00f3n turca, fue quiz\u00e1s la estrella preeminente de la batalla. Dej\u00e9 Gallipoli intrigado y sabiendo que un d\u00eda tuve que escribir sobre eso.<\/p>\n<p>Pens\u00e9 mucho en la campa\u00f1a cuando estaba en Afganist\u00e1n sirviendo mi propio recorrido por el deber, y pude reconocer en mis propias tropas la misma valent\u00eda y auto sacrificio que han caracterizado a los soldados brit\u00e1nicos por generaciones. Cuando llegamos a casa, el general que otorg\u00f3 nuestras medallas dijo que podr\u00edamos considerarnos los herederos de los soldados de Waterloo y la primera y segunda guerra mundial. Pens\u00e9 que ten\u00eda exactamente la raz\u00f3n; Estaba tan orgulloso de lo que hab\u00edamos hecho.<\/p>\n<p>Dej\u00e9 el ej\u00e9rcito en 2012 y escrib\u00ed una novela llamada Rain, que trat\u00f3 de explicar la experiencia de los soldados brit\u00e1nicos en Helmand. Para mi nuevo libro, sin embargo, quer\u00eda escribir una historia que tuviera Gallipoli como tel\u00f3n de fondo.<\/p>\n<p>La visi\u00f3n brit\u00e1nica de la Primera Guerra Mundial se ha fijado demasiado en las trincheras del noroeste de Europa, en detrimento de nuestra comprensi\u00f3n de la verdadera naturaleza del conflicto, que era que era una guerra global que vio a las fuerzas brit\u00e1nicas e imperios luchando y perdiendo su Vive en docenas de otros pa\u00edses: Italia, Grecia, Turqu\u00eda, Palestina, Mesopotamia, Tanganica entre otros, sin olvidar a todos los perdidos en el mar.<\/p>\n<p>Vemos la influencia de la guerra que nos rodea hoy, en Ucrania, en Gaza, en las fronteras mutables de una Europa cuyo antiguo estado la guerra se hizo pedazos.<\/p>\n<\/div>\n<div class=\"photo changeSpace\">\n<p class=\"withoutCaption\"><picture><source type=\"image\/avif\" srcset=\"https:\/\/cdn.images.express.co.uk\/img\/dynamic\/1\/1200x712\/secondary\/5942321.avif?r=1739121555782\" media=\"screen and (min-width:10000px)\"><source type=\"image\/webp\" srcset=\"https:\/\/cdn.images.express.co.uk\/img\/dynamic\/1\/1200x712\/secondary\/5942321.webp?r=1739121555782\" media=\"screen and (min-width:10000px)\"><source type=\"image\/jpeg\" srcset=\"https:\/\/cdn.images.express.co.uk\/img\/dynamic\/1\/1200x712\/secondary\/5942321.jpg?r=1739121555782\" media=\"screen and (min-width:10000px)\"><source type=\"image\/avif\" srcset=\"https:\/\/cdn.images.express.co.uk\/img\/dynamic\/1\/674x400\/secondary\/5942321.avif?r=1739121555782\" media=\"screen and (min-width:100000px)\"><source type=\"image\/webp\" srcset=\"https:\/\/cdn.images.express.co.uk\/img\/dynamic\/1\/674x400\/secondary\/5942321.webp?r=1739121555782\" media=\"screen and (min-width:100000px)\"><source type=\"image\/jpeg\" srcset=\"https:\/\/cdn.images.express.co.uk\/img\/dynamic\/1\/674x400\/secondary\/5942321.jpg?r=1739121555782\" media=\"screen and (min-width:100000px)\"><source type=\"image\/avif\" srcset=\"https:\/\/cdn.images.express.co.uk\/img\/dynamic\/1\/940x\/secondary\/5942321.avif?r=1739121555782\" media=\"screen and (min-width:1200px)\"><source type=\"image\/webp\" srcset=\"https:\/\/cdn.images.express.co.uk\/img\/dynamic\/1\/940x\/secondary\/5942321.webp?r=1739121555782\" media=\"screen and (min-width:1200px)\"><source type=\"image\/jpeg\" srcset=\"https:\/\/cdn.images.express.co.uk\/img\/dynamic\/1\/940x\/secondary\/5942321.jpg?r=1739121555782\" media=\"screen and (min-width:1200px)\"><source type=\"image\/avif\" srcset=\"https:\/\/cdn.images.express.co.uk\/img\/dynamic\/1\/590x\/secondary\/5942321.avif?r=1739121555782\" media=\"screen\"><source type=\"image\/webp\" srcset=\"https:\/\/cdn.images.express.co.uk\/img\/dynamic\/1\/590x\/secondary\/5942321.webp?r=1739121555782\" media=\"screen\"><img decoding=\"async\" src=\"https:\/\/cdn.images.express.co.uk\/img\/dynamic\/1\/590x\/secondary\/5942321.jpg?r=1739121555782\" alt=\"Un fusilier irland\u00e9s real se burla de un francotirador turco en Gallipoli\" title=\"Un fusilier irland\u00e9s real se burla de un francotirador turco en Gallipoli\" width=\"590\" height=\"406\" loading=\"lazy\"\/><\/source><\/source><\/source><\/source><\/source><\/source><\/source><\/source><\/source><\/source><\/source><\/picture><\/p>\n<p><span class=\"newsCaption\">Un fusilier irland\u00e9s real se burla de un francotirador turco en Gallipoli <span class=\"caption\">(Imagen: Getty)<\/span><\/span><\/div>\n<div class=\"text-description\">\n<p>M\u00e1s simplemente, con el libro, quer\u00eda rendir homenaje a ese viaje formativo que hab\u00eda hecho a Gallipoli e intentar honrar el recuerdo de la campa\u00f1a utiliz\u00e1ndolo como escenario para mi historia, que se centra en dos j\u00f3venes oficiales que establecen un Profunda amistad cuando son arrojados a la lucha. Ahora de 41 a\u00f1os, 15 a\u00f1os despu\u00e9s de regresar de Afganist\u00e1n, quer\u00eda usar mi experiencia en Helmand para retratar cu\u00e1n similares fueron los soldados modernos que fueron los hombres que lucharon en Gallipoli.<\/p>\n<p>Podr\u00edamos pensar que, separados por 110 a\u00f1os, son completamente diferentes de nuestra generaci\u00f3n. En mi opini\u00f3n, sin embargo, la experiencia esencial de la soldado sigue siendo la misma a lo largo de la historia, y quer\u00eda traer mi propia experiencia de amistad entre camaradas en la historia.<\/p>\n<p>El gran enigma de Gallipoli, hoy en d\u00eda denigrado por historiadores, pero en mi opini\u00f3n, todav\u00eda es tentador, es \u00ab\u00bfy si hubiera sido un \u00e9xito?\u00bb<\/p>\n<p>\u00bfQu\u00e9 pasar\u00eda si Hamilton lo hubiera logrado, si se hubiera tomado Constantinopla, si Turqu\u00eda hubiera sido eliminado de la guerra? \u00bfHabr\u00edan podido mejorar los rusos contra los alemanes y los austroh\u00fangaros en el frente oriental? Y si lo hubieran hecho, \u00bfno podr\u00eda haber habido una revoluci\u00f3n bolchevique? Si no, todo el curso del siglo XX podr\u00eda haber sido completamente diferente.<\/p>\n<p>Pero esa es toda conjetura. Lo que s\u00ed sabemos es que en este paisaje extraordinariamente dram\u00e1tico, los cuerpos de cientos de miles de soldados a\u00fan yac\u00edan: brit\u00e1nicos, franceses, turcos, australianos, indios, neozelandeses, gurkhas, senegaleses, unidos en la muerte. Como el mismo Atat\u00fcrk, el gran vencedor de Gallipoli, lo expres\u00f3 tan magn\u00e1nimamente:<\/p>\n<p>T\u00fa, las madres,<\/p>\n<p>Quien envi\u00f3 a sus hijos de pa\u00edses lejanos<\/p>\n<p>Limpia tus l\u00e1grimas<\/p>\n<p>Tus hijos ahora est\u00e1n mintiendo en nuestro seno<\/p>\n<p>Y est\u00e1n en paz<\/p>\n<p>Despu\u00e9s de haber perdido la vida en esta tierra, tienen<\/p>\n<p>Convi\u00e9rtase en nuestros hijos tambi\u00e9n.<\/p>\n<p>Solo espero que los incendios de Gallipoli puedan despertar el inter\u00e9s de la gente en esta fascinante y tr\u00e1gica campa\u00f1a.<\/p>\n<ul>\n<li><strong>The Fires of Gallipoli by Barney Campbell (Elliott &#038; Thompson, \u00a3 18.99) se publica el jueves 13 de febrero<\/strong><\/li>\n<\/ul>\n<\/div>\n<div class=\"photo changeSpace\">\n<p class=\"withoutCaption\"><picture><source type=\"image\/avif\" srcset=\"https:\/\/cdn.images.express.co.uk\/img\/dynamic\/1\/1200x712\/secondary\/5942310.avif?r=1739121555857\" media=\"screen and (min-width:10000px)\"><source type=\"image\/webp\" srcset=\"https:\/\/cdn.images.express.co.uk\/img\/dynamic\/1\/1200x712\/secondary\/5942310.webp?r=1739121555857\" media=\"screen and (min-width:10000px)\"><source type=\"image\/jpeg\" srcset=\"https:\/\/cdn.images.express.co.uk\/img\/dynamic\/1\/1200x712\/secondary\/5942310.jpg?r=1739121555857\" media=\"screen and (min-width:10000px)\"><source type=\"image\/avif\" srcset=\"https:\/\/cdn.images.express.co.uk\/img\/dynamic\/1\/674x400\/secondary\/5942310.avif?r=1739121555857\" media=\"screen and (min-width:100000px)\"><source type=\"image\/webp\" srcset=\"https:\/\/cdn.images.express.co.uk\/img\/dynamic\/1\/674x400\/secondary\/5942310.webp?r=1739121555857\" media=\"screen and (min-width:100000px)\"><source type=\"image\/jpeg\" srcset=\"https:\/\/cdn.images.express.co.uk\/img\/dynamic\/1\/674x400\/secondary\/5942310.jpg?r=1739121555857\" media=\"screen and (min-width:100000px)\"><source type=\"image\/avif\" srcset=\"https:\/\/cdn.images.express.co.uk\/img\/dynamic\/1\/940x\/secondary\/5942310.avif?r=1739121555857\" media=\"screen and (min-width:1200px)\"><source type=\"image\/webp\" srcset=\"https:\/\/cdn.images.express.co.uk\/img\/dynamic\/1\/940x\/secondary\/5942310.webp?r=1739121555857\" media=\"screen and (min-width:1200px)\"><source type=\"image\/jpeg\" srcset=\"https:\/\/cdn.images.express.co.uk\/img\/dynamic\/1\/940x\/secondary\/5942310.jpg?r=1739121555857\" media=\"screen and (min-width:1200px)\"><source type=\"image\/avif\" srcset=\"https:\/\/cdn.images.express.co.uk\/img\/dynamic\/1\/590x\/secondary\/5942310.avif?r=1739121555857\" media=\"screen\"><source type=\"image\/webp\" srcset=\"https:\/\/cdn.images.express.co.uk\/img\/dynamic\/1\/590x\/secondary\/5942310.webp?r=1739121555857\" media=\"screen\"><img decoding=\"async\" src=\"https:\/\/cdn.images.express.co.uk\/img\/dynamic\/1\/590x\/secondary\/5942310.jpg?r=1739121555857\" alt=\"Fires of Gallipoli de Barney Campbell Book Cover\" title=\"Fires of Gallipoli de Barney Campbell Book Cover\" width=\"590\" height=\"908\" loading=\"lazy\"\/><\/source><\/source><\/source><\/source><\/source><\/source><\/source><\/source><\/source><\/source><\/source><\/picture><\/p>\n<p><span class=\"newsCaption\">Los fuegos de Gallipoli de Barney Campbell <span class=\"caption\">(Imagen: Elliott y Thompson)<\/span><\/span><\/div>\n<\/div>\n\n","protected":false},"excerpt":{"rendered":"<p>Los visitantes caminan entre las tumbas de las tropas de la Commonwealth asesinadas en Gallipoli en Eceabat, Turqu\u00eda (Imagen: Getty) El sol brillaba en el mar y su calor calentaba la parte posterior de mi cuello. Camin\u00e9, completamente solo, caminos hacia arriba y a trav\u00e9s de los campos, cuando el pa\u00eds a mi alrededor comenzaba &hellip;<\/p>\n","protected":false},"author":1,"featured_media":13975,"comment_status":"open","ping_status":"open","sticky":false,"template":"","format":"standard","meta":{"fifu_image_url":"https:\/\/cdn.images.express.co.uk\/img\/dynamic\/1\/1200x630\/5942274.jpg","fifu_image_alt":"","footnotes":""},"categories":[1023],"tags":[],"class_list":["post-13973","post","type-post","status-publish","format-standard","has-post-thumbnail","","category-libros"],"_links":{"self":[{"href":"https:\/\/noticiasveraces.com\/index.php?rest_route=\/wp\/v2\/posts\/13973","targetHints":{"allow":["GET"]}}],"collection":[{"href":"https:\/\/noticiasveraces.com\/index.php?rest_route=\/wp\/v2\/posts"}],"about":[{"href":"https:\/\/noticiasveraces.com\/index.php?rest_route=\/wp\/v2\/types\/post"}],"author":[{"embeddable":true,"href":"https:\/\/noticiasveraces.com\/index.php?rest_route=\/wp\/v2\/users\/1"}],"replies":[{"embeddable":true,"href":"https:\/\/noticiasveraces.com\/index.php?rest_route=%2Fwp%2Fv2%2Fcomments&post=13973"}],"version-history":[{"count":0,"href":"https:\/\/noticiasveraces.com\/index.php?rest_route=\/wp\/v2\/posts\/13973\/revisions"}],"wp:featuredmedia":[{"embeddable":true,"href":"https:\/\/noticiasveraces.com\/index.php?rest_route=\/wp\/v2\/media\/13975"}],"wp:attachment":[{"href":"https:\/\/noticiasveraces.com\/index.php?rest_route=%2Fwp%2Fv2%2Fmedia&parent=13973"}],"wp:term":[{"taxonomy":"category","embeddable":true,"href":"https:\/\/noticiasveraces.com\/index.php?rest_route=%2Fwp%2Fv2%2Fcategories&post=13973"},{"taxonomy":"post_tag","embeddable":true,"href":"https:\/\/noticiasveraces.com\/index.php?rest_route=%2Fwp%2Fv2%2Ftags&post=13973"}],"curies":[{"name":"wp","href":"https:\/\/api.w.org\/{rel}","templated":true}]}}