{"id":13964,"date":"2025-02-09T15:52:09","date_gmt":"2025-02-09T19:52:09","guid":{"rendered":"https:\/\/noticiasveraces.com\/?p=13964"},"modified":"2025-02-09T15:52:09","modified_gmt":"2025-02-09T19:52:09","slug":"trump-sudafrica-en-creciente-hilera-sobre-la-ley-de-tierras-muy-disputadas-los-acuerdos-del-pais-con-los-enemigos-estadounidenses","status":"publish","type":"post","link":"https:\/\/noticiasveraces.com\/?p=13964","title":{"rendered":"Trump, Sud\u00e1frica en creciente hilera sobre la ley de tierras muy disputadas, los acuerdos del pa\u00eds con los enemigos estadounidenses"},"content":{"rendered":"<p> \n<\/p>\n<div>\n<div class=\"article-gating gated-overlay\">\n<div class=\"article-gating-wrapper\">\n<p>\u00danase a Fox News para acceder a este contenido<\/p>\n<p>Adem\u00e1s de acceso especial a art\u00edculos seleccionados y otro contenido premium con su cuenta, de forma gratuita.<\/p>\n<div class=\"article-gating-legal tablet-desktop\">Al ingresar su correo electr\u00f3nico y presionar continuar, usted acepta los t\u00e9rminos de uso y la pol\u00edtica de privacidad de Fox News, que incluye nuestro aviso de incentivo financiero.\n    <\/div>\n<p><span>Por favor, introduce una direcci\u00f3n de correo electr\u00f3nico v\u00e1lida.<\/span><\/p>\n<footer class=\"article-gating-footer\">\u00bfTiene problemas? Haga clic aqu\u00ed.<\/footer>\n<\/div>\n<\/div>\n<p class=\"speakable\">JOHANNESBURG &#8211; La orden ejecutiva del presidente Donald Trump que penaliza a Sud\u00e1frica lanzada el viernes ha alcanzado un nervio crudo en la naci\u00f3n africana. La orden dirigida principalmente a las incautaciones de tierras se produce cuando Pretoria ha enfrentado las cr\u00edticas en curso de los Estados Unidos de que ha operado contra los intereses de los Estados Unidos, incluido su apoyo a los palestinos en el Tribunal Penal Internacional y sus c\u00e1lidas relaciones con China, Rusia e Ir\u00e1n.<\/p>\n<p class=\"speakable\">La orden ejecutiva del viernes declar\u00f3 en parte, \u00aben el desprecio impactante de los derechos de sus ciudadanos, la Rep\u00fablica de Sud\u00e1frica recientemente promulg\u00f3 la Ley de Expropiaci\u00f3n 13 de 2024, para permitir al gobierno de Sud\u00e1frica tomar propiedad agr\u00edcola de las minor\u00edas \u00e9tnicas afrikaners sin compensaci\u00f3n\u00bb.<\/p>\n<p>\u00abEs la pol\u00edtica de los Estados Unidos que, mientras Sud\u00e1frica contin\u00fae estas pr\u00e1cticas injustas e inmorales que da\u00f1an a nuestra naci\u00f3n:<br \/>(a) Estados Unidos no proporcionar\u00e1 ayuda o asistencia a Sud\u00e1frica; y<br \/>(b) Estados Unidos promover\u00e1 el reasentamiento de refugiados afrikaner que escapan de la discriminaci\u00f3n basada en la raza patrocinada por el gobierno, incluida la confiscaci\u00f3n de propiedades racialmente discriminatoria \u00ab.<\/p>\n<p><strong>Trump congela la ayuda a Sud\u00e1frica, promueve el reasentamiento de refugiados que enfrentan la discriminaci\u00f3n racial<\/strong><\/p>\n<div class=\"image-ct inline\">\n<div class=\"m\"><picture><source media=\"(max-width: 767px)\" srcset=\"https:\/\/a57.foxnews.com\/static.foxnews.com\/foxnews.com\/content\/uploads\/2025\/01\/343\/192\/president-donald-trump.jpg?ve=1&amp;tl=1, https:\/\/a57.foxnews.com\/static.foxnews.com\/foxnews.com\/content\/uploads\/2025\/01\/686\/384\/president-donald-trump.jpg?ve=1&amp;tl=1 2x\" height=\"192\" width=\"343\"><source media=\"(min-width: 768px) and (max-width: 1023px)\" srcset=\"https:\/\/a57.foxnews.com\/static.foxnews.com\/foxnews.com\/content\/uploads\/2025\/01\/672\/378\/president-donald-trump.jpg?ve=1&amp;tl=1, https:\/\/a57.foxnews.com\/static.foxnews.com\/foxnews.com\/content\/uploads\/2025\/01\/1344\/756\/president-donald-trump.jpg?ve=1&amp;tl=1 2x\" height=\"378\" width=\"672\"><source media=\"(min-width: 1024px) and (max-width: 1279px)\" srcset=\"https:\/\/a57.foxnews.com\/static.foxnews.com\/foxnews.com\/content\/uploads\/2025\/01\/931\/523\/president-donald-trump.jpg?ve=1&amp;tl=1, https:\/\/a57.foxnews.com\/static.foxnews.com\/foxnews.com\/content\/uploads\/2025\/01\/1862\/1046\/president-donald-trump.jpg?ve=1&amp;tl=1 2x\" height=\"523\" width=\"931\"><source media=\"(min-width: 1280px)\" srcset=\"https:\/\/a57.foxnews.com\/static.foxnews.com\/foxnews.com\/content\/uploads\/2025\/01\/720\/405\/president-donald-trump.jpg?ve=1&amp;tl=1, https:\/\/a57.foxnews.com\/static.foxnews.com\/foxnews.com\/content\/uploads\/2025\/01\/1440\/810\/president-donald-trump.jpg?ve=1&amp;tl=1 2x\" height=\"405\" width=\"720\"><img loading=\"lazy\" decoding=\"async\" src=\"https:\/\/a57.foxnews.com\/static.foxnews.com\/foxnews.com\/content\/uploads\/2025\/01\/1200\/675\/president-donald-trump.jpg?ve=1&amp;tl=1\" alt=\"Presidente Donald Trump\" width=\"1200\" height=\"675\"\/><\/source><\/source><\/source><\/source><\/picture><\/div>\n<div class=\"info\">\n<div class=\"caption\">\n<p><span>El presidente Donald Trump participa en una ceremonia de firma en la habitaci\u00f3n del presidente en el Capitolio de los Estados Unidos el 20 de enero de 2025.<\/span> <span>(Melina Mara-Pool\/Getty Images)<\/span><\/p>\n<\/div>\n<\/div>\n<\/div>\n<p>La orden ejecutiva del viernes apunt\u00f3 con precisi\u00f3n a la pol\u00edtica exterior de Pretoria: \u00abSud\u00e1frica ha tomado posiciones agresivas hacia los Estados Unidos y sus aliados, incluida la acusaci\u00f3n de Israel, no Hamas, de genocidio en la Corte Internacional de Justicia, y revitalizado sus relaciones con Ir\u00e1n para desarrollar Arreglos comerciales, militares y nucleares &#8230; Estados Unidos no puede apoyar a la Comisi\u00f3n de Violaciones de la Comisi\u00f3n de Derechos del Gobierno de Sud\u00e1frica en su pa\u00eds o su socavaci\u00f3n de la pol\u00edtica exterior de los Estados Unidos, que plantea amenazas de seguridad nacional a nuestra naci\u00f3n, nuestros aliados, nuestros socios africanos, y nuestros intereses \u00ab.<\/p>\n<p>El s\u00e1bado, el gobierno sudafricano respondi\u00f3: \u00abEs de gran preocupaci\u00f3n que la premisa fundamental de este orden carece de precisi\u00f3n objetiva y no reconoce la historia profunda y dolorosa del colonialismo y el apartheid de Sud\u00e1frica\u00bb, Chrispin Phiri, portavoz del departamento de relaciones internacionales del pa\u00eds del pa\u00eds. , publicado en X.<\/p>\n<p>Phiri agreg\u00f3 que \u00abestamos preocupados por lo que parece ser una campa\u00f1a de desinformaci\u00f3n y propaganda destinada a tergiversar nuestra gran naci\u00f3n. Es decepcionante observar que tales narraciones parecen haber encontrado el favor entre los tomadores de decisiones en los Estados Unidos de Am\u00e9rica\u00bb.<\/p>\n<div class=\"image-ct inline\">\n<div class=\"m\"><picture><source media=\"(max-width: 767px)\" srcset=\"https:\/\/a57.foxnews.com\/static.foxnews.com\/foxnews.com\/content\/uploads\/2025\/02\/343\/192\/south-african-farmers.-getty--scaled.jpg?ve=1&amp;tl=1, https:\/\/a57.foxnews.com\/static.foxnews.com\/foxnews.com\/content\/uploads\/2025\/02\/686\/384\/south-african-farmers.-getty--scaled.jpg?ve=1&amp;tl=1 2x\" height=\"192\" width=\"343\"><source media=\"(min-width: 768px) and (max-width: 1023px)\" srcset=\"https:\/\/a57.foxnews.com\/static.foxnews.com\/foxnews.com\/content\/uploads\/2025\/02\/672\/378\/south-african-farmers.-getty--scaled.jpg?ve=1&amp;tl=1, https:\/\/a57.foxnews.com\/static.foxnews.com\/foxnews.com\/content\/uploads\/2025\/02\/1344\/756\/south-african-farmers.-getty--scaled.jpg?ve=1&amp;tl=1 2x\" height=\"378\" width=\"672\"><source media=\"(min-width: 1024px) and (max-width: 1279px)\" srcset=\"https:\/\/a57.foxnews.com\/static.foxnews.com\/foxnews.com\/content\/uploads\/2025\/02\/931\/523\/south-african-farmers.-getty--scaled.jpg?ve=1&amp;tl=1, https:\/\/a57.foxnews.com\/static.foxnews.com\/foxnews.com\/content\/uploads\/2025\/02\/1862\/1046\/south-african-farmers.-getty--scaled.jpg?ve=1&amp;tl=1 2x\" height=\"523\" width=\"931\"><source media=\"(min-width: 1280px)\" srcset=\"https:\/\/a57.foxnews.com\/static.foxnews.com\/foxnews.com\/content\/uploads\/2025\/02\/720\/405\/south-african-farmers.-getty--scaled.jpg?ve=1&amp;tl=1, https:\/\/a57.foxnews.com\/static.foxnews.com\/foxnews.com\/content\/uploads\/2025\/02\/1440\/810\/south-african-farmers.-getty--scaled.jpg?ve=1&amp;tl=1 2x\" height=\"405\" width=\"720\"><img loading=\"lazy\" decoding=\"async\" src=\"https:\/\/a57.foxnews.com\/static.foxnews.com\/foxnews.com\/content\/uploads\/2025\/02\/1200\/675\/south-african-farmers.-getty--scaled.jpg?ve=1&amp;tl=1\" alt=\"Los agricultores inspeccionan Show Sheep en Philippolis, Sud\u00e1frica, el 1 de noviembre de 2024.\" width=\"1200\" height=\"675\"\/><\/source><\/source><\/source><\/source><\/picture><\/div>\n<div class=\"info\">\n<div class=\"caption\">\n<p><span>Los agricultores inspeccionan Show Sheep en Philippolis, Sud\u00e1frica, el 1 de noviembre de 2024.<\/span> <span>(Paul Botes\/AFP a trav\u00e9s de Getty Images)<\/span><\/p>\n<\/div>\n<\/div>\n<\/div>\n<p>Aunque perdi\u00f3 su mayor\u00eda en las elecciones del a\u00f1o pasado, el Congreso Nacional Africano (ANC) sigue siendo el principal partido en el actual Gobierno de Unidad Nacional de Sud\u00e1frica. El Secretario General del Partido reaccion\u00f3 a la oferta de que los Afrikaners blancos pueden convertirse en ciudadanos estadounidenses publicando una foto en X. En \u00e9l, un hombre negro est\u00e1 de pie junto a una puerta abierta y gesticulando con ambos brazos fuera de la puerta, lo que sugiere que los afrikaners deber\u00edan irse.<\/p>\n<p>El gobierno ha reclamado blancos de todos los or\u00edgenes, no solo afrikaners, a\u00fan poseen aproximadamente el 70% de las tierras de Sud\u00e1frica. El gobierno est\u00e1 registrado diciendo que la Ley de Expropiaci\u00f3n solo se utilizar\u00e1 para tomar tierras necesarias para fines p\u00fablicos, como para una nueva escuela, de personas de cualquier color cuando el propietario se niegue a vender, e incluso entonces habr\u00eda \u00abjusto y equitativo compensaci\u00f3n.\u00bb<\/p>\n<p>Emma Powell, la portavoz de las relaciones internacionales del partido de oposici\u00f3n principal de Sud\u00e1frica, la Alianza Democr\u00e1tica, dijo a Fox News Digital que \u00abdurante d\u00e9cadas, el DA se ha opuesto a las pol\u00edticas basadas en la raza del ANC. Estas pol\u00edticas han beneficiado a la \u00e9lite pol\u00edtica mientras la gran mayor\u00eda de la gran mayor\u00eda de Los sudafricanos contin\u00faan languideciendo en la pobreza \u00ab.<\/p>\n<p><strong>El presidente sudafricano firma un controvertido proyecto de ley de incautaci\u00f3n de tierras, erosionando los derechos de propiedad privada<\/strong><strong> <\/strong><\/p>\n<div class=\"image-ct inline\">\n<div class=\"m\"><picture><source media=\"(max-width: 767px)\" srcset=\"https:\/\/a57.foxnews.com\/static.foxnews.com\/foxnews.com\/content\/uploads\/2024\/12\/343\/192\/gettyimages-2179619570.jpg?ve=1&amp;tl=1, https:\/\/a57.foxnews.com\/static.foxnews.com\/foxnews.com\/content\/uploads\/2024\/12\/686\/384\/gettyimages-2179619570.jpg?ve=1&amp;tl=1 2x\" height=\"192\" width=\"343\"><source media=\"(min-width: 768px) and (max-width: 1023px)\" srcset=\"https:\/\/a57.foxnews.com\/static.foxnews.com\/foxnews.com\/content\/uploads\/2024\/12\/672\/378\/gettyimages-2179619570.jpg?ve=1&amp;tl=1, https:\/\/a57.foxnews.com\/static.foxnews.com\/foxnews.com\/content\/uploads\/2024\/12\/1344\/756\/gettyimages-2179619570.jpg?ve=1&amp;tl=1 2x\" height=\"378\" width=\"672\"><source media=\"(min-width: 1024px) and (max-width: 1279px)\" srcset=\"https:\/\/a57.foxnews.com\/static.foxnews.com\/foxnews.com\/content\/uploads\/2024\/12\/931\/523\/gettyimages-2179619570.jpg?ve=1&amp;tl=1, https:\/\/a57.foxnews.com\/static.foxnews.com\/foxnews.com\/content\/uploads\/2024\/12\/1862\/1046\/gettyimages-2179619570.jpg?ve=1&amp;tl=1 2x\" height=\"523\" width=\"931\"><source media=\"(min-width: 1280px)\" srcset=\"https:\/\/a57.foxnews.com\/static.foxnews.com\/foxnews.com\/content\/uploads\/2024\/12\/720\/405\/gettyimages-2179619570.jpg?ve=1&amp;tl=1, https:\/\/a57.foxnews.com\/static.foxnews.com\/foxnews.com\/content\/uploads\/2024\/12\/1440\/810\/gettyimages-2179619570.jpg?ve=1&amp;tl=1 2x\" height=\"405\" width=\"720\"><img loading=\"lazy\" decoding=\"async\" src=\"https:\/\/a57.foxnews.com\/static.foxnews.com\/foxnews.com\/content\/uploads\/2024\/12\/1200\/675\/gettyimages-2179619570.jpg?ve=1&amp;tl=1\" alt=\"El presidente sudafricano, Cyril Ramaphosa, el presidente chino Xi Jinping y el presidente ruso Vladimir Putin se muestran durante la cumbre de BRICS el 23 de octubre de 2024.\" width=\"1200\" height=\"675\"\/><\/source><\/source><\/source><\/source><\/picture><\/div>\n<div class=\"info\">\n<div class=\"caption\">\n<p><span>El presidente sudafricano, Cyril Ramaphosa, el presidente chino Xi Jinping y el presidente ruso Vladimir Putin se muestran durante la cumbre de BRICS el 23 de octubre de 2024.<\/span> <span>(Alexander Zemlianichenko\/Pool\/AFP a trav\u00e9s de Getty Images)<\/span><\/p>\n<\/div>\n<\/div>\n<\/div>\n<p>Ella continu\u00f3 que el DA \u00abbuscar\u00e1 acciones legales para salvaguardar los derechos de propiedad. Ahora es el momento de que el ANC reeval\u00fae sus puestos de pol\u00edtica nacional y exterior, que socavan activamente nuestros intereses nacionales\u00bb.<\/p>\n<p>Powell le dijo a Fox News Digital sobre \u00abuna delegaci\u00f3n de alto nivel a Washington, DC, en las pr\u00f3ximas semanas para comprometerse con los tomadores de decisiones. El DA sigue comprometido con la protecci\u00f3n de los derechos de propiedad privada, fomentando el crecimiento econ\u00f3mico y el fortalecimiento de los lazos diplom\u00e1ticos con los Estados Unidos\u00bb<\/p>\n<p>Los afrikaners, descendientes de los colonos predominantemente holandeses que aterrizaron en el sur de \u00c1frica en 1652, se convirtieron en los gobernantes del pa\u00eds y se cree que han desarrollado el sistema de apartheid que separaba a los blancos y negros, tratando a los negros como ciudadanos de segunda clase.<\/p>\n<div class=\"image-ct inline\">\n<div class=\"m\"><picture><source media=\"(max-width: 767px)\" srcset=\"https:\/\/a57.foxnews.com\/static.foxnews.com\/foxnews.com\/content\/uploads\/2025\/02\/343\/192\/us-south-africa-picture-scaled.jpg?ve=1&amp;tl=1, https:\/\/a57.foxnews.com\/static.foxnews.com\/foxnews.com\/content\/uploads\/2025\/02\/686\/384\/us-south-africa-picture-scaled.jpg?ve=1&amp;tl=1 2x\" height=\"192\" width=\"343\"><source media=\"(min-width: 768px) and (max-width: 1023px)\" srcset=\"https:\/\/a57.foxnews.com\/static.foxnews.com\/foxnews.com\/content\/uploads\/2025\/02\/672\/378\/us-south-africa-picture-scaled.jpg?ve=1&amp;tl=1, https:\/\/a57.foxnews.com\/static.foxnews.com\/foxnews.com\/content\/uploads\/2025\/02\/1344\/756\/us-south-africa-picture-scaled.jpg?ve=1&amp;tl=1 2x\" height=\"378\" width=\"672\"><source media=\"(min-width: 1024px) and (max-width: 1279px)\" srcset=\"https:\/\/a57.foxnews.com\/static.foxnews.com\/foxnews.com\/content\/uploads\/2025\/02\/931\/523\/us-south-africa-picture-scaled.jpg?ve=1&amp;tl=1, https:\/\/a57.foxnews.com\/static.foxnews.com\/foxnews.com\/content\/uploads\/2025\/02\/1862\/1046\/us-south-africa-picture-scaled.jpg?ve=1&amp;tl=1 2x\" height=\"523\" width=\"931\"><source media=\"(min-width: 1280px)\" srcset=\"https:\/\/a57.foxnews.com\/static.foxnews.com\/foxnews.com\/content\/uploads\/2025\/02\/720\/405\/us-south-africa-picture-scaled.jpg?ve=1&amp;tl=1, https:\/\/a57.foxnews.com\/static.foxnews.com\/foxnews.com\/content\/uploads\/2025\/02\/1440\/810\/us-south-africa-picture-scaled.jpg?ve=1&amp;tl=1 2x\" height=\"405\" width=\"720\"><img loading=\"lazy\" decoding=\"async\" src=\"https:\/\/a57.foxnews.com\/static.foxnews.com\/foxnews.com\/content\/uploads\/2025\/02\/1200\/675\/us-south-africa-picture-scaled.jpg?ve=1&amp;tl=1\" alt=\"Las banderas de Estados Unidos y Sud\u00e1frica se muestran en los edificios de la Uni\u00f3n en Pretoria.\" width=\"1200\" height=\"675\"\/><\/source><\/source><\/source><\/source><\/picture><\/div>\n<div class=\"info\">\n<div class=\"caption\">\n<p><span>Las banderas de Estados Unidos y Sud\u00e1frica se muestran en los edificios de la Uni\u00f3n en Pretoria.<\/span> <span>(Stephane de Sakutin\/AFP a trav\u00e9s de Getty Images)<\/span><\/p>\n<\/div>\n<\/div>\n<\/div>\n<p>En un comunicado publicado el s\u00e1bado, Afriforum, un grupo de derechos civiles que representa en gran medida a los afrikaners, expres\u00f3 \u00abgran aprecio\u00bb por la acci\u00f3n de Trump, que seg\u00fan fue \u00abun resultado directo del presidente Cyril Ramaphosa y las acciones y pol\u00edticas irresponsables de su gobierno\u00bb.<\/p>\n<p>Continu\u00f3: \u00abSin embargo, la organizaci\u00f3n de derechos civiles y sus instituciones hermanas en el movimiento de solidaridad siguen comprometidos con el futuro de Afrikaners en el extremo sur de \u00c1frica e insisten en que, por lo tanto, se deben encontrar soluciones urgentes para las injusticias cometidas por el gobierno sudafricano contra los afrikaners. y otras comunidades culturales en el pa\u00eds \u00ab.<\/p>\n<p><strong><u>Haga clic aqu\u00ed para obtener la aplicaci\u00f3n Fox News<\/u><\/strong><strong> <\/strong><\/p>\n<div class=\"image-ct inline\">\n<div class=\"m\"><picture><source media=\"(max-width: 767px)\" srcset=\"https:\/\/a57.foxnews.com\/static.foxnews.com\/foxnews.com\/content\/uploads\/2023\/07\/343\/192\/Julius-Malema.png?ve=1&amp;tl=1, https:\/\/a57.foxnews.com\/static.foxnews.com\/foxnews.com\/content\/uploads\/2023\/07\/686\/384\/Julius-Malema.png?ve=1&amp;tl=1 2x\" height=\"192\" width=\"343\"><source media=\"(min-width: 768px) and (max-width: 1023px)\" srcset=\"https:\/\/a57.foxnews.com\/static.foxnews.com\/foxnews.com\/content\/uploads\/2023\/07\/672\/378\/Julius-Malema.png?ve=1&amp;tl=1, https:\/\/a57.foxnews.com\/static.foxnews.com\/foxnews.com\/content\/uploads\/2023\/07\/1344\/756\/Julius-Malema.png?ve=1&amp;tl=1 2x\" height=\"378\" width=\"672\"><source media=\"(min-width: 1024px) and (max-width: 1279px)\" srcset=\"https:\/\/a57.foxnews.com\/static.foxnews.com\/foxnews.com\/content\/uploads\/2023\/07\/931\/523\/Julius-Malema.png?ve=1&amp;tl=1, https:\/\/a57.foxnews.com\/static.foxnews.com\/foxnews.com\/content\/uploads\/2023\/07\/1862\/1046\/Julius-Malema.png?ve=1&amp;tl=1 2x\" height=\"523\" width=\"931\"><source media=\"(min-width: 1280px)\" srcset=\"https:\/\/a57.foxnews.com\/static.foxnews.com\/foxnews.com\/content\/uploads\/2023\/07\/720\/405\/Julius-Malema.png?ve=1&amp;tl=1, https:\/\/a57.foxnews.com\/static.foxnews.com\/foxnews.com\/content\/uploads\/2023\/07\/1440\/810\/Julius-Malema.png?ve=1&amp;tl=1 2x\" height=\"405\" width=\"720\"><img loading=\"lazy\" decoding=\"async\" src=\"https:\/\/a57.foxnews.com\/static.foxnews.com\/foxnews.com\/content\/uploads\/2023\/07\/1200\/675\/Julius-Malema.png?ve=1&amp;tl=1\" alt=\"Julius Malema en Rally\" width=\"1200\" height=\"675\"\/><\/source><\/source><\/source><\/source><\/picture><\/div>\n<div class=\"info\">\n<div class=\"caption\">\n<p><span>El l\u00edder de los combatientes de la libertad econ\u00f3mica, Julius Malema, saluda a los partidarios en Pretoria, Sud\u00e1frica, el 2 de febrero de 2019.<\/span> <span>(Phill Magakoe\/AFP a trav\u00e9s de Getty Images)<\/span><\/p>\n<\/div>\n<\/div>\n<\/div>\n<p>Uno de los miembros m\u00e1s abiertos y extremos del gobierno de la unidad nacional, Julius Malema, jefe de los combatientes de libertad econ\u00f3mica del partido minoritario sudafricano, dijo en X: \u00abA la luz de la agresi\u00f3n de los Estados Unidos contra Sud\u00e1frica, debemos ser como un La naci\u00f3n considera seriamente el fortalecimiento de los lazos con Rusia, China y las naciones que pertenecen a los BRics (el organismo comercial internacional) para evitar confrontaciones innecesarias con man\u00edacos como Donald Trump \u00ab.<\/p>\n<p>Malema ha sido llevado a los tribunales por cargos de delitos de odio. En un caso, cant\u00f3 la canci\u00f3n de lucha genocida contra el apartheid \u00abKill the Boer, el agricultor\u00bb, refiri\u00e9ndose a los descendientes blancos de los colonos holandeses o \u00abboers\u00bb en Sud\u00e1frica.<\/p>\n<\/div>\n\n","protected":false},"excerpt":{"rendered":"<p>\u00danase a Fox News para acceder a este contenido Adem\u00e1s de acceso especial a art\u00edculos seleccionados y otro contenido premium con su cuenta, de forma gratuita. Al ingresar su correo electr\u00f3nico y presionar continuar, usted acepta los t\u00e9rminos de uso y la pol\u00edtica de privacidad de Fox News, que incluye nuestro aviso de incentivo financiero. &hellip;<\/p>\n","protected":false},"author":1,"featured_media":13966,"comment_status":"open","ping_status":"open","sticky":false,"template":"","format":"standard","meta":{"fifu_image_url":"https:\/\/static.foxnews.com\/foxnews.com\/content\/uploads\/2025\/02\/us-south-africa-picture-scaled.jpg","fifu_image_alt":"","footnotes":""},"categories":[13],"tags":[],"class_list":["post-13964","post","type-post","status-publish","format-standard","has-post-thumbnail","","category-mundo"],"_links":{"self":[{"href":"https:\/\/noticiasveraces.com\/index.php?rest_route=\/wp\/v2\/posts\/13964","targetHints":{"allow":["GET"]}}],"collection":[{"href":"https:\/\/noticiasveraces.com\/index.php?rest_route=\/wp\/v2\/posts"}],"about":[{"href":"https:\/\/noticiasveraces.com\/index.php?rest_route=\/wp\/v2\/types\/post"}],"author":[{"embeddable":true,"href":"https:\/\/noticiasveraces.com\/index.php?rest_route=\/wp\/v2\/users\/1"}],"replies":[{"embeddable":true,"href":"https:\/\/noticiasveraces.com\/index.php?rest_route=%2Fwp%2Fv2%2Fcomments&post=13964"}],"version-history":[{"count":0,"href":"https:\/\/noticiasveraces.com\/index.php?rest_route=\/wp\/v2\/posts\/13964\/revisions"}],"wp:featuredmedia":[{"embeddable":true,"href":"https:\/\/noticiasveraces.com\/index.php?rest_route=\/wp\/v2\/media\/13966"}],"wp:attachment":[{"href":"https:\/\/noticiasveraces.com\/index.php?rest_route=%2Fwp%2Fv2%2Fmedia&parent=13964"}],"wp:term":[{"taxonomy":"category","embeddable":true,"href":"https:\/\/noticiasveraces.com\/index.php?rest_route=%2Fwp%2Fv2%2Fcategories&post=13964"},{"taxonomy":"post_tag","embeddable":true,"href":"https:\/\/noticiasveraces.com\/index.php?rest_route=%2Fwp%2Fv2%2Ftags&post=13964"}],"curies":[{"name":"wp","href":"https:\/\/api.w.org\/{rel}","templated":true}]}}