{"id":13943,"date":"2025-02-09T10:41:19","date_gmt":"2025-02-09T14:41:19","guid":{"rendered":"https:\/\/noticiasveraces.com\/?p=13943"},"modified":"2025-02-09T10:41:19","modified_gmt":"2025-02-09T14:41:19","slug":"paises-baltica-se-conectan-a-la-red-electrica-europea-dw-09-02-2025","status":"publish","type":"post","link":"https:\/\/noticiasveraces.com\/?p=13943","title":{"rendered":"Pa\u00edses B\u00e1ltica se conectan a la Red El\u00e9ctrica Europea &#8211; DW &#8211; 09\/02\/2025"},"content":{"rendered":"<p> \n<\/p>\n<div>\n<p>El Presidente de Lituania, Gitanas Nausa, Anunci\u00f3 Este Domingo (09.02.2025) Que los Pa\u00edses B\u00e1licos se conectaron con \u00c9xito a la Red El\u00e9ctrica Europea, Un d\u00eda D\u00eda de Contronarar la Rojo Rusa.<\/p>\n<p>Estonia, Letonia y Lituania, Que Formaron de Uni\u00f3n Sovi\u00e9tica y Ahora Son Miembros de la Uni\u00f3n Europea (Ue) y la Otan, Quer\u00ed Aborrador la Red El\u00e9ctrica Rusa desde que el Presidente Vladimir putin Invadi\u00f3 Ucrania en 2022.<\/p>\n<h2><strong>Gran Inversi\u00f3n para Acabar con la dependencia de la dependencia de Rusia<\/strong><\/h2>\n<p>\u00abHoy se Escribi\u00f3 Historia\u00bb, Sostuvo Nausa en una declaraci\u00f3n. \u00abEstas Cadenas de L\u00ednas el\u00e9ctricas que los conectaban con vecinos hostiles Ser\u00e1n Cosa del Pasado. ESTO ES Libertad. Libertad Frente A Amenaza, Libertad Frente Al Chantaje\u00bb.<\/p>\n<p>Los Tres Pa\u00edses se Integraron en la Red Europea A Trav\u00e9s de Polonia. Para Poner Fin a la Dependencia Energ\u00e9tica Rusa se Han Invertido 1.600 Millones de Euros (1.700 Millones de D\u00f3lares), en Su Mayor\u00eda Fondos de la Ue.<\/p>\n<h2><strong>\u00abEl Gas Barato Compado A Rusia Tiene Un Costo Oculto\u00bb<\/strong><\/h2>\n<p>\u00abMuchos antes de que los Tanques Rusos Cruzaran A Ucrania, Nos anunc\u00eda que el gas barato compra una rusia tiene un costo oculto, el costo de la dependencia. Ahora europa en s\u00fabelo est\u00e1n eliminando los de la combustibbles f\u00f3siles. \u00ab, Asegur\u00f3 El Mandatario Lituano.     <\/p>\n<p>Varios Cables Submarinos de Telecomunicaciones y Energ\u00eda Fueron Cortados en el Mar B\u00e1lico en Los \u00daltimos Meses y Algunos Experto Dirigentes acusan A Rusia de Biblioteca Una \u00abGuerra h\u00edbrida\u00bb, Lo que Mosc\u00fa Niega.<\/p>\n<p>RR (AFP\/Comisi\u00f3n Europea)<\/p>\n<\/div>\n\n","protected":false},"excerpt":{"rendered":"<p>El Presidente de Lituania, Gitanas Nausa, Anunci\u00f3 Este Domingo (09.02.2025) Que los Pa\u00edses B\u00e1licos se conectaron con \u00c9xito a la Red El\u00e9ctrica Europea, Un d\u00eda D\u00eda de Contronarar la Rojo Rusa. Estonia, Letonia y Lituania, Que Formaron de Uni\u00f3n Sovi\u00e9tica y Ahora Son Miembros de la Uni\u00f3n Europea (Ue) y la Otan, Quer\u00ed Aborrador la &hellip;<\/p>\n","protected":false},"author":1,"featured_media":13944,"comment_status":"open","ping_status":"open","sticky":false,"template":"","format":"standard","meta":{"fifu_image_url":"https:\/\/static.dw.com\/image\/71547822_6.jpg","fifu_image_alt":"","footnotes":""},"categories":[13],"tags":[],"class_list":["post-13943","post","type-post","status-publish","format-standard","has-post-thumbnail","","category-mundo"],"_links":{"self":[{"href":"https:\/\/noticiasveraces.com\/index.php?rest_route=\/wp\/v2\/posts\/13943","targetHints":{"allow":["GET"]}}],"collection":[{"href":"https:\/\/noticiasveraces.com\/index.php?rest_route=\/wp\/v2\/posts"}],"about":[{"href":"https:\/\/noticiasveraces.com\/index.php?rest_route=\/wp\/v2\/types\/post"}],"author":[{"embeddable":true,"href":"https:\/\/noticiasveraces.com\/index.php?rest_route=\/wp\/v2\/users\/1"}],"replies":[{"embeddable":true,"href":"https:\/\/noticiasveraces.com\/index.php?rest_route=%2Fwp%2Fv2%2Fcomments&post=13943"}],"version-history":[{"count":0,"href":"https:\/\/noticiasveraces.com\/index.php?rest_route=\/wp\/v2\/posts\/13943\/revisions"}],"wp:featuredmedia":[{"embeddable":true,"href":"https:\/\/noticiasveraces.com\/index.php?rest_route=\/wp\/v2\/media\/13944"}],"wp:attachment":[{"href":"https:\/\/noticiasveraces.com\/index.php?rest_route=%2Fwp%2Fv2%2Fmedia&parent=13943"}],"wp:term":[{"taxonomy":"category","embeddable":true,"href":"https:\/\/noticiasveraces.com\/index.php?rest_route=%2Fwp%2Fv2%2Fcategories&post=13943"},{"taxonomy":"post_tag","embeddable":true,"href":"https:\/\/noticiasveraces.com\/index.php?rest_route=%2Fwp%2Fv2%2Ftags&post=13943"}],"curies":[{"name":"wp","href":"https:\/\/api.w.org\/{rel}","templated":true}]}}