{"id":13928,"date":"2025-02-09T09:27:11","date_gmt":"2025-02-09T13:27:11","guid":{"rendered":"https:\/\/noticiasveraces.com\/?p=13928"},"modified":"2025-02-09T09:27:11","modified_gmt":"2025-02-09T13:27:11","slug":"muere-david-jara-futbolista-asturiano-un-los-20-anos-fuiste-feliz-entre-nosotros","status":"publish","type":"post","link":"https:\/\/noticiasveraces.com\/?p=13928","title":{"rendered":"Muere David Jara, Futbolista Asturiano, un los 20 A\u00f1os: \u00abFuiste Feliz Entre Nosotros &#8230;\u00bb"},"content":{"rendered":"<p> \n<\/p>\n<div id=\"intext\">\n<p>El F\u00fatbol Asturiano Recibi\u00f3 Este Pasado Viernes la Trista Noticia del <b>Fallecimiento de David Jara Mart\u00edn, Futbolista Asturiano de 20 A\u00f1os<\/b>.<\/p>\n<p>El Joven Deportista, Que Militaba en &#8216;La Terraza los Campos F7&#8217; &#8216;Perdi\u00f3 la Vida Con Solo 20 A\u00f1os Por <b>causas que todav\u00eda se desconocen<\/b>. FUE la LIGA F7 ASTURIANA LA ENCARGADA DE ANUNCIAR LA Noticia en sus Redes Sociales.<\/p>\n<h2 class=\"title-h2\">\u00abFuiste Feliz Entre Nosotros\u00bb<\/h2>\n<p><i>\u00abCon Gran Pesar Liga F7 Avil\u00e9s Lamenta Informar del Fallecimiento A LOS 20 A\u00f1os de David Jara Mart\u00edn &#8216;Deyvid&#8217;, Jugador de Esta Liga E Integreante del Opando Bar la Terraza los Campos.<\/i><\/p>\n<p><i>NOS Entristece Profundamento la Tr\u00e1gica Noticia de Este Fallecimiento. Nuestros encogidos corazones est\u00e1n alvo de Toda su familia, en especial de sus padres. Mandar tambi\u00e9n un enorme abrazo y Toda la Fuerza del Mundo a Sus Amigos y Compa\u00f1ero del Bravo Equipo la Terraza los Campos F7, de Parte del Resto de los Integrantes de Esta Humilde Organizaci\u00f3n.<\/i><\/p>\n<p><i>Deyvid, Gracias por Haber Comartido ilusiones con nosotros y por contagiarnos tus sue\u00f1os de futbolista Cada Vez que te enfundadas la Casaca Rosa del Opose de Tus Amores. Nos consta que fuiste Feliz entre nosotros el breve tiempo que la vida nos uni\u00f3 el sobre el verde del raimundo.<\/i><\/p>\n<p><i>Para Nosotros ya eres Eterno, Toma Como \u00datimo Homenaje el Sentido Minuto de Silencio Que Todos Tus Rivales, (Qu\u00e9 no Enemigos), De la Liga, Te Guardaremos Antes de Cada Encuentro del Pr\u00f3ximo Fin de Semana. Sabemos que tus Compa\u00f1eros de la Terraza no se Encuentran Con \u00c1nimos ante lo Duro de est\u00e1 Situaci\u00f3n, As\u00ed que aplazaremos el Partido que tenderriarais que haber disputado con aupre. Estamos Seguros Que, El Pr\u00f3ximo Fin de Semana, Pelear\u00e1n Como siempre lo hicisteis para dedicarte Hasta el \u00daltimo aliento exhalado en busca de la victoria y enviarte #golesalcielo.<\/i><\/p>\n<p><i>Descansa en Paz, Amigo y Compa\u00f1ero \u00ab<\/i>.<\/p>\n<p>La Liga Inform\u00f3 de Que Todos los Partidos del Fin de Semana Iban A Comenzar Con Un Minuto de Silencio en Homenaje A David Jara. A Su Vez, El Equipo del Joven Futbolista decidi\u00f3 aplazar.<\/p>\n<p><i>S\u00edguenos en Nuestro Canal de Whatsapp y No te Pierdas la \u00daLtima Hora y Toda la actualidad de antena3noticias.com<\/i><\/p>\n<div class=\"recirculation-video\" data-mod=\"a3mod_recirculation_video\">\n<div class=\"recirculation-video-wrapper\">\n<div>\n<div class=\"video-wrapper\">\n  <picture class=\"video-main-picture\"><source media=\"(min-width: 481px)\" srcset=\"https:\/\/fotografias.antena3.com\/clipping\/cmsimages02\/2025\/02\/07\/F16B6773-B668-4045-98C3-FFE74E25CE80\/carlo-ancelotti-sala-prensa-valdebebas_94.jpg?crop=1920,1080,x0,y87&amp;width=800&amp;height=450&amp;optimize=medium&amp;format=webply\" width=\"800\" height=\"450\"><source media=\"(min-width: 391px) and (max-width: 480px)\" srcset=\"https:\/\/fotografias.antena3.com\/clipping\/cmsimages02\/2025\/02\/07\/F16B6773-B668-4045-98C3-FFE74E25CE80\/carlo-ancelotti-sala-prensa-valdebebas_70.jpg?crop=1920,1080,x0,y87&amp;width=480&amp;height=270&amp;optimize=high&amp;format=webply\" width=\"480\" height=\"270\"><source media=\"(min-width: 321px) and (max-width: 390px)\" srcset=\"https:\/\/fotografias.antena3.com\/clipping\/cmsimages02\/2025\/02\/07\/F16B6773-B668-4045-98C3-FFE74E25CE80\/carlo-ancelotti-sala-prensa-valdebebas_92.jpg?crop=1920,1078,x0,y88&amp;width=390&amp;height=219&amp;optimize=high&amp;format=webply\" width=\"390\" height=\"219\"><source media=\"(max-width: 320px)\" srcset=\"https:\/\/fotografias.antena3.com\/clipping\/cmsimages02\/2025\/02\/07\/F16B6773-B668-4045-98C3-FFE74E25CE80\/carlo-ancelotti-sala-prensa-valdebebas_52.jpg?crop=1920,1080,x0,y87&amp;width=320&amp;height=180&amp;optimize=high&amp;format=webply\" width=\"320\" height=\"180\"><img decoding=\"async\" title=\"Carlo Ancelotti en la Sala de Prensa de Valdebebas\" alt=\"Carlo Ancelotti en la Sala de Prensa de Valdebebas\" width=\"480\" height=\"270\" src=\"https:\/\/fotografias.antena3.com\/clipping\/cmsimages02\/2025\/02\/07\/F16B6773-B668-4045-98C3-FFE74E25CE80\/carlo-ancelotti-sala-prensa-valdebebas_70.jpg?crop=1920,1080,x0,y87&amp;width=480&amp;height=270&amp;optimize=high&amp;format=webply\" loading=\"lazy\" class=\"lazy\"\/><br \/>\n  <\/source><\/source><\/source><\/source><\/picture>\n <\/div>\n<\/div><\/div>\n<\/p><\/div>\n<\/div>\n\n","protected":false},"excerpt":{"rendered":"<p>El F\u00fatbol Asturiano Recibi\u00f3 Este Pasado Viernes la Trista Noticia del Fallecimiento de David Jara Mart\u00edn, Futbolista Asturiano de 20 A\u00f1os. El Joven Deportista, Que Militaba en &#8216;La Terraza los Campos F7&#8217; &#8216;Perdi\u00f3 la Vida Con Solo 20 A\u00f1os Por causas que todav\u00eda se desconocen. FUE la LIGA F7 ASTURIANA LA ENCARGADA DE ANUNCIAR LA &hellip;<\/p>\n","protected":false},"author":1,"featured_media":13930,"comment_status":"open","ping_status":"open","sticky":false,"template":"","format":"standard","meta":{"fifu_image_url":"https:\/\/fotografias.antena3.com\/clipping\/cmsimages01\/2025\/02\/09\/A38E9A39-DBA8-4E17-A4E3-4F08451E7B15\/david-jara-martin-jugador-fallecido_69.jpg?crop=723,407,x0,y13&width=1280&height=720&optimize=low&format=jpg","fifu_image_alt":"","footnotes":""},"categories":[6],"tags":[],"class_list":["post-13928","post","type-post","status-publish","format-standard","has-post-thumbnail","","category-deportes"],"_links":{"self":[{"href":"https:\/\/noticiasveraces.com\/index.php?rest_route=\/wp\/v2\/posts\/13928","targetHints":{"allow":["GET"]}}],"collection":[{"href":"https:\/\/noticiasveraces.com\/index.php?rest_route=\/wp\/v2\/posts"}],"about":[{"href":"https:\/\/noticiasveraces.com\/index.php?rest_route=\/wp\/v2\/types\/post"}],"author":[{"embeddable":true,"href":"https:\/\/noticiasveraces.com\/index.php?rest_route=\/wp\/v2\/users\/1"}],"replies":[{"embeddable":true,"href":"https:\/\/noticiasveraces.com\/index.php?rest_route=%2Fwp%2Fv2%2Fcomments&post=13928"}],"version-history":[{"count":0,"href":"https:\/\/noticiasveraces.com\/index.php?rest_route=\/wp\/v2\/posts\/13928\/revisions"}],"wp:featuredmedia":[{"embeddable":true,"href":"https:\/\/noticiasveraces.com\/index.php?rest_route=\/wp\/v2\/media\/13930"}],"wp:attachment":[{"href":"https:\/\/noticiasveraces.com\/index.php?rest_route=%2Fwp%2Fv2%2Fmedia&parent=13928"}],"wp:term":[{"taxonomy":"category","embeddable":true,"href":"https:\/\/noticiasveraces.com\/index.php?rest_route=%2Fwp%2Fv2%2Fcategories&post=13928"},{"taxonomy":"post_tag","embeddable":true,"href":"https:\/\/noticiasveraces.com\/index.php?rest_route=%2Fwp%2Fv2%2Ftags&post=13928"}],"curies":[{"name":"wp","href":"https:\/\/api.w.org\/{rel}","templated":true}]}}