{"id":13927,"date":"2025-02-09T09:15:09","date_gmt":"2025-02-09T13:15:09","guid":{"rendered":"https:\/\/noticiasveraces.com\/?p=13927"},"modified":"2025-02-09T09:15:09","modified_gmt":"2025-02-09T13:15:09","slug":"massachusetts-baby-born-deaf-escucha-la-voz-de-los-padres-por-primera-vez-listo-para-enfrentar-el-mundo","status":"publish","type":"post","link":"https:\/\/noticiasveraces.com\/?p=13927","title":{"rendered":"Massachusetts Baby Born Deaf escucha la voz de los padres por primera vez, \u00ablisto para enfrentar el mundo\u00bb"},"content":{"rendered":"<p> \n<\/p>\n<div id=\"\">\n<p>Worcester: fue un momento inolvidable y alegre que la familia Sinclair ha estado esperando, cuando su beb\u00e9 Charlie de 10 meses escuch\u00f3 por primera vez en su vida. \u00abOh, hombre, era casi como si un peso fuera levantado de mi coraz\u00f3n, no de mis hombros\u00bb, dijo el pap\u00e1 Tyler Sinclair.<\/p>\n<h2>Nacido con el s\u00edndrome de Usher<\/h2>\n<p>Charlie naci\u00f3 sordo con un trastorno gen\u00e9tico llamado s\u00edndrome de Usher que eventualmente causar\u00e1 p\u00e9rdida de visi\u00f3n tambi\u00e9n. <\/p>\n<p>\u00abEn \u00faltima instancia, resulta en una p\u00e9rdida auditiva progresiva. En algunos ni\u00f1os, como en el caso de Charlie, nacen con p\u00e9rdida auditiva sensorial severa a profunda, as\u00ed como p\u00e9rdida de visi\u00f3n progresiva\u00bb, dijo la Dra. Divya Chari de UMass Memorial Medical Center. <\/p>\n<p>Pero ahora Charlie puede escuchar gracias a los implantes cocleares, peque\u00f1os dispositivos electr\u00f3nicos que fueron colocados quir\u00fargicamente en ella en el Centro M\u00e9dico UMass Memorial. <\/p>\n<figure class=\"embed embed--type-image is-image embed--float-none embed--size-medium\"><span class=\"img embed__content\"><img alt=\"Charlie Cochlear Impants \" height=\"349\" width=\"620\" class=\" lazyload\" srcset=\"https:\/\/assets3.cbsnewsstatic.com\/hub\/i\/r\/2025\/02\/04\/d073d080-273a-49af-b130-8ae487f861e3\/thumbnail\/620x349\/ddc605484e3ae0228c3ee760082c8638\/baby1.jpg?v=c6b5070a57014f3b00753bf0e763f9c3 1x, https:\/\/assets2.cbsnewsstatic.com\/hub\/i\/r\/2025\/02\/04\/d073d080-273a-49af-b130-8ae487f861e3\/thumbnail\/1240x698\/413c299c1816fb48d55435664786e730\/baby1.jpg?v=c6b5070a57014f3b00753bf0e763f9c3 2x\"\/><\/span><figcaption class=\"embed__caption-container\"><span class=\"embed__caption\">Charlie, de 10 meses, que tiene el s\u00edndrome de Usher, escuch\u00f3 por primera vez gracias a los implantes cocleares.<\/span><\/p>\n<p>                  <span class=\"embed__credit\"><\/p>\n<p>                CBS Boston<\/p>\n<p>                          <\/span><br \/>\n              <\/figcaption><\/figure>\n<p>Para mam\u00e1 y pap\u00e1, el procedimiento cambia la vida. \u00abSaber que puede escuchar y comprender los sonidos como p\u00e1jaros cantando y poder experimentar eso. Y sabiendo que se quedar\u00e1 ciego, quer\u00eda que ella realmente experimentara todo lo que pudiera\u00bb, dijo Tyler Sinclair. <\/p>\n<p>\u00abPara Charlie, fue realmente privada del sentido de la audici\u00f3n. No estaba recibiendo ninguna sensaci\u00f3n de sonido\u00bb, dijo la Dra. Chari. \u00abEntonces, la primera vez que se activaron esos implantes cocleares, fue la primera vez que escuch\u00f3 la voz de su padre. Nunca antes hab\u00eda escuchado eso\u00bb. <\/p>\n<h2>Charlie hace un progreso notable<\/h2>\n<p>Solo ha pasado una semana, y la familia dice que Charlie est\u00e1 mostrando un progreso notable. El procedimiento tambi\u00e9n la ayuda a desarrollar habilidades cognitivas y su equilibrio. \u00abNo solo puede escuchar, sino que est\u00e1 gateando, est\u00e1 sentada sola\u00bb, dijo Mom Erin Sinclair. <\/p>\n<p>Lleno de mucha espada y energ\u00eda, la familia dice que Charlie a\u00fan necesitar\u00e1 muchos servicios adicionales y est\u00e1n recaudando dinero en l\u00ednea para ayudar con sus habilidades de desarrollo y escucha. <\/p>\n<p>\u00abEs particularmente importante para alguien como Charlie porque cuando pierde su visi\u00f3n en el futuro, tener otro sentido como escuchar es fundamental para ella\u00bb, dijo la Dra. Chari. <\/p>\n<p>La familia agradece el apoyo que recibieron del Centro M\u00e9dico UMass Memorial. <\/p>\n<p>\u00abEs una aventura todos los d\u00edas\u00bb, dijo Tyler Sinclair. \u00abEsa es una aventura positiva\u00bb. <\/p>\n<p>\u00abCreo que definitivamente est\u00e1 lista para abordar el mundo\u00bb, dijo Erin Sinclair.<\/p>\n<p>    <!-- data-recirc-source=\"queryly\" --><\/p>\n<aside class=\"component list recirculation component--type-recirculation \">\n<p><h3 class=\"component__title\">M\u00e1s de CBS News<\/h3>\n<\/p>\n<\/aside>\n<p><!-- tags --><\/p>\n<div class=\"content-author\">\n<p>      Paul Burton<\/p>\n<div class=\"content-author__bio\">\n<div class=\"content-author__image\">\n<p>              <span class=\"img \"><img alt=\"pburton628.jpg \" height=\"80\" width=\"80\" class=\" lazyload\" srcset=\"https:\/\/assets2.cbsnewsstatic.com\/hub\/i\/r\/2024\/08\/22\/1446eaec-a489-49dc-8a2b-ec508706443b\/thumbnail\/80x80\/2049e1974e484c59e727c1d34736c471\/pburton628.jpg?v=c6b5070a57014f3b00753bf0e763f9c3 1x, https:\/\/assets1.cbsnewsstatic.com\/hub\/i\/r\/2024\/08\/22\/1446eaec-a489-49dc-8a2b-ec508706443b\/thumbnail\/160x160\/91c1019a6f4ad6af1808f0f47c75cd37\/pburton628.jpg?v=c6b5070a57014f3b00753bf0e763f9c3 2x\"\/><\/span><\/p><\/div>\n<div class=\"content-author__full-information\">\n<p class=\"content-author__text\">Paul Burton es un reportero de asignaci\u00f3n general para WBZ-TV News.<\/p>\n<\/p><\/div>\n<\/p><\/div>\n<\/p><\/div>\n<\/p><\/div>\n\n","protected":false},"excerpt":{"rendered":"<p>Worcester: fue un momento inolvidable y alegre que la familia Sinclair ha estado esperando, cuando su beb\u00e9 Charlie de 10 meses escuch\u00f3 por primera vez en su vida. \u00abOh, hombre, era casi como si un peso fuera levantado de mi coraz\u00f3n, no de mis hombros\u00bb, dijo el pap\u00e1 Tyler Sinclair. Nacido con el s\u00edndrome de &hellip;<\/p>\n","protected":false},"author":1,"featured_media":0,"comment_status":"open","ping_status":"open","sticky":false,"template":"","format":"standard","meta":{"fifu_image_url":"","fifu_image_alt":"","footnotes":""},"categories":[8],"tags":[],"class_list":["post-13927","post","type-post","status-publish","format-standard","","category-salud"],"_links":{"self":[{"href":"https:\/\/noticiasveraces.com\/index.php?rest_route=\/wp\/v2\/posts\/13927","targetHints":{"allow":["GET"]}}],"collection":[{"href":"https:\/\/noticiasveraces.com\/index.php?rest_route=\/wp\/v2\/posts"}],"about":[{"href":"https:\/\/noticiasveraces.com\/index.php?rest_route=\/wp\/v2\/types\/post"}],"author":[{"embeddable":true,"href":"https:\/\/noticiasveraces.com\/index.php?rest_route=\/wp\/v2\/users\/1"}],"replies":[{"embeddable":true,"href":"https:\/\/noticiasveraces.com\/index.php?rest_route=%2Fwp%2Fv2%2Fcomments&post=13927"}],"version-history":[{"count":0,"href":"https:\/\/noticiasveraces.com\/index.php?rest_route=\/wp\/v2\/posts\/13927\/revisions"}],"wp:attachment":[{"href":"https:\/\/noticiasveraces.com\/index.php?rest_route=%2Fwp%2Fv2%2Fmedia&parent=13927"}],"wp:term":[{"taxonomy":"category","embeddable":true,"href":"https:\/\/noticiasveraces.com\/index.php?rest_route=%2Fwp%2Fv2%2Fcategories&post=13927"},{"taxonomy":"post_tag","embeddable":true,"href":"https:\/\/noticiasveraces.com\/index.php?rest_route=%2Fwp%2Fv2%2Ftags&post=13927"}],"curies":[{"name":"wp","href":"https:\/\/api.w.org\/{rel}","templated":true}]}}