{"id":13916,"date":"2025-02-09T08:18:24","date_gmt":"2025-02-09T12:18:24","guid":{"rendered":"https:\/\/noticiasveraces.com\/?p=13916"},"modified":"2025-02-09T08:18:24","modified_gmt":"2025-02-09T12:18:24","slug":"soy-escritor-de-moda-y-estos-articulos-de-boden-son-perfectos-para-la-primavera","status":"publish","type":"post","link":"https:\/\/noticiasveraces.com\/?p=13916","title":{"rendered":"Soy escritor de moda y estos art\u00edculos de Boden son perfectos para la primavera"},"content":{"rendered":"<p> \n<\/p>\n<div>\n<div class=\"text-description\">\n<p>La primavera es la temporada ideal para darle a su guardarropa un poco de actualizaci\u00f3n y la colecci\u00f3n m\u00e1s nueva de Boden nos da una inspiraci\u00f3n seria para los d\u00edas m\u00e1s c\u00e1lidos por delante. Con el clima fr\u00edo todav\u00eda aqu\u00ed, estamos fantaseando con los d\u00edas m\u00e1s largos y el clima m\u00e1s c\u00e1lido en la primavera, y las \u00faltimas llegadas de Boden ofrecen una variedad de art\u00edculos imprescindibles, desde prendas de punto livianas hasta chaquetas que agregan una pizca de elegancia a cualquier conjunto.<\/p>\n<p data-mce-linkchecker-status=\"valid\">La colecci\u00f3n presenta en gran medida una variedad de tejidos breves y livianos dise\u00f1ados con Spring en mente. Ofreciendo la combinaci\u00f3n perfecta de comodidad y estilo, puede esperar saltadores ultra suaves para capas y tonos suaves que anuncian la llegada de una nueva temporada.<\/p>\n<p>Hemos echado un vistazo a la nueva colecci\u00f3n y hemos encontrado una variedad de piezas nuevas que son vers\u00e1tiles para combinar f\u00e1cilmente con sus jeans o faldas favoritos para cuando nos encontramos con un mejor clima. Pero tambi\u00e9n opciones que proporcionan la flexibilidad para manejar la naturaleza impredecible del clima de primavera con facilidad. Contin\u00fae leyendo para descubrir nuestras mejores opciones para la temporada.<\/p>\n<p><strong>Jeans de pierna ancha de alto aumento &#8211; \u00a3 98<\/strong><\/p>\n<p>Disponible en cinco tonos diferentes, estos jeans de pierna ancha se han creado con la cantidad justa de estiramiento para garantizar la m\u00e1xima comodidad. Dise\u00f1ado para una sensaci\u00f3n relajada, estos jeans proporcionan espacio adicional para el movimiento mientras mantienen una silueta halagadora.<\/p>\n<p>El dise\u00f1o de gran altura halagar la cintura, y el corte de pierna ancha ofrece un ambiente atemporal y elegante. Ya sea que vaya a un aspecto casual o vaya a vestir estos jeans, son una adici\u00f3n vers\u00e1til a su guardarropa de primavera, informa el espejo.<\/p>\n<\/div>\n<div class=\"photo changeSpace\">\n<p class=\"withoutCaption\"><picture><source type=\"image\/avif\" srcset=\"https:\/\/cdn.images.express.co.uk\/img\/dynamic\/12\/1200x712\/secondary\/5945065.avif?r=1739097842064\" media=\"screen and (min-width:10000px)\"><source type=\"image\/webp\" srcset=\"https:\/\/cdn.images.express.co.uk\/img\/dynamic\/12\/1200x712\/secondary\/5945065.webp?r=1739097842064\" media=\"screen and (min-width:10000px)\"><source type=\"image\/jpeg\" srcset=\"https:\/\/cdn.images.express.co.uk\/img\/dynamic\/12\/1200x712\/secondary\/5945065.jpg?r=1739097842064\" media=\"screen and (min-width:10000px)\"><source type=\"image\/avif\" srcset=\"https:\/\/cdn.images.express.co.uk\/img\/dynamic\/12\/674x400\/secondary\/5945065.avif?r=1739097842064\" media=\"screen and (min-width:100000px)\"><source type=\"image\/webp\" srcset=\"https:\/\/cdn.images.express.co.uk\/img\/dynamic\/12\/674x400\/secondary\/5945065.webp?r=1739097842064\" media=\"screen and (min-width:100000px)\"><source type=\"image\/jpeg\" srcset=\"https:\/\/cdn.images.express.co.uk\/img\/dynamic\/12\/674x400\/secondary\/5945065.jpg?r=1739097842064\" media=\"screen and (min-width:100000px)\"><source type=\"image\/avif\" srcset=\"https:\/\/cdn.images.express.co.uk\/img\/dynamic\/12\/940x\/secondary\/5945065.avif?r=1739097842064\" media=\"screen and (min-width:1200px)\"><source type=\"image\/webp\" srcset=\"https:\/\/cdn.images.express.co.uk\/img\/dynamic\/12\/940x\/secondary\/5945065.webp?r=1739097842064\" media=\"screen and (min-width:1200px)\"><source type=\"image\/jpeg\" srcset=\"https:\/\/cdn.images.express.co.uk\/img\/dynamic\/12\/940x\/secondary\/5945065.jpg?r=1739097842064\" media=\"screen and (min-width:1200px)\"><source type=\"image\/avif\" srcset=\"https:\/\/cdn.images.express.co.uk\/img\/dynamic\/12\/590x\/secondary\/5945065.avif?r=1739097842064\" media=\"screen\"><source type=\"image\/webp\" srcset=\"https:\/\/cdn.images.express.co.uk\/img\/dynamic\/12\/590x\/secondary\/5945065.webp?r=1739097842064\" media=\"screen\"><img decoding=\"async\" src=\"https:\/\/cdn.images.express.co.uk\/img\/dynamic\/12\/590x\/secondary\/5945065.jpg?r=1739097842064\" alt=\"Jeans de pierna ancha de Boden\" title=\"Jeans de pierna ancha de Boden\" width=\"590\" height=\"763\" loading=\"lazy\"\/><\/source><\/source><\/source><\/source><\/source><\/source><\/source><\/source><\/source><\/source><\/source><\/picture><\/p>\n<p><span class=\"newsCaption\">Los jeans de pierna ancha de Boden vienen en cinco colores diferentes <span class=\"caption\">(Imagen: Boden)<\/span><\/span><\/div>\n<p><!--googleoff: all--><\/p>\n<div class=\"affiliate-links\">  Este art\u00edculo contiene enlaces de afiliados, recibiremos una comisi\u00f3n sobre cualquier venta que generemos a partir de \u00e9l. Obtenga m\u00e1s informaci\u00f3n<\/div>\n<p> <!--googleon: all--><\/p>\n<div class=\"text-description\">\n<p>Los compradores han estado elogiando a estos jeans por su excelente comodidad y flexibilidad.<\/p>\n<p>Un cliente feliz exclam\u00f3: \u00abEstos jeans encajan perfectamente y son s\u00faper c\u00f3modos; \u00a1son mis nuevos jeans favoritos!\u00bb<\/p>\n<p>Otro fan\u00e1tico complacido de Boden brot\u00f3: \u00ab\u00a1c\u00f3modo, elegante, inteligente y un ajuste encantador! Realmente me gustan estos jeans halagadores. \u00a1Compr\u00e9 dos pares!\u00bb<\/p>\n<p>\u00abNunca he encontrado un par de jeans que realmente me gusten, hasta ahora\u00bb, reflexion\u00f3 un tercero. \u00abSon suaves y c\u00f3modos, con un poco de estiramiento, pero no demasiado\u00bb.<\/p>\n<p>Sin embargo, algunos clientes se\u00f1alaron que la longitud podr\u00eda ser un problema, con uno que busca: \u00abHermoso pero un poco demasiado grande\u00bb.<\/p>\n<p>Si desea cambiar su aspecto esta primavera, los jeans de piernas anchas de gran ascenso de Boden son el elemento b\u00e1sico del vestuario ideal.<\/p>\n<\/div>\n<div class=\"text-description\">\n<p><strong>Vestido Midi de Linen Tiered &#8211; \u00a3 136<\/strong><\/p>\n<p>Para un vestido que te har\u00e1 sentir elegante, juguet\u00f3n y con una primavera en tu paso, el vestido Midi de Linen Tiered de Anna es una elecci\u00f3n ideal.<\/p>\n<p>Hecho a medida para disfrutar del sol, el vestido est\u00e1 elaborado con lino fresco y ventoso y presenta un elegante fumador de los hombros que se dirigen a deliciosas mangas de hojaldre.<\/p>\n<p>Ofrecido en cuatro colores y tama\u00f1o inclusivo que var\u00eda de 4 a 22, hay una coincidencia para cada preferencia de estilo. La verdadera pieza de resistencia es la falda flotante y escalonada, que garantiza su brecha y gracia con cada paso y, espere, tambi\u00e9n incluye bolsillos laterales pr\u00e1cticos.<\/p>\n<p>Se remonta a su encanto se encuentran la cintura alta y el corte fluido que fusionan el encanto cl\u00e1sico con el toque contempor\u00e1neo. El vestido se puede usar f\u00e1cilmente para funcionar, fechas de caf\u00e9 e incluso, vestida de manera inteligente, para una boda. <\/p>\n<p>Un cliente brot\u00f3: \u00abUn vestido encantador, podr\u00eda vestirlo hacia arriba o hacia abajo. No puedo esperar para irme a usarlo\u00bb.<\/p>\n<\/div>\n<div class=\"photo changeSpace\">\n<p class=\"withoutCaption\"><picture><source type=\"image\/avif\" srcset=\"https:\/\/cdn.images.express.co.uk\/img\/dynamic\/12\/1200x712\/secondary\/5945068.avif?r=1739097842081\" media=\"screen and (min-width:10000px)\"><source type=\"image\/webp\" srcset=\"https:\/\/cdn.images.express.co.uk\/img\/dynamic\/12\/1200x712\/secondary\/5945068.webp?r=1739097842081\" media=\"screen and (min-width:10000px)\"><source type=\"image\/jpeg\" srcset=\"https:\/\/cdn.images.express.co.uk\/img\/dynamic\/12\/1200x712\/secondary\/5945068.jpg?r=1739097842081\" media=\"screen and (min-width:10000px)\"><source type=\"image\/avif\" srcset=\"https:\/\/cdn.images.express.co.uk\/img\/dynamic\/12\/674x400\/secondary\/5945068.avif?r=1739097842081\" media=\"screen and (min-width:100000px)\"><source type=\"image\/webp\" srcset=\"https:\/\/cdn.images.express.co.uk\/img\/dynamic\/12\/674x400\/secondary\/5945068.webp?r=1739097842081\" media=\"screen and (min-width:100000px)\"><source type=\"image\/jpeg\" srcset=\"https:\/\/cdn.images.express.co.uk\/img\/dynamic\/12\/674x400\/secondary\/5945068.jpg?r=1739097842081\" media=\"screen and (min-width:100000px)\"><source type=\"image\/avif\" srcset=\"https:\/\/cdn.images.express.co.uk\/img\/dynamic\/12\/940x\/secondary\/5945068.avif?r=1739097842081\" media=\"screen and (min-width:1200px)\"><source type=\"image\/webp\" srcset=\"https:\/\/cdn.images.express.co.uk\/img\/dynamic\/12\/940x\/secondary\/5945068.webp?r=1739097842081\" media=\"screen and (min-width:1200px)\"><source type=\"image\/jpeg\" srcset=\"https:\/\/cdn.images.express.co.uk\/img\/dynamic\/12\/940x\/secondary\/5945068.jpg?r=1739097842081\" media=\"screen and (min-width:1200px)\"><source type=\"image\/avif\" srcset=\"https:\/\/cdn.images.express.co.uk\/img\/dynamic\/12\/590x\/secondary\/5945068.avif?r=1739097842081\" media=\"screen\"><source type=\"image\/webp\" srcset=\"https:\/\/cdn.images.express.co.uk\/img\/dynamic\/12\/590x\/secondary\/5945068.webp?r=1739097842081\" media=\"screen\"><img decoding=\"async\" src=\"https:\/\/cdn.images.express.co.uk\/img\/dynamic\/12\/590x\/secondary\/5945068.jpg?r=1739097842081\" alt=\"indefinido\" title=\"indefinido\" width=\"590\" height=\"763\" loading=\"lazy\"\/><\/source><\/source><\/source><\/source><\/source><\/source><\/source><\/source><\/source><\/source><\/source><\/picture><\/p>\n<p><span class=\"newsCaption\">indefinido <span class=\"caption\">(Imagen: Undefined)<\/span><\/span><\/div>\n<div class=\"text-description\">\n<p>Otro compartido: \u00abComprar\u00eda esto en todos los colores. Es halagador ya que se vuelve debajo del busto y esconde cualquier bulto de est\u00f3mago\/cadera. Adem\u00e1s de bolsillos. Es un vestido de &#8216;llevar a cualquier lugar'\u00bb.<\/p>\n<p>Compre el vestido midi de lino con lino Anna de Boden.<\/p>\n<p><strong>La trinchera recortada de Mayfair- \u00a3 170<\/strong><\/p>\n<p>Con la primavera en el aire, una gabardina es un armario esencial. Este dise\u00f1o cl\u00e1sico de Boden se ha actualizado con una silueta moderna y recortada que es perfecta para los d\u00edas de primavera.<\/p>\n<p>Cuenta con una fijaci\u00f3n de botones de doble pecho, y la aleta de cuello y tormenta de sofsos agregan una capa adicional de encanto y comodidad. Ya sea que est\u00e9 haciendo la transici\u00f3n entre las ma\u00f1anas fr\u00edas y las tardes m\u00e1s c\u00e1lidas, el corte recortado logra el equilibrio perfecto. Est\u00e1 disponible en Petite y Regular y viene en tama\u00f1os de 4 a 22. <\/p>\n<p>Comb\u00ednalo con pantalones a medida o un vestido fluido para un conjunto vers\u00e1til. Se recibi\u00f3 el amor de varios compradores con un revestimiento de revisores de cinco estrellas: \u00abEstoy realmente satisfecho con esta chaqueta. El color es perfecto y la calidad es excelente. Esperar\u00e9 usarlo en primavera\u00bb.<\/p>\n<\/div>\n<div class=\"photo changeSpace\">\n<p class=\"withoutCaption\"><picture><source type=\"image\/avif\" srcset=\"https:\/\/cdn.images.express.co.uk\/img\/dynamic\/12\/1200x712\/secondary\/5945067.avif?r=1739097842093\" media=\"screen and (min-width:10000px)\"><source type=\"image\/webp\" srcset=\"https:\/\/cdn.images.express.co.uk\/img\/dynamic\/12\/1200x712\/secondary\/5945067.webp?r=1739097842093\" media=\"screen and (min-width:10000px)\"><source type=\"image\/jpeg\" srcset=\"https:\/\/cdn.images.express.co.uk\/img\/dynamic\/12\/1200x712\/secondary\/5945067.jpg?r=1739097842093\" media=\"screen and (min-width:10000px)\"><source type=\"image\/avif\" srcset=\"https:\/\/cdn.images.express.co.uk\/img\/dynamic\/12\/674x400\/secondary\/5945067.avif?r=1739097842093\" media=\"screen and (min-width:100000px)\"><source type=\"image\/webp\" srcset=\"https:\/\/cdn.images.express.co.uk\/img\/dynamic\/12\/674x400\/secondary\/5945067.webp?r=1739097842093\" media=\"screen and (min-width:100000px)\"><source type=\"image\/jpeg\" srcset=\"https:\/\/cdn.images.express.co.uk\/img\/dynamic\/12\/674x400\/secondary\/5945067.jpg?r=1739097842093\" media=\"screen and (min-width:100000px)\"><source type=\"image\/avif\" srcset=\"https:\/\/cdn.images.express.co.uk\/img\/dynamic\/12\/940x\/secondary\/5945067.avif?r=1739097842093\" media=\"screen and (min-width:1200px)\"><source type=\"image\/webp\" srcset=\"https:\/\/cdn.images.express.co.uk\/img\/dynamic\/12\/940x\/secondary\/5945067.webp?r=1739097842093\" media=\"screen and (min-width:1200px)\"><source type=\"image\/jpeg\" srcset=\"https:\/\/cdn.images.express.co.uk\/img\/dynamic\/12\/940x\/secondary\/5945067.jpg?r=1739097842093\" media=\"screen and (min-width:1200px)\"><source type=\"image\/avif\" srcset=\"https:\/\/cdn.images.express.co.uk\/img\/dynamic\/12\/590x\/secondary\/5945067.avif?r=1739097842093\" media=\"screen\"><source type=\"image\/webp\" srcset=\"https:\/\/cdn.images.express.co.uk\/img\/dynamic\/12\/590x\/secondary\/5945067.webp?r=1739097842093\" media=\"screen\"><img decoding=\"async\" src=\"https:\/\/cdn.images.express.co.uk\/img\/dynamic\/12\/590x\/secondary\/5945067.jpg?r=1739097842093\" alt=\"Trinchera de Boden\" title=\"Trinchera de Boden\" width=\"590\" height=\"763\" loading=\"lazy\"\/><\/source><\/source><\/source><\/source><\/source><\/source><\/source><\/source><\/source><\/source><\/source><\/picture><\/p>\n<p><span class=\"newsCaption\">La zanja recortada de Mayfair de Boden es un elemento b\u00e1sico de primavera <span class=\"caption\">(Imagen: Boden)<\/span><\/span><\/div>\n<div class=\"text-description\">\n<p>Compre la zanja recortada de Mayfair de Boden.<\/p>\n<p><strong>El vestido de camisa Midi de Marcia Jersey &#8211; \u00a3 98<\/strong><\/p>\n<p>Para una combinaci\u00f3n perfecta de comodidad y estilo sofisticado, el vestido de Marcia es una gran opci\u00f3n. Hecho a partir de tela de jersey suave y transpirable, ofrece un ajuste halagador y relajado que se puede usar todo el d\u00eda.<\/p>\n<p data-mce-linkchecker-status=\"valid\">Sin embargo, su pieza por pieza es el cintur\u00f3n que define la cintura con la cintura, que ofrece una silueta elegante y estructurada, ideal para aumentar la confianza con su est\u00e9tica relajada pero pulida. Perfecto para cualquier entorno, desde reuniones de trabajo hasta brunches casuales, esta pieza vers\u00e1til tambi\u00e9n puede hacer una transici\u00f3n f\u00e1cilmente al uso nocturno y viene en diferentes colores y patrones. <\/p>\n<p data-mce-linkchecker-status=\"valid\">Deporte con entrenadores para un conjunto de d\u00eda elegante sin esfuerzo o eleva el look con botas para un ambiente m\u00e1s opulento. Alabarlo en elogio, los compradores lo han felicitado r\u00e1pidamente, con una afirmaci\u00f3n: \u00abEstos vestidos son tan c\u00f3modos y muy halagadores. Me encanta usar el m\u00edo para trabajar\u00bb.<\/p>\n<\/div>\n<div class=\"photo changeSpace\">\n<p class=\"withoutCaption\"><picture><source type=\"image\/avif\" srcset=\"https:\/\/cdn.images.express.co.uk\/img\/dynamic\/12\/1200x712\/secondary\/5945069.avif?r=1739097842106\" media=\"screen and (min-width:10000px)\"><source type=\"image\/webp\" srcset=\"https:\/\/cdn.images.express.co.uk\/img\/dynamic\/12\/1200x712\/secondary\/5945069.webp?r=1739097842106\" media=\"screen and (min-width:10000px)\"><source type=\"image\/jpeg\" srcset=\"https:\/\/cdn.images.express.co.uk\/img\/dynamic\/12\/1200x712\/secondary\/5945069.jpg?r=1739097842106\" media=\"screen and (min-width:10000px)\"><source type=\"image\/avif\" srcset=\"https:\/\/cdn.images.express.co.uk\/img\/dynamic\/12\/674x400\/secondary\/5945069.avif?r=1739097842106\" media=\"screen and (min-width:100000px)\"><source type=\"image\/webp\" srcset=\"https:\/\/cdn.images.express.co.uk\/img\/dynamic\/12\/674x400\/secondary\/5945069.webp?r=1739097842106\" media=\"screen and (min-width:100000px)\"><source type=\"image\/jpeg\" srcset=\"https:\/\/cdn.images.express.co.uk\/img\/dynamic\/12\/674x400\/secondary\/5945069.jpg?r=1739097842106\" media=\"screen and (min-width:100000px)\"><source type=\"image\/avif\" srcset=\"https:\/\/cdn.images.express.co.uk\/img\/dynamic\/12\/940x\/secondary\/5945069.avif?r=1739097842106\" media=\"screen and (min-width:1200px)\"><source type=\"image\/webp\" srcset=\"https:\/\/cdn.images.express.co.uk\/img\/dynamic\/12\/940x\/secondary\/5945069.webp?r=1739097842106\" media=\"screen and (min-width:1200px)\"><source type=\"image\/jpeg\" srcset=\"https:\/\/cdn.images.express.co.uk\/img\/dynamic\/12\/940x\/secondary\/5945069.jpg?r=1739097842106\" media=\"screen and (min-width:1200px)\"><source type=\"image\/avif\" srcset=\"https:\/\/cdn.images.express.co.uk\/img\/dynamic\/12\/590x\/secondary\/5945069.avif?r=1739097842106\" media=\"screen\"><source type=\"image\/webp\" srcset=\"https:\/\/cdn.images.express.co.uk\/img\/dynamic\/12\/590x\/secondary\/5945069.webp?r=1739097842106\" media=\"screen\"><img decoding=\"async\" src=\"https:\/\/cdn.images.express.co.uk\/img\/dynamic\/12\/590x\/secondary\/5945069.jpg?r=1739097842106\" alt=\"El vestido de camisa de Midi de Marcia Jersey\" title=\"El vestido de camisa de Midi de Marcia Jersey\" width=\"590\" height=\"763\" loading=\"lazy\"\/><\/source><\/source><\/source><\/source><\/source><\/source><\/source><\/source><\/source><\/source><\/source><\/picture><\/p>\n<p><span class=\"newsCaption\">Vestido de camisa de Boden Marcia Jersey Midi <span class=\"caption\">(Imagen: Boden)<\/span><\/span><\/div>\n<div class=\"text-description\">\n<p>Otro cliente satisfecho declar\u00f3: \u00abEncantado con este vestido. Ped\u00ed una talla 6 y se ajusta maravillosamente\u00bb.<\/p>\n<p>Un tercer comprador feliz exclam\u00f3: \u00ab\u00a1Mi vestido es perfecto y estoy encantado con \u00e9l!\u00bb Sin embargo, algunos han se\u00f1alado problemas con el ajuste; Una revisi\u00f3n advirti\u00f3: \u00abSi tiene un torso largo, cualquier cosa con cintura significa que la cintura est\u00e1 arriba por su pecho. No es un buen aspecto\u00bb.<\/p>\n<p>Consigue el vestido aqu\u00ed.<\/p>\n<p><strong>Pantalones de lino de Westbourne &#8211; \u00a3 98<\/strong><\/p>\n<p>Nada da la bienvenida a la primavera m\u00e1s que actualizar su guardarropa con algo de lino. Los pantalones de Westbourne de la marca han tenido una actualizaci\u00f3n con este nuevo maquillaje de lino premium y tienen un hermoso corte de pierna ancha.<\/p>\n<p>Esta combinaci\u00f3n hace del pantal\u00f3n la elecci\u00f3n perfecta para las aventuras de la ciudad o los planes de verano en el parque.<\/p>\n<\/div>\n<div class=\"photo changeSpace\">\n<p class=\"withoutCaption\"><picture><source type=\"image\/avif\" srcset=\"https:\/\/cdn.images.express.co.uk\/img\/dynamic\/12\/1200x712\/secondary\/5945066.avif?r=1739097842119\" media=\"screen and (min-width:10000px)\"><source type=\"image\/webp\" srcset=\"https:\/\/cdn.images.express.co.uk\/img\/dynamic\/12\/1200x712\/secondary\/5945066.webp?r=1739097842119\" media=\"screen and (min-width:10000px)\"><source type=\"image\/jpeg\" srcset=\"https:\/\/cdn.images.express.co.uk\/img\/dynamic\/12\/1200x712\/secondary\/5945066.jpg?r=1739097842119\" media=\"screen and (min-width:10000px)\"><source type=\"image\/avif\" srcset=\"https:\/\/cdn.images.express.co.uk\/img\/dynamic\/12\/674x400\/secondary\/5945066.avif?r=1739097842119\" media=\"screen and (min-width:100000px)\"><source type=\"image\/webp\" srcset=\"https:\/\/cdn.images.express.co.uk\/img\/dynamic\/12\/674x400\/secondary\/5945066.webp?r=1739097842119\" media=\"screen and (min-width:100000px)\"><source type=\"image\/jpeg\" srcset=\"https:\/\/cdn.images.express.co.uk\/img\/dynamic\/12\/674x400\/secondary\/5945066.jpg?r=1739097842119\" media=\"screen and (min-width:100000px)\"><source type=\"image\/avif\" srcset=\"https:\/\/cdn.images.express.co.uk\/img\/dynamic\/12\/940x\/secondary\/5945066.avif?r=1739097842119\" media=\"screen and (min-width:1200px)\"><source type=\"image\/webp\" srcset=\"https:\/\/cdn.images.express.co.uk\/img\/dynamic\/12\/940x\/secondary\/5945066.webp?r=1739097842119\" media=\"screen and (min-width:1200px)\"><source type=\"image\/jpeg\" srcset=\"https:\/\/cdn.images.express.co.uk\/img\/dynamic\/12\/940x\/secondary\/5945066.jpg?r=1739097842119\" media=\"screen and (min-width:1200px)\"><source type=\"image\/avif\" srcset=\"https:\/\/cdn.images.express.co.uk\/img\/dynamic\/12\/590x\/secondary\/5945066.avif?r=1739097842119\" media=\"screen\"><source type=\"image\/webp\" srcset=\"https:\/\/cdn.images.express.co.uk\/img\/dynamic\/12\/590x\/secondary\/5945066.webp?r=1739097842119\" media=\"screen\"><img decoding=\"async\" src=\"https:\/\/cdn.images.express.co.uk\/img\/dynamic\/12\/590x\/secondary\/5945066.jpg?r=1739097842119\" alt=\"indefinido\" title=\"indefinido\" width=\"590\" height=\"763\" loading=\"lazy\"\/><\/source><\/source><\/source><\/source><\/source><\/source><\/source><\/source><\/source><\/source><\/source><\/picture><\/p>\n<p><span class=\"newsCaption\">indefinido <span class=\"caption\">(Imagen: Undefined)<\/span><\/span><\/div>\n<div class=\"text-description\">\n<p>La silueta moderna de estos pantalones agrega un borde elegante y funciona bien en un entorno de atuendo m\u00e1s relajado o inteligente: se pueden complementar con un cintur\u00f3n para un toque adicional. Pru\u00e9balos junto con una camisa blanca crujiente para un aspecto diurno sin esfuerzo, o v\u00edstelos con tacones y una blusa para un look nocturno.<\/p>\n<p>Con siete colores que se ofrecen desde avena hasta Paradise Green, hay un tono para todos los gustos y ocasiones. Un cliente encantado dijo: \u00abLlevo muchos pantalones de lino, y soy un Boden 10. El ajuste de estos es perfecto, un color encantador y espero usarlos\u00bb.<\/p>\n<p data-mce-linkchecker-status=\"valid\">Mientras tanto, otro comprador comparti\u00f3 una leve preocupaci\u00f3n: \u00abEstoy un poco decepcionado de que la versi\u00f3n de este a\u00f1o haya cambiado a un solo bot\u00f3n para hacer,\u00bb aunque comentaron: \u00abEstas s\u00e1banas de cintura alta son excelentes para mi forma\u00bb.<\/p>\n<p data-mce-linkchecker-status=\"valid\">Consigue los pantalones aqu\u00ed.<\/p>\n<p><strong>Abrigo acolchado suave &#8211; \u00a3 198<\/strong><\/p>\n<p>Ideal para el clima de transici\u00f3n que nos lleva al invierno de ROM a la primavera, este abrigo cuenta con un dise\u00f1o acolchado acogedor. Completo con un collar sofisticado y una fila de bot\u00f3n ordenada, la chaqueta asegura que permanezca elegante cuando el fr\u00edo muerde. Especialmente con su longitud de l\u00ednea larga manteniendo las piernas protegidas. <\/p>\n<\/div>\n<div class=\"photo changeSpace\">\n<p class=\"withoutCaption\"><picture><source type=\"image\/avif\" srcset=\"https:\/\/cdn.images.express.co.uk\/img\/dynamic\/12\/1200x712\/secondary\/5945061.avif?r=1739097842132\" media=\"screen and (min-width:10000px)\"><source type=\"image\/webp\" srcset=\"https:\/\/cdn.images.express.co.uk\/img\/dynamic\/12\/1200x712\/secondary\/5945061.webp?r=1739097842132\" media=\"screen and (min-width:10000px)\"><source type=\"image\/jpeg\" srcset=\"https:\/\/cdn.images.express.co.uk\/img\/dynamic\/12\/1200x712\/secondary\/5945061.jpg?r=1739097842132\" media=\"screen and (min-width:10000px)\"><source type=\"image\/avif\" srcset=\"https:\/\/cdn.images.express.co.uk\/img\/dynamic\/12\/674x400\/secondary\/5945061.avif?r=1739097842132\" media=\"screen and (min-width:100000px)\"><source type=\"image\/webp\" srcset=\"https:\/\/cdn.images.express.co.uk\/img\/dynamic\/12\/674x400\/secondary\/5945061.webp?r=1739097842132\" media=\"screen and (min-width:100000px)\"><source type=\"image\/jpeg\" srcset=\"https:\/\/cdn.images.express.co.uk\/img\/dynamic\/12\/674x400\/secondary\/5945061.jpg?r=1739097842132\" media=\"screen and (min-width:100000px)\"><source type=\"image\/avif\" srcset=\"https:\/\/cdn.images.express.co.uk\/img\/dynamic\/12\/940x\/secondary\/5945061.avif?r=1739097842132\" media=\"screen and (min-width:1200px)\"><source type=\"image\/webp\" srcset=\"https:\/\/cdn.images.express.co.uk\/img\/dynamic\/12\/940x\/secondary\/5945061.webp?r=1739097842132\" media=\"screen and (min-width:1200px)\"><source type=\"image\/jpeg\" srcset=\"https:\/\/cdn.images.express.co.uk\/img\/dynamic\/12\/940x\/secondary\/5945061.jpg?r=1739097842132\" media=\"screen and (min-width:1200px)\"><source type=\"image\/avif\" srcset=\"https:\/\/cdn.images.express.co.uk\/img\/dynamic\/12\/590x\/secondary\/5945061.avif?r=1739097842132\" media=\"screen\"><source type=\"image\/webp\" srcset=\"https:\/\/cdn.images.express.co.uk\/img\/dynamic\/12\/590x\/secondary\/5945061.webp?r=1739097842132\" media=\"screen\"><img decoding=\"async\" src=\"https:\/\/cdn.images.express.co.uk\/img\/dynamic\/12\/590x\/secondary\/5945061.jpg?r=1739097842132\" alt=\"Springwear Boden\" title=\"Springwear Boden\" width=\"590\" height=\"763\" loading=\"lazy\"\/><\/source><\/source><\/source><\/source><\/source><\/source><\/source><\/source><\/source><\/source><\/source><\/picture><\/p>\n<p><span class=\"newsCaption\">El suave abrigo acolchado de Boden es ideal para el invierno y la primavera <span class=\"caption\">(Imagen: Boden)<\/span><\/span><\/div>\n<div class=\"text-description\">\n<p>Con la opci\u00f3n de usarlo, lo que agrega un aire de talento casual, es ideal para capas y se puede usar sobre tejidos finos o chaquetas livianas para mayor calidez. <\/p>\n<p>Cuando Springtime sea m\u00e1s prominente, comb\u00ednelo con una camiseta o un jersey.<\/p>\n<p>Ideal para los d\u00edas ocupados de los recados, los almuerzos relajados o esos paseos tranquilos, este encantador abrigo se convertir\u00e1 en un elemento b\u00e1sico de vestuario, casando la comodidad con un estilo tan elegante.<\/p>\n<p>Pase mismo el suave abrigo acolchado de Boden y Sashay a trav\u00e9s de la primavera con estilo.<\/p>\n<p>Boden no es el \u00fanico lugar para haber lanzado su ropa de primavera con anticipaci\u00f3n, con Marks y Spencer y Roman burl\u00e1ndose de algunas nuevas piezas listas para la primavera. <\/p>\n<\/div>\n<\/div>\n\n","protected":false},"excerpt":{"rendered":"<p>La primavera es la temporada ideal para darle a su guardarropa un poco de actualizaci\u00f3n y la colecci\u00f3n m\u00e1s nueva de Boden nos da una inspiraci\u00f3n seria para los d\u00edas m\u00e1s c\u00e1lidos por delante. Con el clima fr\u00edo todav\u00eda aqu\u00ed, estamos fantaseando con los d\u00edas m\u00e1s largos y el clima m\u00e1s c\u00e1lido en la primavera, &hellip;<\/p>\n","protected":false},"author":1,"featured_media":13918,"comment_status":"open","ping_status":"open","sticky":false,"template":"","format":"standard","meta":{"fifu_image_url":"https:\/\/cdn.images.express.co.uk\/img\/dynamic\/12\/1200x630\/5945063.jpg","fifu_image_alt":"","footnotes":""},"categories":[10],"tags":[],"class_list":["post-13916","post","type-post","status-publish","format-standard","has-post-thumbnail","","category-moda"],"_links":{"self":[{"href":"https:\/\/noticiasveraces.com\/index.php?rest_route=\/wp\/v2\/posts\/13916","targetHints":{"allow":["GET"]}}],"collection":[{"href":"https:\/\/noticiasveraces.com\/index.php?rest_route=\/wp\/v2\/posts"}],"about":[{"href":"https:\/\/noticiasveraces.com\/index.php?rest_route=\/wp\/v2\/types\/post"}],"author":[{"embeddable":true,"href":"https:\/\/noticiasveraces.com\/index.php?rest_route=\/wp\/v2\/users\/1"}],"replies":[{"embeddable":true,"href":"https:\/\/noticiasveraces.com\/index.php?rest_route=%2Fwp%2Fv2%2Fcomments&post=13916"}],"version-history":[{"count":0,"href":"https:\/\/noticiasveraces.com\/index.php?rest_route=\/wp\/v2\/posts\/13916\/revisions"}],"wp:featuredmedia":[{"embeddable":true,"href":"https:\/\/noticiasveraces.com\/index.php?rest_route=\/wp\/v2\/media\/13918"}],"wp:attachment":[{"href":"https:\/\/noticiasveraces.com\/index.php?rest_route=%2Fwp%2Fv2%2Fmedia&parent=13916"}],"wp:term":[{"taxonomy":"category","embeddable":true,"href":"https:\/\/noticiasveraces.com\/index.php?rest_route=%2Fwp%2Fv2%2Fcategories&post=13916"},{"taxonomy":"post_tag","embeddable":true,"href":"https:\/\/noticiasveraces.com\/index.php?rest_route=%2Fwp%2Fv2%2Ftags&post=13916"}],"curies":[{"name":"wp","href":"https:\/\/api.w.org\/{rel}","templated":true}]}}