{"id":13908,"date":"2025-02-09T06:20:11","date_gmt":"2025-02-09T10:20:11","guid":{"rendered":"https:\/\/noticiasveraces.com\/?p=13908"},"modified":"2025-02-09T06:20:11","modified_gmt":"2025-02-09T10:20:11","slug":"habra-tribunales-de-arbitraje-dw-07-07-2025","status":"publish","type":"post","link":"https:\/\/noticiasveraces.com\/?p=13908","title":{"rendered":"Habr\u00e1 Tribunales de Arbitraje &#8211; DW &#8211; 07\/07\/2025"},"content":{"rendered":"<p> \n<\/p>\n<div>\n<p>PARA LOS HEREDEROS DE COLECCONISTAS DE ARTE JUD\u00cdOS, QUE SUFRIERON Expropiaciones O Fueron Obligados por Los Nazisa Vender Las Obras, El 8 de Enero de 2025 Fue Un D\u00eda para Recordar: El Gabinete del Gobierno de Alemania Allan\u00f3 El Camino para Modificar El Procedimiento de Devoluci\u00f3n de Devoluci\u00f3n de Devoluci\u00f3n de Devoluci\u00f3n de Devoluci\u00f3n de Devoluci\u00f3n de Devoluci\u00f3n de Devoluci\u00f3n de Devoluci\u00f3n de Devoluci\u00f3n de Devoluci\u00f3n de Devoluci\u00f3n de Devoluci\u00f3n de Devoluci\u00f3n de Devoluci\u00f3n de Devoluci\u00f3n de Devoluci\u00f3n de Devoluci\u00f3n de Devoluci\u00f3n de Devoluci\u00f3n de Devoluci\u00f3n de Devoluci\u00f3n.<\/p>\n<p>Este significado que la \u00abcomisi\u00f3n asesora en relaci\u00f3n con la devoluci\u00f3n de bienes culturales confiscados como resultado de la persecuci\u00f3n nazi, especialmenta de bienes Jud\u00edos\u00bb Pronto Ser\u00e1 Historia. La Comisi\u00f3nelbach, Llamada as\u00ed por su Primera Presidenta, La Abogada Jutta, la Comisi\u00f3nelbach, Llamada As\u00ed por su Primera Presidenta, La Abogada Jutta, la Comisi\u00f3nelbach, Llamada As\u00ed por su Primera Presidenta, La Abogada Jutta, la Comisi\u00f3nelbach, Llamada as\u00ed por su Primera, la abogada juttada, la Comisi\u00f3mica, Llamada, Llamada As\u00ed por su Primera, la abogada jutta, la Commisham\u00e1, Lim\u00e1dora, Llamada, Lamlada, As\u00ed, la presidenta, la abogada jutt\u00e1, la Comis\u00f3 Limbach, Llamada, ASI, ABOGADA, ABOGADAD Por Tribunales de Arbitraje. Cryticas Contra La Disoluci\u00f3n de Dicha Comisi\u00f3n.<\/p>\n<p>Durante la dicta\u00f1a nazi, Cientos de Miles de Obras de Arte Fueron Arrebatadas A Sus Propietario, en Su Mayor\u00eda Jud\u00edos, ya medianito marino Expropiaci\u00f3n DirectA o de otras formas morales cuestionables, coo las vas para forzadas. Los Expertos C\u00e1lculos que S\u00f3lo en Alemania Existen al Menos 200.000.<\/p>\n<p>Estas Obras Han Cambiado de Propietario Varias Veces en Las \u00daltimas D\u00e9cadas. Muchos de los Nueva Due\u00f1os no se apuran en ceder un las demandas de restituci\u00f3n, Sobre para porque DiCen Haber adquirido los Objetos \u00abde Buena fe\u00bb en el Comercio del Arte en Los Tiempos de la Posgura.<\/p>\n<p><span data-slot-id=\"Article_InContent-1\" class=\"rich-text-ad\"\/><\/p>\n<h2>En Alemania no hay heno ley de restituci\u00f3<\/h2>\n<p>A Diferencia de Francia y Austria, en Alemania no hay una ley de restituci\u00f3n, y Todos el los intentos de implement una una fracasaron debido al escepticismo de pol\u00cdTICOS y curadores de museos. Una ley de restituci\u00f3n \u00abNo tenderr\u00eda relevancia, ya que ning\u00fan Museo Estatal en Alemania Puede Permitirse No Devolver Una Obra de Arte A Los Herederos de Los Propietarios Legalas, SI ESA OBRES IDENTIFADADA COMO ARTE ARTE ROBADO\u00bb, Explic\u00f3 a Dw Hermann Parzinger, Presidente de La Fundaci\u00f3n del Patrimonio Cultural Prusiano, EN 2015. M\u00e1s Bien, Habr\u00eda que Invertir en Investigaciones Sobre La Procedencencia Y, Sobre TODO, apoyar a Los Museos M\u00e1s Peque\u00f1os en Susfuerzos por Revisar Sus Dep\u00f3sitos en Busca de Arte -Saqueado, Indic\u00f3.<\/p>\n<p>De Hecho, Todav\u00eda en 2025 No hay una base legal Vinculante para los Herederos de las V\u00edctimas Que les Permita Presentar Demandas de Restituci\u00f3 prescritas. Los Expertos consideran que sean inaceptables, especialmente en Alemania, El \u00abPa\u00eds de los Perpetradores\u00bb.<\/p>\n<figure class=\"placeholder-image master_landscape big\"><img data-format=\"MASTER_LANDSCAPE\" data-id=\"64801481\" data-url=\"https:\/\/static.dw.com\/image\/64801481_${formatId}.jpg\" data-aspect-ratio=\"16\/9\" alt=\"El \u00d3lo &quot;La Se\u00f1ora Soler&quot; (1903), de Pablo Picasso.\" style=\"padding-bottom: 56.25%; height: 0; max-height: 0;\"\/><figcaption class=\"img-caption\">El \u00d3Leo \u00abLa Se\u00f1ora Soler\u00bb (1903), de Pablo Picasso en la Exposici\u00f3n de la Pinacoteca de Arte Moderno de M\u00fanich.<small class=\"copyright\">Imagen: Felix H\u00f6rhager\/DPA\/Picture Alliance<\/small><\/figcaption><\/figure>\n<p>En 1998, Alemania Aprrob\u00f3 la Declaraci\u00f3n de Washington, Un documento en el que 44 Estados y Numerosas Organizaciones y Asociaciones de V\u00edciMas Coincidieron en la Exigencia de Una \u00abSoluci\u00f3n Justa y Equitiva\u00bb A Los Casos de Arte Saqueado por Los Nazis. LA Comisi\u00f3n Era Limbach Precisamente de la implementaci\u00f3n de la implementaci\u00f3n de los \u00abPrincipios de Washington\u00bb y de la Regulacia de Casos Controverstidos.<\/p>\n<p>PERO ESA COMISI\u00d3N S\u00d3NO PODIA DICTAR RECOMENDACIONES NO VINCULANTES, Y \u00daNICAME ACTUABA SI ERA CONVOBADA POR Ambas Partes. EN 20 A\u00f1os Pudo S\u00f3lo Tratar 25 Casos. \u00abA Primera Vista, Parece Vergonzoso\u00bb, Dice El Presidente de la Comisi\u00f3n y Expresidente del Tribunal Constitucional de Alemania, Hans-J\u00fcrgen Papier \u00ab. Cuando Ambas Partes se lo piden, es decir, las v\u00edctimas o sus descendientes, por unvo, y el organismo que preserva los bienes culturales, por el otoTro. Y LamentAblemento, un Menudo, Los Organismos que preservan los Bienes Culturales No Han Dado Su Consentimento a la Solicitud \u00ab.<\/p>\n<p>Sin embargo, Los Casos Tratados por la Comisi\u00f3n Tienen \u00abUn Gran ImpactO\u00bb, Afirma Papier. Ante la Comisi\u00f3n Terminaron Procedimientos Especialmentos Complejos. FRECUENTENTE Negociacionas O Mediaci\u00f3n Extrajudicial.<\/p>\n<p>El Jurista Papier Explic\u00f3 Durante un Discurso en la celebraci\u00f3n de los 20 A\u00f1os de la Comisi\u00f3n que en Alemania se Han Asumido Compromisos Pol\u00edticos y Morales Desde Hace Dos D\u00e9cadas. Pero: \u00ab\u00a1No existe un conjunto de reglas legal Vinculantes!\u00bb, Critic\u00f3. La Comisi\u00f3n Debe Fortalecerse, por Ejemplo, Mediante un recurso unilateral y un carcelante Vinculante de sus decisiones.<\/p>\n<p>POCO DESPU\u00c9S, Los Ministros de Cultura de Los Estados Alemanes y la Ministra Federal de Cultura, Claudia Roth, Decidieron Disolver La Comisi\u00f3n, Lo Cual Fue Confirmado Por El Gabinete Federal.<\/p>\n<figure class=\"placeholder-image master_landscape big\"><img data-format=\"MASTER_LANDSCAPE\" data-id=\"71477625\" data-url=\"https:\/\/static.dw.com\/image\/71477625_${formatId}.jpg\" data-aspect-ratio=\"16\/9\" alt=\"El Profesor Hans-J\u00fcrgen Papier, Presidente de La Comisi\u00f3n Limbach para la Restituci\u00f3n del Arte Robado por Los Nazis.\" style=\"padding-bottom: 56.25%; height: 0; max-height: 0;\"\/><figcaption class=\"img-caption\">El Profesor Hans-J\u00fcrgen Papier, Presidente de La Comisi\u00f3n Limbach para la Restituci\u00f3n del Arte Saqueado por Los Nazis.<small class=\"copyright\">Imagen: hrschulz\/imago<\/small><\/figcaption><\/figure>\n<h2>Tribunales de Arbitraje: pros y contras<\/h2>\n<p>\u00abEl proceso de arbitraje previsto empeora flagrantemente la situaci\u00f3n de las v\u00edctimas\u201d, afirma Hans-J\u00fcrgen Papier junto con numerosos representantes de las v\u00edctimas, entre ellos, expertos en restituci\u00f3n, abogados de las v\u00edctimas y descendientes de estas, en una carta abierta al canciller Olaf Scholz de Enero de 2025.<\/p>\n<p>\u00abCon las Nueva Normas de Restituci\u00f3, Grupos Enteros de V\u00edciMas, Como por eJemplo los Comerciantes de Arte Perseguidos, ya no PUEDEN RECUPERAR LAS Obras de Arte Que Fueron Fueron BAJO LA PRESI\u00d3N DE LA PERSECUCUCIONE LA LA AUTORES AUTORES. Y y E\u00f1aden: \u00abAquellos Perseguidos que Tuvieron Que Vender Bienes Culturales en Relaci\u00f3n Con Su Huida de La Alemania Nazi o de Un Pa\u00eds Ocupado Por Los Nazis Tambi\u00e9n Recibir\u00e1n En El Futuro S\u00f3lo un Un Derecho Muy Limitado a la Restituci\u00f3n\u00bb.<\/p>\n<p>Representantes de Coleciones P\u00fablicas Bajo Demanda de restituci\u00f3n Ven la Reforma Como \u00abProgreso\u00bb, Seg\u00fan Dijeron A DW Varias Instituciones Y Museos Consultados, Criticando la \u00abImpedecibilidad Jur\u00eddica\u00bb de la comisi\u00f3n Limbach, La falta de transparencia y la dudos dudados \u00abde la comisi\u00f3n, la falta de transparencia y la dudos de la dudas de la dudas\u00bb de la comisi\u00f3n, la falta de la transparencia y la dudos dudados \u00abde la comisi\u00f3n de la compara de la transparencia y la dudos dudas\u00bb de la dudos de la cena y la dudas de la cable de la transparencia y la dudas y la dudas de la dudas de la dudas y la dudos de la transparencia y la dudos de la transparencia y la dudos y la dudas de la dudos de la transparencia. Los Miembros.<\/p>\n<p>De los Tribunales de Arbitraje Esperan \u00abUna Labor Jur\u00eddica m\u00e1s S\u00f3lida y objetiva\u00bb. Hans-J\u00fcrgen Papier Cree que la Decisioon de Disolvente la Comisi\u00f3nica Limbach no se revertira. Por Model Que Funcione.<\/p>\n<p>(CP\/ER)<\/p>\n<\/div>\n\n","protected":false},"excerpt":{"rendered":"<p>PARA LOS HEREDEROS DE COLECCONISTAS DE ARTE JUD\u00cdOS, QUE SUFRIERON Expropiaciones O Fueron Obligados por Los Nazisa Vender Las Obras, El 8 de Enero de 2025 Fue Un D\u00eda para Recordar: El Gabinete del Gobierno de Alemania Allan\u00f3 El Camino para Modificar El Procedimiento de Devoluci\u00f3n de Devoluci\u00f3n de Devoluci\u00f3n de Devoluci\u00f3n de Devoluci\u00f3n de &hellip;<\/p>\n","protected":false},"author":1,"featured_media":13909,"comment_status":"open","ping_status":"open","sticky":false,"template":"","format":"standard","meta":{"fifu_image_url":"https:\/\/static.dw.com\/image\/66338887_6.jpg","fifu_image_alt":"","footnotes":""},"categories":[13],"tags":[],"class_list":["post-13908","post","type-post","status-publish","format-standard","has-post-thumbnail","","category-mundo"],"_links":{"self":[{"href":"https:\/\/noticiasveraces.com\/index.php?rest_route=\/wp\/v2\/posts\/13908","targetHints":{"allow":["GET"]}}],"collection":[{"href":"https:\/\/noticiasveraces.com\/index.php?rest_route=\/wp\/v2\/posts"}],"about":[{"href":"https:\/\/noticiasveraces.com\/index.php?rest_route=\/wp\/v2\/types\/post"}],"author":[{"embeddable":true,"href":"https:\/\/noticiasveraces.com\/index.php?rest_route=\/wp\/v2\/users\/1"}],"replies":[{"embeddable":true,"href":"https:\/\/noticiasveraces.com\/index.php?rest_route=%2Fwp%2Fv2%2Fcomments&post=13908"}],"version-history":[{"count":0,"href":"https:\/\/noticiasveraces.com\/index.php?rest_route=\/wp\/v2\/posts\/13908\/revisions"}],"wp:featuredmedia":[{"embeddable":true,"href":"https:\/\/noticiasveraces.com\/index.php?rest_route=\/wp\/v2\/media\/13909"}],"wp:attachment":[{"href":"https:\/\/noticiasveraces.com\/index.php?rest_route=%2Fwp%2Fv2%2Fmedia&parent=13908"}],"wp:term":[{"taxonomy":"category","embeddable":true,"href":"https:\/\/noticiasveraces.com\/index.php?rest_route=%2Fwp%2Fv2%2Fcategories&post=13908"},{"taxonomy":"post_tag","embeddable":true,"href":"https:\/\/noticiasveraces.com\/index.php?rest_route=%2Fwp%2Fv2%2Ftags&post=13908"}],"curies":[{"name":"wp","href":"https:\/\/api.w.org\/{rel}","templated":true}]}}