{"id":13898,"date":"2025-02-09T03:25:09","date_gmt":"2025-02-09T07:25:09","guid":{"rendered":"https:\/\/noticiasveraces.com\/?p=13898"},"modified":"2025-02-09T03:25:09","modified_gmt":"2025-02-09T07:25:09","slug":"tebas-puede-quedarse-tranquilo-porque-aqui-nieie-ha-perdido-la-cabeza","status":"publish","type":"post","link":"https:\/\/noticiasveraces.com\/?p=13898","title":{"rendered":"\u00abTebas Puede Quedarse Tranquilo Porque Aqu\u00ed Nieie Ha Perdido la Cabeza\u00bb"},"content":{"rendered":"<p> \n<\/p>\n<div id=\"intext\">\n<p>El Abrenador del Real Madrid, Carlo Ancelotti, HA Comparecido en Rueda de Prensa para analizar El <b>Derbi Liguero Contra El Atl\u00e9tico de Madrid<\/b> Y, de Paso, Ha Mandado Un Mensaje A Javier Tebas, Quien Asegur\u00f3 Que <b>El Club Blanco \u00abHa Perdido la Cabeza\u00bb<\/b> interno <b>Su Cruzada Contra El Estamento Arbitral<\/b>.<\/p>\n<h2 class=\"title-h2\">Mensace A Tebas<\/h2>\n<p>\u00abESTO ES UN TEMA QUE ANTES DE UNO PARTIDO TAN IMPORTANTE NO ME GUSTAR\u00cdA TOCAR, PERO TEBAS TENENE QUE ESTAR TRANQUILO PORQUE NADIE HA PERDIDO LA CABEZA. Todos Piensan Que es un sistema que favorece una madrid &#8230; y cuando el madrid quiere cambiar el sistema, todos est\u00e1n en contra \u00ab<\/p>\n<h2 class=\"title-h2\">\u00bfPresiona El Madrid a Los \u00c1rbitros?<\/h2>\n<p>\u00abA M\u00ed no yo consta. El Real Madrid Quiere Cambiar Un Sistema Que no le Gusta\u00bb<\/p>\n<h2 class=\"title-h2\">Derbi madrile\u00f1o en liga<\/h2>\n<p>\u00abEs un partido muy importante para los dos equipos que Estamos Peleando por intento Ganar esta Competici\u00f3n. El derbi es un partido muy especial, Ante un rival que est\u00e1 muy fuerte. Nada nada nuevo en la de la presagido, el rival al rives al -nos affrentamos Tiene TODO para competir \u00ab<\/p>\n<h2 class=\"title-h2\">Actitud Defensiva<\/h2>\n<p>\u00abYo Creo que el Aspecto Defensivo te da una solidez que cuando los delanteros no aciertan, sacas un resultado. Los cuatro de arriba Han marcado 60 goles, que es mucho &#8230; Un Trabajo Colectivo.<\/p>\n<h2 class=\"title-h2\">Derrotas Ante Rivales Grandes<\/h2>\n<p>\u00abMa\u00f1ana Necesitamos los Tres Puntos porque IMPORTANTE, no Hemos sacado nuestra mejor versi\u00f3n contra los rivales m\u00e1s duros\u00bb<\/p>\n<h2 class=\"title-h2\">Audios del var<\/h2>\n<p>\u00abNo los hemos recibido y por que no no quieren dar &#8230; no lo s\u00e9, tienes que preguntarle a ellos [&#8230;] Solo audios de hemos pedido, algunas veces lo han sacado y otras veces no. No Creo que Hayamos Pedido algo de Secreto. Solo Queremos Saber C\u00d3MO Han Manejado Esta Jugada, No hay nada de perverso \u00ab<\/p>\n<h2 class=\"title-h2\">Bajas en la Zaga<\/h2>\n<p>\u00abNo lo s\u00e9. A Veces Ha Falturado un Poco de Equilibrio, eSo es Cierto. Y Alguno Pensar\u00e1 Que Quitando A Uno de Arriba, SE Resuelve el Problema. Pero no es as\u00ed. El problema defensivo es de esper Colectivo. la temporada. Hemos sacado \u00ab<\/p>\n<h2 class=\"title-h2\">Vuelven Lucas y Camavinga<\/h2>\n<p>\u00abHab\u00eda dudas con la alineaci\u00f3n, Lucas y camavosa, pero se resuelto Hoy. Est\u00e1n Disponibles. Pondr\u00e9 Un una vez que Pueda Darnos Calidad y Compromiso, Son las Llaves del \u00c9xito. Trabajando para IGualarlo \u00ab<\/p>\n<h2 class=\"title-h2\">Kylian Mbapp\u00e9<\/h2>\n<p>\u00abLo he Dicho Muchas Veces: Ha Llegado Con Humildad, Muy Bien, Sin Exigencias. Ha Necesitado Tiempo, Pero Se Ha adaptado Muy Bien al Equipo, Como el \u00fapose a \u00e9l. Los datos est\u00e1n ah\u00ed, no le podios pedir m\u00e1s. Estamos muy Contentos \u00ab<\/p>\n<h2 class=\"title-h2\">Los Tuits del Atleti<\/h2>\n<p>\u00abYo te explico lo que hemos hecho nosotros. Los que han jugado en copa hicieron recuperaci\u00f3n, gimnasio y piscina. El resta, trabajo de intensidad. Y hoyos, algo t\u00e1cico, pero poco. Unos 10-15 minutos. La t\u00e1ctica.<\/p>\n<h2 class=\"title-h2\">Muchos Minutos de Valverde<\/h2>\n<p>\u00abA Nosotros Nos Preocupa que seas lesionen los Jugadores, Claro, Pero Fede, Adem\u00e1s de Querer Jugar Siempre, Ahora es indispensable por Las Bajas que Tenemos. Porque Puede Ser Pivote o Landal DeRecho, Dando Descanso a Lucas, por ejemplo, queiMplo. Peque\u00f1o Problema \u00ab<\/p>\n<h2 class=\"title-h2\">Defensas pesimistas<\/h2>\n<p>\u00abYo Creo Que Ra\u00fal es Pesimista por lo que tiene Mucha poyecci\u00f3n. Creo que jacobo tambi\u00e9n &#8230; El \u00fanico que era m\u00e1s optimista de lo normal era militao, pero ahora estoy un poco m\u00e1s trancilo\u00bb \u00ab<\/p>\n<h2 class=\"title-h2\">Dani ceballos<\/h2>\n<p>\u00abHa Tomado M\u00e1s protagonismo, porque siempre est\u00e1 presente, en ataque y defensa. Ha mejorado su condici\u00f3n f\u00edsica y eso es importante. El Manejo de los Tiempos de Juego es algo que hace muy bien\u00bb<\/p>\n<h2 class=\"title-h2\">Rodrygo va<\/h2>\n<p>\u00abDe Los 60 Goles, Rodrygo Tambi\u00e9n ha Particy. Es un Jugador de Gran Calidad como los otros, no tengo la idea de para para buscar el equilibrio tenga que quitar a uno o dos\u00bb<\/p>\n<h2 class=\"title-h2\">Semana Caldeada<\/h2>\n<p>\u00abYo ha descolocado tu pregunta, porque cuando me habras de redes sociales, yo soh de la Vieja generaci\u00f3n. invisible.<\/p>\n<h2 class=\"title-h2\">Ramos y el dorsal 93<\/h2>\n<p>\u00abNo S\u00e9 Porqu\u00e9 Ha Cogido eSe N\u00daMero (r\u00ede), Pero Todos Sabemos que es una Leyenda del Club. Solo le Puedo desear muy sureta y s\u00e9 que el pueblo mexicano lo va a un desfrutar\u00bb<\/p>\n<p><i>S\u00edguenos en Nuestro Canal de Whatsapp y No te Pierdas la \u00daLtima Hora y Toda la actualidad de antena3noticias.com<\/i><\/p>\n<div class=\"recirculation-video\" data-mod=\"a3mod_recirculation_video\">\n<div class=\"recirculation-video-wrapper\">\n<div>\n<div class=\"video-wrapper\">\n  <picture class=\"video-main-picture\"><source media=\"(min-width: 481px)\" srcset=\"https:\/\/fotografias.antena3.com\/clipping\/cmsimages01\/2025\/02\/06\/815CAF1E-3390-4D67-A38B-C4DE500130ED\/kirian-rodriguez-rueda-prensa_94.jpg?crop=1920,1080,x0,y32&amp;width=800&amp;height=450&amp;optimize=medium&amp;format=webply\" width=\"800\" height=\"450\"><source media=\"(min-width: 391px) and (max-width: 480px)\" srcset=\"https:\/\/fotografias.antena3.com\/clipping\/cmsimages01\/2025\/02\/06\/815CAF1E-3390-4D67-A38B-C4DE500130ED\/kirian-rodriguez-rueda-prensa_70.jpg?crop=1920,1080,x0,y32&amp;width=480&amp;height=270&amp;optimize=high&amp;format=webply\" width=\"480\" height=\"270\"><source media=\"(min-width: 321px) and (max-width: 390px)\" srcset=\"https:\/\/fotografias.antena3.com\/clipping\/cmsimages01\/2025\/02\/06\/815CAF1E-3390-4D67-A38B-C4DE500130ED\/kirian-rodriguez-rueda-prensa_92.jpg?crop=1920,1078,x0,y33&amp;width=390&amp;height=219&amp;optimize=high&amp;format=webply\" width=\"390\" height=\"219\"><source media=\"(max-width: 320px)\" srcset=\"https:\/\/fotografias.antena3.com\/clipping\/cmsimages01\/2025\/02\/06\/815CAF1E-3390-4D67-A38B-C4DE500130ED\/kirian-rodriguez-rueda-prensa_52.jpg?crop=1920,1080,x0,y32&amp;width=320&amp;height=180&amp;optimize=high&amp;format=webply\" width=\"320\" height=\"180\"><img decoding=\"async\" title=\"Kirian Rodr\u00edguez en Rueda de Prensa\" alt=\"Kirian Rodr\u00edguez en Rueda de Prensa\" width=\"480\" height=\"270\" src=\"https:\/\/fotografias.antena3.com\/clipping\/cmsimages01\/2025\/02\/06\/815CAF1E-3390-4D67-A38B-C4DE500130ED\/kirian-rodriguez-rueda-prensa_70.jpg?crop=1920,1080,x0,y32&amp;width=480&amp;height=270&amp;optimize=high&amp;format=webply\" loading=\"lazy\" class=\"lazy\"\/><br \/>\n  <\/source><\/source><\/source><\/source><\/picture>\n <\/div>\n<\/div><\/div>\n<\/p><\/div>\n<\/div>\n\n","protected":false},"excerpt":{"rendered":"<p>El Abrenador del Real Madrid, Carlo Ancelotti, HA Comparecido en Rueda de Prensa para analizar El Derbi Liguero Contra El Atl\u00e9tico de Madrid Y, de Paso, Ha Mandado Un Mensaje A Javier Tebas, Quien Asegur\u00f3 Que El Club Blanco \u00abHa Perdido la Cabeza\u00bb interno Su Cruzada Contra El Estamento Arbitral. Mensace A Tebas \u00abESTO ES &hellip;<\/p>\n","protected":false},"author":1,"featured_media":13900,"comment_status":"open","ping_status":"open","sticky":false,"template":"","format":"standard","meta":{"fifu_image_url":"https:\/\/fotografias.antena3.com\/clipping\/cmsimages02\/2025\/02\/07\/F16B6773-B668-4045-98C3-FFE74E25CE80\/carlo-ancelotti-sala-prensa-valdebebas_69.jpg?crop=1920,1080,x0,y87&width=1280&height=720&optimize=low&format=jpg","fifu_image_alt":"","footnotes":""},"categories":[6],"tags":[],"class_list":["post-13898","post","type-post","status-publish","format-standard","has-post-thumbnail","","category-deportes"],"_links":{"self":[{"href":"https:\/\/noticiasveraces.com\/index.php?rest_route=\/wp\/v2\/posts\/13898","targetHints":{"allow":["GET"]}}],"collection":[{"href":"https:\/\/noticiasveraces.com\/index.php?rest_route=\/wp\/v2\/posts"}],"about":[{"href":"https:\/\/noticiasveraces.com\/index.php?rest_route=\/wp\/v2\/types\/post"}],"author":[{"embeddable":true,"href":"https:\/\/noticiasveraces.com\/index.php?rest_route=\/wp\/v2\/users\/1"}],"replies":[{"embeddable":true,"href":"https:\/\/noticiasveraces.com\/index.php?rest_route=%2Fwp%2Fv2%2Fcomments&post=13898"}],"version-history":[{"count":0,"href":"https:\/\/noticiasveraces.com\/index.php?rest_route=\/wp\/v2\/posts\/13898\/revisions"}],"wp:featuredmedia":[{"embeddable":true,"href":"https:\/\/noticiasveraces.com\/index.php?rest_route=\/wp\/v2\/media\/13900"}],"wp:attachment":[{"href":"https:\/\/noticiasveraces.com\/index.php?rest_route=%2Fwp%2Fv2%2Fmedia&parent=13898"}],"wp:term":[{"taxonomy":"category","embeddable":true,"href":"https:\/\/noticiasveraces.com\/index.php?rest_route=%2Fwp%2Fv2%2Fcategories&post=13898"},{"taxonomy":"post_tag","embeddable":true,"href":"https:\/\/noticiasveraces.com\/index.php?rest_route=%2Fwp%2Fv2%2Ftags&post=13898"}],"curies":[{"name":"wp","href":"https:\/\/api.w.org\/{rel}","templated":true}]}}