{"id":13891,"date":"2025-02-09T02:12:10","date_gmt":"2025-02-09T06:12:10","guid":{"rendered":"https:\/\/noticiasveraces.com\/?p=13891"},"modified":"2025-02-09T02:12:10","modified_gmt":"2025-02-09T06:12:10","slug":"rd-congo-lo-peor-aun-puede-estar-por-venir-advierte-el-alto-comisionado-dada-la-escalada-de-violencia","status":"publish","type":"post","link":"https:\/\/noticiasveraces.com\/?p=13891","title":{"rendered":"Rd Congo: \u00abLo Peor a\u00fan Puede Estar Por Venir\u00bb, Advierte el Alto Comisionado Dada la Escalada de Violencia"},"content":{"rendered":"<p> \n<\/p>\n<div>\n<p>El Alto Comisionado de Las Naciones Unidas para Los Los Derechos Humanos Expres\u00f3 Gran Preocupacia por la <strong>Escalada de Violencia en el Este <\/strong>de la Rep\u00fablica dem\u00f3crata del Congo (RDC), Provocada por la ofensiva del M23, apoyada por Ruanda. <\/p>\n<p>\u00ab<strong>Si no se hace nada, lo peor todav\u00eda pude estar por venir<\/strong> Para la Poblacia de Esa Zona de la Rep\u00fablica Dem\u00f3crata del Congo, y Tambi\u00e9n para la que se Encuentra m\u00e1s All\u00e1 de las Fronteras \u201d, Advirti\u00f3 Este Viernes Volker T\u00fcrk Ante el Consejo de Derechos.<\/p>\n<p>En una sesi\u00f3n especial de \u00e9se \u00d3rgano Con Base en Ginebra, T\u00fcrk indic\u00f3 que del 26 de enero a la fecha <strong>Han Muerto Unas 3000 Personas y Casi 2900 Han resultado Heridas<\/strong> en ataques del m23 y sus aliados, que ha utilizado armas pesadas en \u00c1REAS POBLADAS.<\/p>\n<p>EL M23 Y Las Fuerzas Armadas Congole\u00f1as Han Tenido Enfentamientos Muy Violentos, A\u00f1adi\u00f3.<\/p>\n<p>T\u00fcrk Inst\u00f3 a Todas Las Partes A Entavar Un Di\u00e1logo y Cesar las Hostilidadas, Subrayando que una soluci\u00f3n militar S\u00f3lo Profundizar\u00eda El ConflactO. \u00abEl Riesgo de Escalada en Toda la Subregi\u00f3n Nunca Ha Sido Mayor\u00bb, Insisti\u00f3.<\/p>\n<h2>Regi\u00f3n Rica en minerales<\/h2>\n<p>Las hostilidas contin\u00faas sen tregua en las provincias congole\u00f1as de <strong>Kivu del Norte y Kivu del Sur, Ricas en minerales<\/strong> Y Caracterizadas Durante D\u00e9cadas por la Inestabilidad Provocada por una proliferaci\u00f3n de Grupos Armados que Han Desplazado A Cientos de Miles de Personas.<\/p>\n<p>Los combates se intensifican a Finales de Enero Cuando los combatientes del M23, de Mayor\u00eda Tutsi, Tomaron el Control de Partes de Kivu del Norte, Incluidas Zonas Cercanas A Goma -la Capital de la Provincia-, Y Avanzaron Hacia Kivu del Sur, Donde se Encuentra la Segunda Ciudad del Este Del Pa\u00eds, Bukavu.<\/p>\n<h2>Investigaci\u00f3n de misi\u00f3n<\/h2>\n<p>En este contexto, Los Estados Miembros del Consejo Aprobaron la Creaci\u00f3 de Una <strong>Misi\u00f3n para Investigar Las violaciones Extreme de Los Derechos Humanos<\/strong> Y de las Leyes Humanitarias Internacionales que se cometen en Ambas Provincias.<\/p>\n<p>La Resoluci\u00f3 que establece La Misi\u00f3n, Condena Dichos Abusos, con particular Enfasis en <strong>La Violencia Sexual Y La Violencia de G\u00e9nero<\/strong> relacionadas con el conflicto, las ejecuciones sumarias, los secuestros, las desapariciones forzadas, los ataques selectivos contra defensores de los derechos humanos, periodistas, otros agentes de la sociedad civil y el personal de mantenimiento de la paz, y el bombardeo de lugares de desplazados , Hospitales y Escuelas.<\/p>\n<p>El Mandato de la Misi\u00f3n, Que Estar\u00e1 Integrada por Tres Expertos, Tambi\u00e9n Abarca la Elaboracia de <strong>Recomendacional, en Sobre Medidas de Rendici\u00f3nica de Cuentas<\/strong>con Miras A Poner Fin a la Impunidad, Abordar sus causas Profundas, Y Garantizar El Acceso a la Justicia para Las V\u00edctimas.<\/p>\n<p>El texto tambi\u00e9n <strong>Condena El Apoyo Militar y Log\u00ednstico de Ruanda Al M23<\/strong> y exhorta a este grupo ya las fuerzas ruandesas un c\u00e9sar de inmediato las violaciones y abusos de los derechos humanos y del derecho internacionales humanitario en kivu del norte y kivu del sur.<\/p>\n<div class=\"context-un_news_full_width_credit_caption type-entermedia_image media media--type-entermedia-image media--view-mode-un-news-full-width-credit-caption\">\n<div class=\"field field--name-thumbnail field--type-image field--label-hidden field__item\"><img decoding=\"async\" src=\"https:\/\/global.unitednations.entermediadb.net\/assets\/mediadb\/services\/module\/asset\/downloads\/preset\/Libraries\/Production%20Library\/07-02-2025-OHCHR-Volker-Turk.jpg\/image1170x530cropped.jpg\" alt=\"Volker T\u00fcrk, Alto Comisionado de la Onu para Los Derechos Humanos, Habla en una sesi\u00f3n especial del Consejo de Derechos Humanos Sobre la Situaci\u00f3n en el Este de la Rep\u00fablica Dem\u00f3crata del Congo.\" title=\"Volker T\u00fcrk, Alto Comisionado de la Onu para Los Derechos Humanos, Habla en una sesi\u00f3n especial del Consejo de Derechos humanos Sobre la Situaci\u00f3n en el Este de la Rep\u00fablica Democr\u00e1tica del Congo.\" loading=\"lazy\" width=\"1170\" height=\"530\"\/>\n<\/div>\n<div class=\"field field--name-field-authors field--type-entity-reference field--label-hidden field__items\">\n<p>Consejo de Derechos Humanos\/Pascal Sim<\/p>\n<\/p><\/div>\n<p>Volker T\u00fcrk, Alto Comisionado de la Onu para Los Derechos Humanos, Habla en una sesi\u00f3n especial del Consejo de Derechos Humanos Sobre la Situaci\u00f3n en el Este de la Rep\u00fablica Dem\u00f3crata del Congo.<\/p>\n<\/div>\n<h2>Bombardeo de Hospitales y Violacia y Asesinato de Mujeres<\/h2>\n<p>En su exposici\u00f3nis ante el Consejo de Derechos Humanos, El Alto Comisionado Inform\u00f3 que el 27 de Enero, <strong>FUERON Bombardeados Dos Hospitales de Goma<\/strong>Matando e Hiriendo A Numerosos Pacientes, incluidos Mujeres y Ni\u00f1os.<\/p>\n<p>El Mismo d\u00eda se Produjo una fuga masiva de prisioneros de la c\u00e1rcel de muzenze, en goma, que dej\u00f3 al menos <strong>165 Reclusas Violadas Y, M\u00e1s Tarde, La Mayor\u00eda de Ellas Murieron en un incendio<\/strong> En Circunstancias sospechosas, Apunt\u00f3.<\/p>\n<p>\u00abEstoy <strong>Horrorizado por la Propagaci\u00f3 de la Violencia Sexual<\/strong>que ha sido una caracter\u00edstica atroz de este conflicto durante Mucho tiempo. Es probable que este empeore en las Circunstancias dales \u201d, Alert\u00f3 T\u00fcrk.<\/p>\n<p>Agreg\u00f3 que el personal de la onu est\u00e1 Verificando <strong>m\u00faltiples denuncias de violaci\u00f3n<\/strong>Violacia en Grupo y Esclavitud Sexual en Las Zonas de Conflicto del Este de la Rep\u00fablica Dem\u00f3crata del Congo.<\/p>\n<h2>\u00abTodos Estamos implicados\u00bb<\/h2>\n<p>El Alto Comisionado Pidio una Investigaci\u00f3n Independiente Sobre las violaciones de Derechos Humanos y <strong>urgi\u00f3 a la acci\u00f3n internacional<\/strong> Para Garantizar la Seguridad de Los Civiles y Los Trabajadores humanitarios.<\/p>\n<p>T\u00fcrk Recalc\u00f3 la Necesidad de Tal Esfuerzo Internacional para poner Fin al prolongo Conflictto, y Pugn\u00f3 Por <strong>Una Mayor Comprensi\u00f3n del Contexto Pol\u00edtico y Econ\u00f3mico<\/strong> en el que ocurre.<\/p>\n<p>\u201cLa Poblacia del Este de la Rep\u00fablica Dem\u00f3crata del Congo Est\u00e1 Sufriendo Terriblemento, Mientras que Muchos de los Productos que consumamos o Usamos, Como los Telefonos M\u00f3viles, Se Crean <strong>Minerales de Utilizando Del Este del Pa\u00eds. Todos Estamos Implicados<\/strong>\u00ab, Puntualiz\u00f3 El Alto Comisionado.<\/p>\n<h2>Situaci\u00f3n Catastr\u00f3fica<\/h2>\n<p>La representante especial y jefa de la misi\u00f3n de Paz de la onu en el pa\u00eds (Monusco), Bintou Keita, Tambi\u00e9n particip\u00f3 en la sesi\u00f3n <strong>es catastr\u00f3fica y a\u00fan se observan cad\u00e1veres en las cuales.<\/strong><\/p>\n<p>\u00abLOS <strong>j\u00f3venes hijo reclutados por la fuerza<\/strong> Y Los Defensores de Derechos Humanos, Activistas de la Sociedad Civil y Periodistas se Han Convertido en una poblaci\u00f3n en riesgo \u00ab, Dijo.<\/p>\n<p>La Misi\u00f3n Sigue Recibieto <strong>Solicitudes de Protecci\u00f3n<\/strong> Personas individuales de Esos Grupos, \u00abAs\u00ed Como de Las Autoridadas Judiciales amenazadas y en riesgo de representaci\u00f3n del m23 en las zonas bajos su control\u00bb, A\u00f1adi\u00f3.<\/p>\n<div class=\"context-un_news_full_width_credit_caption type-entermedia_image media media--type-entermedia-image media--view-mode-un-news-full-width-credit-caption\">\n<div class=\"field field--name-thumbnail field--type-image field--label-hidden field__item\"><img decoding=\"async\" src=\"https:\/\/global.unitednations.entermediadb.net\/assets\/mediadb\/services\/module\/asset\/downloads\/preset\/Collections\/Embargoed\/03-02-2025-WHO-DRC-mpox.jpg\/image1170x530cropped.jpg\" alt=\"Una Beb\u00e9 de Tres Semanas de Nacida Sufre Mpox y Recibe Atenci\u00f3n en el Hospital Kavumu en Kivu del Sur, Rep\u00fablica Democr\u00e1tica del Congo. (Archivo)\" title=\"Una Beb\u00e9 de Tres Semanas de Nacida Sufre Mpox y Recibe Atenci\u00f3n en el Hospital Kavumu en Kivu del Sur, Rep\u00fablica Democr\u00e1tica del Congo. (Archivo)\" loading=\"lazy\" width=\"1170\" height=\"530\"\/>\n<\/div>\n<p>Una Beb\u00e9 de Tres Semanas de Nacida Sufre Mpox y Recibe Atenci\u00f3n en el Hospital Kavumu en Kivu del Sur, Rep\u00fablica Democr\u00e1tica del Congo. (Archivo)<\/p>\n<\/div>\n<h2>Riesgos Sanitarios<\/h2>\n<p>Keita Subray\u00f3 Tambi\u00e9n los Peligros Sanitarios Vinculados A Los Combates \u00abEspecialmental El <strong>Resurgimiento del C\u00f3rlera y El Alto Riesgo de Mpox<\/strong>La Interrupci\u00f3nica Arrepentina de la Escolarizaci\u00f3n de Los Ni\u00f1os y El Aumento de la Violencia Relacionada Sexual ConflICTO y la Violencia de G\u00e9nero \u201d.<\/p>\n<p>La representante especial Detall\u00f3 Que, Seg\u00fan los informa M\u00e1s Recentes, El personal M\u00e9dico se Enfreshenta a Cortes de Electricidad y <strong>Carece de combustible para sus generadores necesarios para el functionamiento de servicios b\u00e1sicos<\/strong>incluidas Las Morgues.<\/p>\n<p>\u00abUna Vez M\u00e1s, Pido a la Comunidad Internacional que abogue por que la Asistencia Humanitaria Llegue A Goma de Inmediato\u00bb, Enfatiz\u00f3 Keita.<\/p>\n<h2>La rdc acusa a ruanda<\/h2>\n<p>Por su parte, El Ministro de Comunicaciones de la Rep\u00fablica Dem\u00f3crata del Congo, Patrick Muyaya Katembwe, Presente en la Sesi\u00f3n, se pronunci\u00f3 contra el <strong>Continuo Apoyo Log\u00edtico, Militar y Financiero<\/strong> De Pa\u00edses como ruanda a Los Grupos Armados que operan en territorio Congol\u00e9s.<\/p>\n<p>Katembwe Sostuvo Que El Apoyo de Ruanda al M23 Ha Alimentado la Violencia en El Este del Pa\u00eds Durante M\u00e1s de 30 A\u00f1os, \u201cExacerdo LA <strong>Guerra por Razones Vinculadas a la Explotacia de los Recursos<\/strong> Mineros Estrat\u00e9gicos de la Rep\u00fablica Dem\u00f3crata del Congo \u201d.<\/p>\n<h2>Ruanda refuta las acusaciones<\/h2>\n<p>El Embajador de Ruanda Ante la Onu en Ginebra, James Ngango, Responde Rechazando Esa Afirmaci\u00f3n y Asetur\u00f3 Que <strong>es inminente un ataque a gran escala contra su pa\u00eds<\/strong>.<\/p>\n<p>Asimismo, Acus\u00f3 a la \u00abCoalici\u00f3na apoyada por Kinshasa\u00bb de Almacenar una gran Cantidad de Armas y <strong>Equipo Militar Cerca de la Frontera Con Ruanda<\/strong>Principal en el Aeropuerto de Goma y sus alredores.<\/p>\n<p>\u201cEstas Armas incluyen Cohetes, drones Kamikaze y Ca\u00f1ones de Artiller\u00eda Pesada <strong>Capaces de disparar con precisi\u00f3n dentro del territorio de ruanda<\/strong>. Las Armas no Fueron Dirigidas Contra El M23 en el Teatro de Operaciones, Sino Que Fueron Dirigidas Directamento Contra Ruanda \u201d, Acus\u00f3.<\/p>\n<\/div>\n\n","protected":false},"excerpt":{"rendered":"<p>El Alto Comisionado de Las Naciones Unidas para Los Los Derechos Humanos Expres\u00f3 Gran Preocupacia por la Escalada de Violencia en el Este de la Rep\u00fablica dem\u00f3crata del Congo (RDC), Provocada por la ofensiva del M23, apoyada por Ruanda. \u00abSi no se hace nada, lo peor todav\u00eda pude estar por venir Para la Poblacia de &hellip;<\/p>\n","protected":false},"author":1,"featured_media":13893,"comment_status":"open","ping_status":"open","sticky":false,"template":"","format":"standard","meta":{"fifu_image_url":"https:\/\/global.unitednations.entermediadb.net\/assets\/mediadb\/services\/module\/asset\/downloads\/preset\/Collections\/Embargoed\/31-01-2025-WFP-DR-Congo-01.jpg\/image770x420cropped.jpg","fifu_image_alt":"","footnotes":""},"categories":[3],"tags":[],"class_list":["post-13891","post","type-post","status-publish","format-standard","has-post-thumbnail","","category-negocio"],"_links":{"self":[{"href":"https:\/\/noticiasveraces.com\/index.php?rest_route=\/wp\/v2\/posts\/13891","targetHints":{"allow":["GET"]}}],"collection":[{"href":"https:\/\/noticiasveraces.com\/index.php?rest_route=\/wp\/v2\/posts"}],"about":[{"href":"https:\/\/noticiasveraces.com\/index.php?rest_route=\/wp\/v2\/types\/post"}],"author":[{"embeddable":true,"href":"https:\/\/noticiasveraces.com\/index.php?rest_route=\/wp\/v2\/users\/1"}],"replies":[{"embeddable":true,"href":"https:\/\/noticiasveraces.com\/index.php?rest_route=%2Fwp%2Fv2%2Fcomments&post=13891"}],"version-history":[{"count":0,"href":"https:\/\/noticiasveraces.com\/index.php?rest_route=\/wp\/v2\/posts\/13891\/revisions"}],"wp:featuredmedia":[{"embeddable":true,"href":"https:\/\/noticiasveraces.com\/index.php?rest_route=\/wp\/v2\/media\/13893"}],"wp:attachment":[{"href":"https:\/\/noticiasveraces.com\/index.php?rest_route=%2Fwp%2Fv2%2Fmedia&parent=13891"}],"wp:term":[{"taxonomy":"category","embeddable":true,"href":"https:\/\/noticiasveraces.com\/index.php?rest_route=%2Fwp%2Fv2%2Fcategories&post=13891"},{"taxonomy":"post_tag","embeddable":true,"href":"https:\/\/noticiasveraces.com\/index.php?rest_route=%2Fwp%2Fv2%2Ftags&post=13891"}],"curies":[{"name":"wp","href":"https:\/\/api.w.org\/{rel}","templated":true}]}}