{"id":13870,"date":"2025-02-08T23:05:13","date_gmt":"2025-02-09T03:05:13","guid":{"rendered":"https:\/\/noticiasveraces.com\/?p=13870"},"modified":"2025-02-08T23:05:13","modified_gmt":"2025-02-09T03:05:13","slug":"ataque-de-presuntos-yihadistas-deja-32-muertos-en-mali-dw-09-02-2025","status":"publish","type":"post","link":"https:\/\/noticiasveraces.com\/?p=13870","title":{"rendered":"Ataque de presuntos yihadistas deja 32 muertos en mali &#8211; dw &#8211; 09\/02\/2025"},"content":{"rendered":"<p> \n<\/p>\n<div>\n<p>SUPUESTOS YIHADISTAS Mataron al Menos 32 Personas en un Ataque Contra Convoy de Veh\u00edculos Civiles Escoltado Por El Ej\u00e9rcito y Mercenarios del Grupo Ruso Wagner en El Norte de Mali, Inform\u00f3 El Ej\u00e9rcito El Saboado (08.02.2025).<\/p>\n<p>La Instituci\u00f3n Castrense Asegur\u00f3 en Un Comunicado Que Le Estaba Dando Caza \u00abA Los Terroristas Autores del Ataque\u00bb.<\/p>\n<p>El Atentado Contra Decenas de Veh\u00cdculos Ocurri\u00f3 El Viernes en Kobe, A Unos 30 km de la Ciudad de Gao, en una regi\u00f3n frecuentementa sacudida por la violencia y donde el ej\u00e9rcito ha realizado recientspericiones antiyihadistas.<\/p>\n<p>\u00abDurante los Combates, Los terroristas en retirada atacaron deliberadamento a los civiles de Pasajeros\u00bb, Alcalde de Ind\u00f3 El Estado, Del Ej\u00e9rcito en El Comunicado.<\/p>\n<p>Precis\u00f3 que Tres veh\u00edculos Fueron Alcanzados, \u00abCausando la Muerte de 25 civiles\u00bb E Hiriendo a otros 13, Principal Mineros extranjeros que se dirig\u00eda a una mina de uro en la regi\u00f3n de gao.<\/p>\n<p>HORAS M\u00c1S TARDE, Un Pol\u00cdtico Local Indic\u00f3 en Condici\u00f3n de Anonimato que el N\u00famero de Muertos hab\u00eda subido a \u00ab32 civiles y militares\u00bb. La Cifra Fue Confirmada por una ong local.<\/p>\n<p>Mali Est\u00e1 Sumido desde 2012 en una Profunda Crisis de Seguridad, Alimentada por MoviMientos Afiliados a Al Qaida y Al Grupo Estado Isl\u00e1mico.<\/p>\n<p>El Pa\u00eds Africano Est\u00e1 Gobernado por una junta Militar desde Los Golpes de Estado de 2020 y 2021.<\/p>\n<p>JC (AFP, Reuters)<\/p>\n<\/p>\n<\/div>\n\n","protected":false},"excerpt":{"rendered":"<p>SUPUESTOS YIHADISTAS Mataron al Menos 32 Personas en un Ataque Contra Convoy de Veh\u00edculos Civiles Escoltado Por El Ej\u00e9rcito y Mercenarios del Grupo Ruso Wagner en El Norte de Mali, Inform\u00f3 El Ej\u00e9rcito El Saboado (08.02.2025). La Instituci\u00f3n Castrense Asegur\u00f3 en Un Comunicado Que Le Estaba Dando Caza \u00abA Los Terroristas Autores del Ataque\u00bb. El &hellip;<\/p>\n","protected":false},"author":1,"featured_media":13871,"comment_status":"open","ping_status":"open","sticky":false,"template":"","format":"standard","meta":{"fifu_image_url":"https:\/\/static.dw.com\/image\/71551241_6.jpg","fifu_image_alt":"","footnotes":""},"categories":[13],"tags":[],"class_list":["post-13870","post","type-post","status-publish","format-standard","has-post-thumbnail","","category-mundo"],"_links":{"self":[{"href":"https:\/\/noticiasveraces.com\/index.php?rest_route=\/wp\/v2\/posts\/13870","targetHints":{"allow":["GET"]}}],"collection":[{"href":"https:\/\/noticiasveraces.com\/index.php?rest_route=\/wp\/v2\/posts"}],"about":[{"href":"https:\/\/noticiasveraces.com\/index.php?rest_route=\/wp\/v2\/types\/post"}],"author":[{"embeddable":true,"href":"https:\/\/noticiasveraces.com\/index.php?rest_route=\/wp\/v2\/users\/1"}],"replies":[{"embeddable":true,"href":"https:\/\/noticiasveraces.com\/index.php?rest_route=%2Fwp%2Fv2%2Fcomments&post=13870"}],"version-history":[{"count":0,"href":"https:\/\/noticiasveraces.com\/index.php?rest_route=\/wp\/v2\/posts\/13870\/revisions"}],"wp:featuredmedia":[{"embeddable":true,"href":"https:\/\/noticiasveraces.com\/index.php?rest_route=\/wp\/v2\/media\/13871"}],"wp:attachment":[{"href":"https:\/\/noticiasveraces.com\/index.php?rest_route=%2Fwp%2Fv2%2Fmedia&parent=13870"}],"wp:term":[{"taxonomy":"category","embeddable":true,"href":"https:\/\/noticiasveraces.com\/index.php?rest_route=%2Fwp%2Fv2%2Fcategories&post=13870"},{"taxonomy":"post_tag","embeddable":true,"href":"https:\/\/noticiasveraces.com\/index.php?rest_route=%2Fwp%2Fv2%2Ftags&post=13870"}],"curies":[{"name":"wp","href":"https:\/\/api.w.org\/{rel}","templated":true}]}}