{"id":13828,"date":"2025-02-08T15:43:16","date_gmt":"2025-02-08T19:43:16","guid":{"rendered":"https:\/\/noticiasveraces.com\/?p=13828"},"modified":"2025-02-08T15:43:16","modified_gmt":"2025-02-08T19:43:16","slug":"el-mural-desfigurado-del-holocausto-encuentra-un-nuevo-hogar-en-el-museo-shoah-de-roma","status":"publish","type":"post","link":"https:\/\/noticiasveraces.com\/?p=13828","title":{"rendered":"El mural desfigurado del Holocausto encuentra un nuevo hogar en el Museo Shoah de Roma"},"content":{"rendered":"<p> \n<\/p>\n<div>\n<p class=\"speakable\">El Museo Shoah en Roma ha adquirido una pieza del reservado artista pop contempor\u00e1neo Alexsandro Palombo despu\u00e9s de que fue desfigurado en un aparente acto de antisemitismo.<\/p>\n<p class=\"speakable\">El mural, que representa a Liliana Segre y Sami Modiano, los dos \u00faltimos sobrevivientes italianos de Auschwitz, fue desfigurado varias veces e incluso borrados por los v\u00e1ndalos.<\/p>\n<p>Segre y Modiano se muestran con ropa rayada bajo chalecos verdes a prueba de balas con estrellas amarillas de David sobre ellos, e incluso hay representaciones de los n\u00fameros de serie tatuados en ellos por los nazis. Los perpetradores destrozaron las caras de Segre y Modiano, as\u00ed como las estrellas en sus cofres, pero dejaron los n\u00fameros en sus brazos intactos.<\/p>\n<p>\u00abMe quitaron la cara, mi identidad, borraron la estrella amarilla, pero dejaron el n\u00famero tatuado en mi brazo\u00bb, dijo Segre.<\/p>\n<div class=\"image-ct inline\">\n<div class=\"m\"><picture><source media=\"(max-width: 767px)\" srcset=\"https:\/\/a57.foxnews.com\/static.foxnews.com\/foxnews.com\/content\/uploads\/2025\/02\/343\/192\/polambo-segre-modiano-before.jpg?ve=1&amp;tl=1, https:\/\/a57.foxnews.com\/static.foxnews.com\/foxnews.com\/content\/uploads\/2025\/02\/686\/384\/polambo-segre-modiano-before.jpg?ve=1&amp;tl=1 2x\" height=\"192\" width=\"343\"><source media=\"(min-width: 768px) and (max-width: 1023px)\" srcset=\"https:\/\/a57.foxnews.com\/static.foxnews.com\/foxnews.com\/content\/uploads\/2025\/02\/672\/378\/polambo-segre-modiano-before.jpg?ve=1&amp;tl=1, https:\/\/a57.foxnews.com\/static.foxnews.com\/foxnews.com\/content\/uploads\/2025\/02\/1344\/756\/polambo-segre-modiano-before.jpg?ve=1&amp;tl=1 2x\" height=\"378\" width=\"672\"><source media=\"(min-width: 1024px) and (max-width: 1279px)\" srcset=\"https:\/\/a57.foxnews.com\/static.foxnews.com\/foxnews.com\/content\/uploads\/2025\/02\/931\/523\/polambo-segre-modiano-before.jpg?ve=1&amp;tl=1, https:\/\/a57.foxnews.com\/static.foxnews.com\/foxnews.com\/content\/uploads\/2025\/02\/1862\/1046\/polambo-segre-modiano-before.jpg?ve=1&amp;tl=1 2x\" height=\"523\" width=\"931\"><source media=\"(min-width: 1280px)\" srcset=\"https:\/\/a57.foxnews.com\/static.foxnews.com\/foxnews.com\/content\/uploads\/2025\/02\/720\/405\/polambo-segre-modiano-before.jpg?ve=1&amp;tl=1, https:\/\/a57.foxnews.com\/static.foxnews.com\/foxnews.com\/content\/uploads\/2025\/02\/1440\/810\/polambo-segre-modiano-before.jpg?ve=1&amp;tl=1 2x\" height=\"405\" width=\"720\"><img loading=\"lazy\" decoding=\"async\" src=\"https:\/\/a57.foxnews.com\/static.foxnews.com\/foxnews.com\/content\/uploads\/2025\/02\/1200\/675\/polambo-segre-modiano-before.jpg?ve=1&amp;tl=1\" alt=\"Mural de Alexsandro Palombo que representa a los sobrevivientes del Holocausto italiano antes de que fuera destrozado\" width=\"1200\" height=\"675\"\/><\/source><\/source><\/source><\/source><\/picture><\/div>\n<div class=\"info\">\n<div class=\"caption\">\n<p><span>Mural de Alexsandro Palombo que representa a los sobrevivientes del Holocausto Liliana Segre y Sami Modiano antes de ser destrozado<\/span> <span>(Alexsandro Palombo)<\/span><\/p>\n<\/div>\n<\/div>\n<\/div>\n<div class=\"image-ct inline\">\n<div class=\"m\"><picture><source media=\"(max-width: 767px)\" srcset=\"https:\/\/a57.foxnews.com\/static.foxnews.com\/foxnews.com\/content\/uploads\/2025\/02\/343\/192\/polambo-segre-modiano-after.jpg?ve=1&amp;tl=1, https:\/\/a57.foxnews.com\/static.foxnews.com\/foxnews.com\/content\/uploads\/2025\/02\/686\/384\/polambo-segre-modiano-after.jpg?ve=1&amp;tl=1 2x\" height=\"192\" width=\"343\"><source media=\"(min-width: 768px) and (max-width: 1023px)\" srcset=\"https:\/\/a57.foxnews.com\/static.foxnews.com\/foxnews.com\/content\/uploads\/2025\/02\/672\/378\/polambo-segre-modiano-after.jpg?ve=1&amp;tl=1, https:\/\/a57.foxnews.com\/static.foxnews.com\/foxnews.com\/content\/uploads\/2025\/02\/1344\/756\/polambo-segre-modiano-after.jpg?ve=1&amp;tl=1 2x\" height=\"378\" width=\"672\"><source media=\"(min-width: 1024px) and (max-width: 1279px)\" srcset=\"https:\/\/a57.foxnews.com\/static.foxnews.com\/foxnews.com\/content\/uploads\/2025\/02\/931\/523\/polambo-segre-modiano-after.jpg?ve=1&amp;tl=1, https:\/\/a57.foxnews.com\/static.foxnews.com\/foxnews.com\/content\/uploads\/2025\/02\/1862\/1046\/polambo-segre-modiano-after.jpg?ve=1&amp;tl=1 2x\" height=\"523\" width=\"931\"><source media=\"(min-width: 1280px)\" srcset=\"https:\/\/a57.foxnews.com\/static.foxnews.com\/foxnews.com\/content\/uploads\/2025\/02\/720\/405\/polambo-segre-modiano-after.jpg?ve=1&amp;tl=1, https:\/\/a57.foxnews.com\/static.foxnews.com\/foxnews.com\/content\/uploads\/2025\/02\/1440\/810\/polambo-segre-modiano-after.jpg?ve=1&amp;tl=1 2x\" height=\"405\" width=\"720\"><img loading=\"lazy\" decoding=\"async\" src=\"https:\/\/a57.foxnews.com\/static.foxnews.com\/foxnews.com\/content\/uploads\/2025\/02\/1200\/675\/polambo-segre-modiano-after.jpg?ve=1&amp;tl=1\" alt=\"Mural de Alexsandro Palombo que representa a los sobrevivientes italianos de Auschwitz Liliana Segre y Sami Modiano despu\u00e9s de que fue destrozado\" width=\"1200\" height=\"675\"\/><\/source><\/source><\/source><\/source><\/picture><\/div>\n<div class=\"info\">\n<div class=\"caption\">\n<p><span>Mural de Alexsandro Palombo que representa a los sobrevivientes del Holocausto Liliana Segre y Sami Modiano despu\u00e9s de que fue destrozado<\/span> <span>(Alexsandro Palombo)<\/span><\/p>\n<\/div>\n<\/div>\n<\/div>\n<p><strong>Los agitadores anti-Israel vandalizan el hogar de los medios jud\u00edos Super Agente<\/strong><\/p>\n<p>Palombo finalmente reprodujo la pieza, y ahora es parte de la colecci\u00f3n permanente del museo.<\/p>\n<p>\u00abEl arte es la mayor expresi\u00f3n de la libertad, y ataca repetidamente una obra que retrata a dos sobrevivientes de Auschwitz destaca c\u00f3mo el valor mismo de la democracia y todas nuestras libertades est\u00e1 en peligro\u00bb, dijo Palombo en un comunicado. \u00abEl gesto de coraje y resistencia del Museo de Shaah de Roma y la comunidad jud\u00eda italiana es una gran y preciosa lecci\u00f3n de civilizaci\u00f3n para todos nosotros, que respondieron a la violencia antisemita y el odio a estas nuevas formas de terrorismo social y cultural con un Acci\u00f3n poderosa del Risorgimento \u00ab.<\/p>\n<p>Palombo ha hecho varias piezas en honor al Holocausto, y sus otras obras no se han salvado del vandalismo.<\/p>\n<p>Una pieza titulada \u00abArbeit Macht Frei\u00bb, que muestra que el escritor h\u00fangaro y sobreviviente del Holocausto Edith Bruck envuelto en una bandera israel\u00ed tambi\u00e9n fue desfigurado, y gran parte de la bandera se borr\u00f3. El t\u00edtulo de este mural es la misma frase que los nazis ponen en las puertas de Auschwitz, y se traduce en \u00abEl trabajo te hace libre\u00bb.<\/p>\n<p>Bruck le dijo al peri\u00f3dico italiano La Stampa que estaba triste pero no sorprendida por el vandalismo, diciendo que \u00abel antisemitismo es un tsunami\u00bb.<\/p>\n<p>El Mural de Bruck tambi\u00e9n ha sido adquirido por el Museo Shoah en Roma.<\/p>\n<div class=\"image-ct inline\">\n<div class=\"m\"><picture><source media=\"(max-width: 767px)\" srcset=\"https:\/\/a57.foxnews.com\/static.foxnews.com\/foxnews.com\/content\/uploads\/2025\/02\/343\/192\/palombo-before-and-after-murals-2.jpg?ve=1&amp;tl=1, https:\/\/a57.foxnews.com\/static.foxnews.com\/foxnews.com\/content\/uploads\/2025\/02\/686\/384\/palombo-before-and-after-murals-2.jpg?ve=1&amp;tl=1 2x\" height=\"192\" width=\"343\"><source media=\"(min-width: 768px) and (max-width: 1023px)\" srcset=\"https:\/\/a57.foxnews.com\/static.foxnews.com\/foxnews.com\/content\/uploads\/2025\/02\/672\/378\/palombo-before-and-after-murals-2.jpg?ve=1&amp;tl=1, https:\/\/a57.foxnews.com\/static.foxnews.com\/foxnews.com\/content\/uploads\/2025\/02\/1344\/756\/palombo-before-and-after-murals-2.jpg?ve=1&amp;tl=1 2x\" height=\"378\" width=\"672\"><source media=\"(min-width: 1024px) and (max-width: 1279px)\" srcset=\"https:\/\/a57.foxnews.com\/static.foxnews.com\/foxnews.com\/content\/uploads\/2025\/02\/931\/523\/palombo-before-and-after-murals-2.jpg?ve=1&amp;tl=1, https:\/\/a57.foxnews.com\/static.foxnews.com\/foxnews.com\/content\/uploads\/2025\/02\/1862\/1046\/palombo-before-and-after-murals-2.jpg?ve=1&amp;tl=1 2x\" height=\"523\" width=\"931\"><source media=\"(min-width: 1280px)\" srcset=\"https:\/\/a57.foxnews.com\/static.foxnews.com\/foxnews.com\/content\/uploads\/2025\/02\/720\/405\/palombo-before-and-after-murals-2.jpg?ve=1&amp;tl=1, https:\/\/a57.foxnews.com\/static.foxnews.com\/foxnews.com\/content\/uploads\/2025\/02\/1440\/810\/palombo-before-and-after-murals-2.jpg?ve=1&amp;tl=1 2x\" height=\"405\" width=\"720\"><img loading=\"lazy\" decoding=\"async\" src=\"https:\/\/a57.foxnews.com\/static.foxnews.com\/foxnews.com\/content\/uploads\/2025\/02\/1200\/675\/palombo-before-and-after-murals-2.jpg?ve=1&amp;tl=1\" alt=\"Mural que muestra a un sobreviviente del Holocausto antes y despu\u00e9s de que fue destrozado\" width=\"1200\" height=\"675\"\/><\/source><\/source><\/source><\/source><\/picture><\/div>\n<div class=\"info\">\n<div class=\"caption\">\n<p><span>El mural de Alexsandro Palombo del escritor h\u00fangaro y sobreviviente del Holocausto Edith Bruck antes y despu\u00e9s de que fue desfigurado por v\u00e1ndalos<\/span> <span>(Alexsandro Palombo)<\/span><\/p>\n<\/div>\n<\/div>\n<\/div>\n<p><strong><u>&#8216;Subrogatos&#8217; para Hamas: la carta de la universidad regente &#8216;atroz&#8217; Carta de la facultad de estudios \u00e9tnicos<\/u><\/strong><\/p>\n<p>Otra de las piezas de Palombo que fue destrozada fue titulada \u00ab\u00a1Halt! Stoj!, Que representaba a Segre, Modiano y Burk junto al Papa Francisco, que est\u00e1 equipado con una cruz y un letrero que lee\u00bb el antisemitismo est\u00e1 en todas partes \u00ab. Los cuatro se representan como caracteres de Simpson, un motivo com\u00fan para Palombo. Mientras que la imagen del Papa no result\u00f3 da\u00f1ada, los v\u00e1ndalos desfiguraron las estrellas de David en los tres sobrevivientes del Holocausto.<\/p>\n<div class=\"image-ct inline\">\n<div class=\"m\"><picture><source media=\"(max-width: 767px)\" srcset=\"https:\/\/a57.foxnews.com\/static.foxnews.com\/foxnews.com\/content\/uploads\/2025\/02\/343\/192\/palombo-before-and-after-murals-1.jpg?ve=1&amp;tl=1, https:\/\/a57.foxnews.com\/static.foxnews.com\/foxnews.com\/content\/uploads\/2025\/02\/686\/384\/palombo-before-and-after-murals-1.jpg?ve=1&amp;tl=1 2x\" height=\"192\" width=\"343\"><source media=\"(min-width: 768px) and (max-width: 1023px)\" srcset=\"https:\/\/a57.foxnews.com\/static.foxnews.com\/foxnews.com\/content\/uploads\/2025\/02\/672\/378\/palombo-before-and-after-murals-1.jpg?ve=1&amp;tl=1, https:\/\/a57.foxnews.com\/static.foxnews.com\/foxnews.com\/content\/uploads\/2025\/02\/1344\/756\/palombo-before-and-after-murals-1.jpg?ve=1&amp;tl=1 2x\" height=\"378\" width=\"672\"><source media=\"(min-width: 1024px) and (max-width: 1279px)\" srcset=\"https:\/\/a57.foxnews.com\/static.foxnews.com\/foxnews.com\/content\/uploads\/2025\/02\/931\/523\/palombo-before-and-after-murals-1.jpg?ve=1&amp;tl=1, https:\/\/a57.foxnews.com\/static.foxnews.com\/foxnews.com\/content\/uploads\/2025\/02\/1862\/1046\/palombo-before-and-after-murals-1.jpg?ve=1&amp;tl=1 2x\" height=\"523\" width=\"931\"><source media=\"(min-width: 1280px)\" srcset=\"https:\/\/a57.foxnews.com\/static.foxnews.com\/foxnews.com\/content\/uploads\/2025\/02\/720\/405\/palombo-before-and-after-murals-1.jpg?ve=1&amp;tl=1, https:\/\/a57.foxnews.com\/static.foxnews.com\/foxnews.com\/content\/uploads\/2025\/02\/1440\/810\/palombo-before-and-after-murals-1.jpg?ve=1&amp;tl=1 2x\" height=\"405\" width=\"720\"><img loading=\"lazy\" decoding=\"async\" src=\"https:\/\/a57.foxnews.com\/static.foxnews.com\/foxnews.com\/content\/uploads\/2025\/02\/1200\/675\/palombo-before-and-after-murals-1.jpg?ve=1&amp;tl=1\" alt=\"El mural de Alexsandro Palombo antes y despu\u00e9s de que fue destrozado\" width=\"1200\" height=\"675\"\/><\/source><\/source><\/source><\/source><\/picture><\/div>\n<div class=\"info\">\n<div class=\"caption\">\n<p><span>El mural de Alexsandro Palombo de tres sobrevivientes del Holocausto y el Papa Francisco antes y despu\u00e9s de que fue destrozado.<\/span> <span>(Alexsandro Palombo)<\/span><\/p>\n<\/div>\n<\/div>\n<\/div>\n<p><strong><u>Haga clic aqu\u00ed para obtener la aplicaci\u00f3n Fox News<\/u><\/strong><\/p>\n<p>Palombo, un artista y activista pop contempor\u00e1neo, utiliz\u00f3 referencias de cultura pop en su obra de arte, incluidas celebridades y personajes de dibujos animados de The Simpsons and Disney. Una de sus obras m\u00e1s emblem\u00e1ticas es los \u00abSimpson deportados a Auschwitz\u00bb, que muestra a Marge, Homer, Maggie, Bart y Lisa antes y despu\u00e9s del campo de concentraci\u00f3n, haciendo referencia al estado demacrado de sobrevivientes del Holocausto liberados de los campos nazis.<\/p>\n<p> <!----> <\/p>\n<div class=\"article-meta\">\n<div class=\"author-bio\">\n<p>Rachel Wolf es una escritora de noticias de Fox News Digital y Fox Business.<\/p>\n<\/div>\n<\/div>\n<\/div>\n\n","protected":false},"excerpt":{"rendered":"<p>El Museo Shoah en Roma ha adquirido una pieza del reservado artista pop contempor\u00e1neo Alexsandro Palombo despu\u00e9s de que fue desfigurado en un aparente acto de antisemitismo. El mural, que representa a Liliana Segre y Sami Modiano, los dos \u00faltimos sobrevivientes italianos de Auschwitz, fue desfigurado varias veces e incluso borrados por los v\u00e1ndalos. Segre &hellip;<\/p>\n","protected":false},"author":1,"featured_media":13830,"comment_status":"open","ping_status":"open","sticky":false,"template":"","format":"standard","meta":{"fifu_image_url":"https:\/\/static.foxnews.com\/foxnews.com\/content\/uploads\/2025\/02\/polambo-segre-modiano-new.jpg","fifu_image_alt":"","footnotes":""},"categories":[13],"tags":[],"class_list":["post-13828","post","type-post","status-publish","format-standard","has-post-thumbnail","","category-mundo"],"_links":{"self":[{"href":"https:\/\/noticiasveraces.com\/index.php?rest_route=\/wp\/v2\/posts\/13828","targetHints":{"allow":["GET"]}}],"collection":[{"href":"https:\/\/noticiasveraces.com\/index.php?rest_route=\/wp\/v2\/posts"}],"about":[{"href":"https:\/\/noticiasveraces.com\/index.php?rest_route=\/wp\/v2\/types\/post"}],"author":[{"embeddable":true,"href":"https:\/\/noticiasveraces.com\/index.php?rest_route=\/wp\/v2\/users\/1"}],"replies":[{"embeddable":true,"href":"https:\/\/noticiasveraces.com\/index.php?rest_route=%2Fwp%2Fv2%2Fcomments&post=13828"}],"version-history":[{"count":0,"href":"https:\/\/noticiasveraces.com\/index.php?rest_route=\/wp\/v2\/posts\/13828\/revisions"}],"wp:featuredmedia":[{"embeddable":true,"href":"https:\/\/noticiasveraces.com\/index.php?rest_route=\/wp\/v2\/media\/13830"}],"wp:attachment":[{"href":"https:\/\/noticiasveraces.com\/index.php?rest_route=%2Fwp%2Fv2%2Fmedia&parent=13828"}],"wp:term":[{"taxonomy":"category","embeddable":true,"href":"https:\/\/noticiasveraces.com\/index.php?rest_route=%2Fwp%2Fv2%2Fcategories&post=13828"},{"taxonomy":"post_tag","embeddable":true,"href":"https:\/\/noticiasveraces.com\/index.php?rest_route=%2Fwp%2Fv2%2Ftags&post=13828"}],"curies":[{"name":"wp","href":"https:\/\/api.w.org\/{rel}","templated":true}]}}