{"id":13818,"date":"2025-02-08T13:40:13","date_gmt":"2025-02-08T17:40:13","guid":{"rendered":"https:\/\/noticiasveraces.com\/?p=13818"},"modified":"2025-02-08T13:40:13","modified_gmt":"2025-02-08T17:40:13","slug":"200000-personajes-marchan-contra-la-ultraderecha-dw-08-08-2025","status":"publish","type":"post","link":"https:\/\/noticiasveraces.com\/?p=13818","title":{"rendered":"200,000 personajes Marchan Contra la Ultraderecha &#8211; DW &#8211; 08\/08\/2025"},"content":{"rendered":"<p> \n<\/p>\n<div>\n<p>M\u00c1S DE 200.000 PERSONAS SEG\u00daN ESTIMACIONES POL\u00cdTICAS -320.000 SEG\u00daN LOS Organizadores- Se manifiesto el Manifiesto S\u00e1bado (08.02.2025) En M\u00fanich, Capital de Baviera (Sur de Alemania) Contrader Aleman ), La Fuerza Pol\u00edtica que Va Segunda en Las Encuestas de Cara A Las Elecciones del 23 de Febero.<\/p>\n<p>\u00abEstimamos que presenta 200.000 personas Estuvieron\u00bb, Inform\u00f3 la Polic\u00eda Muniquesa, y Agreg\u00f3 Que \u00abEl Ambiente Sigue Sido Pac\u00edfico\u00bb. Los manifestantes, que se Congregaron en la Theresienwiese como Punto Central, Portaban Pancartas con lemas como \u00abEl Odio no es una opini\u00f3n\u00bb O \u00abRacismo? No con Nosotros\u00bb. La Convocatoria Ten\u00eda como lema \u00abLa Democracia Te Necesita\u00bb.<\/p>\n<p>LOS Organizadores de la manifestaci\u00f3n \u00abM\u00fanich es multicolor\u00bb Quer\u00eda Enviar \u00abuna Se\u00f1al Fuerte A favor de la diversidad, La Dignidad Humana, La Cohesi\u00f3n y la Democracia\u00bb Antes de Las Elecciones, Que -Tendr\u00e1n Lugar de Forma Anticipada el 23 de Febero. El Movimiento \u00abAbuelas Contra la Extrae Derecha\u00bb Hizo un Llamado A Manifestaciones en Varias CiUdades de Alemania, incluida Hannover (Norte), Donde, Seg\u00fan la Polic\u00eda, 24.000 Personas Protestaron. Hubo Tambi\u00e9n Marchaas en Bremen y Frankfurt, Entre Otre otras.<\/p>\n<h2>El Cord\u00f3n Sanitario<\/h2>\n<p>LAS MANIFESTACIONES SE DESATARON LA SEMANA PASADA TRAS EL ACERCAMIENTO DEL CANDIDATO DE LA UNI\u00d3N CRISTIANODEM\u00d3CRATA (CDU) A LA Canciller\u00eda y favorito en Las Encuestras, Friedrich Merz, Confd. Merz se apoy\u00f3 en este Partido para hacer aprobar en el Bundestag (Parlamento Alem\u00e1n) Una moci\u00f3n no vinculante que buscaba bloquear a todos los extranjeros sen papeles en la frontera, incluidos los solicidades de asilo.<\/p>\n<p>Hasta Ahora los Partidos Tradicionales Rechazaban Cualquier Cooperaci\u00f3n A Nacional Con la Ultraderecha, en Nombre del \u00abCord\u00f3n Sanitario\u00bb O \u00abCortafuegos\u00bb Levantado Contra la Formaci\u00f3nista Nacionalista y Hostil a Los Migrantes. Reunidos el Lunes en Su Congreso Partidario, Los Conservadores afirmaron que Descartaban Cualquier Gobierno Con El Afd, Segundo Partido en Las Encuestas Despu\u00e9s de los Conservadores.<\/p>\n<p>El Fin de Semana Pasado, Tras Las Pol\u00e9micas Votaciones en el Bundestag, Unas 160.000 Personas SE ManifiSaron en Berl\u00edn por el Mantenimiento del Conocido como \u00abCord\u00f3n Sanatorio\u00bb Contra la Ultraderecha.<\/p>\n<p>DZC (EFE, AFP)<\/p>\n<\/div>\n\n","protected":false},"excerpt":{"rendered":"<p>M\u00c1S DE 200.000 PERSONAS SEG\u00daN ESTIMACIONES POL\u00cdTICAS -320.000 SEG\u00daN LOS Organizadores- Se manifiesto el Manifiesto S\u00e1bado (08.02.2025) En M\u00fanich, Capital de Baviera (Sur de Alemania) Contrader Aleman ), La Fuerza Pol\u00edtica que Va Segunda en Las Encuestas de Cara A Las Elecciones del 23 de Febero. \u00abEstimamos que presenta 200.000 personas Estuvieron\u00bb, Inform\u00f3 la Polic\u00eda &hellip;<\/p>\n","protected":false},"author":1,"featured_media":13819,"comment_status":"open","ping_status":"open","sticky":false,"template":"","format":"standard","meta":{"fifu_image_url":"https:\/\/static.dw.com\/image\/71548871_6.jpg","fifu_image_alt":"","footnotes":""},"categories":[13],"tags":[],"class_list":["post-13818","post","type-post","status-publish","format-standard","has-post-thumbnail","","category-mundo"],"_links":{"self":[{"href":"https:\/\/noticiasveraces.com\/index.php?rest_route=\/wp\/v2\/posts\/13818","targetHints":{"allow":["GET"]}}],"collection":[{"href":"https:\/\/noticiasveraces.com\/index.php?rest_route=\/wp\/v2\/posts"}],"about":[{"href":"https:\/\/noticiasveraces.com\/index.php?rest_route=\/wp\/v2\/types\/post"}],"author":[{"embeddable":true,"href":"https:\/\/noticiasveraces.com\/index.php?rest_route=\/wp\/v2\/users\/1"}],"replies":[{"embeddable":true,"href":"https:\/\/noticiasveraces.com\/index.php?rest_route=%2Fwp%2Fv2%2Fcomments&post=13818"}],"version-history":[{"count":0,"href":"https:\/\/noticiasveraces.com\/index.php?rest_route=\/wp\/v2\/posts\/13818\/revisions"}],"wp:featuredmedia":[{"embeddable":true,"href":"https:\/\/noticiasveraces.com\/index.php?rest_route=\/wp\/v2\/media\/13819"}],"wp:attachment":[{"href":"https:\/\/noticiasveraces.com\/index.php?rest_route=%2Fwp%2Fv2%2Fmedia&parent=13818"}],"wp:term":[{"taxonomy":"category","embeddable":true,"href":"https:\/\/noticiasveraces.com\/index.php?rest_route=%2Fwp%2Fv2%2Fcategories&post=13818"},{"taxonomy":"post_tag","embeddable":true,"href":"https:\/\/noticiasveraces.com\/index.php?rest_route=%2Fwp%2Fv2%2Ftags&post=13818"}],"curies":[{"name":"wp","href":"https:\/\/api.w.org\/{rel}","templated":true}]}}