{"id":13813,"date":"2025-02-08T12:31:43","date_gmt":"2025-02-08T16:31:43","guid":{"rendered":"https:\/\/noticiasveraces.com\/?p=13813"},"modified":"2025-02-08T12:31:43","modified_gmt":"2025-02-08T16:31:43","slug":"sudafrica-denuncia-propaganda-tras-sanciones-de-trump-dw-08-08-2025","status":"publish","type":"post","link":"https:\/\/noticiasveraces.com\/?p=13813","title":{"rendered":"Sud\u00e1frica Denuncia \u00abPropaganda\u00bb Tras Sanciones de Trump &#8211; DW &#8211; 08\/08\/2025"},"content":{"rendered":"<p> \n<\/p>\n<div>\n<p>Sud\u00e1frica Rembraz\u00f3 Este S\u00e1bado (08.02.2025) La decisi\u00f3n del presidente estadounidense Donald Trump de Congelar la Ayuda al Pa\u00eds, en representaci\u00f3n por una ley de expropi\u00f3n de tierras que \u00e9rst\u00e9 considera discriminatoria para la grantos de los gritos.<\/p>\n<p>\u00abEstamos preocupados por lo que parece una campa\u00f1a de desinformaci\u00f3n y propaganda\u00bb, Dijo el Gobierno Sudafricano. \u00abEl Postulado de Base de Decreto es Inexacto Factualment y no Reconocimiento la Historia Profunda y Dolorosa de Sud\u00e1frica en Materia de Colonialismo y <em>segregaci\u00f3n racial<\/em>\u00ab.<\/p>\n<p>Adem\u00e1s, La Presidencia de Sud\u00e1frica Rembraz\u00f3 en Los \u00c1ltimos D\u00edas que el Prop\u00f3sito de la Ley Sea \u00abConfiscar Tierras\u00bb, Como acus\u00f3 Trump.<\/p>\n<p>El Gobierno Sudafricano indic\u00f3 que \u00abES Decepcionante Observar que cuentos Narr\u00e1guas Parecen Haber Encontrado Un favoritismo Entre los Responsables de la Toma de Decisiones en Estados Unidos\u00bb.<\/p>\n<p>En una orden eJecutiva, Trump Aleg\u00f3 que la Ley \u00abPermitir\u00eda al Gobierno de Sud\u00e1frica Confiscar Propiedades Agr\u00edcolas de Minor\u00edas \u00e9tnicas afrik\u00e1cners Sin compensaci\u00f3n\u00bb.<\/p>\n<p>La propiaspiedad de la tierra es un tema pol\u00e9mico en Sud\u00e1frica, Donde la Mayor\u00eda de los terrenos de cultivo Siguen Sido Propiedad de los Blancos, Tres D\u00e9cadas Del Fin del <em>segregaci\u00f3n racial<\/em>.<\/p>\n<p>El Presidente de Sudafricano Cyril Ramaphosa Dijo que su Pa\u00eds \u00abNo se dejar\u00e1 intimidar\u00bb Tras las Cr\u00edticas de Washington.<\/p>\n<p>RR (AFP\/DPA)<\/p>\n<\/p>\n<\/div>\n\n","protected":false},"excerpt":{"rendered":"<p>Sud\u00e1frica Rembraz\u00f3 Este S\u00e1bado (08.02.2025) La decisi\u00f3n del presidente estadounidense Donald Trump de Congelar la Ayuda al Pa\u00eds, en representaci\u00f3n por una ley de expropi\u00f3n de tierras que \u00e9rst\u00e9 considera discriminatoria para la grantos de los gritos. \u00abEstamos preocupados por lo que parece una campa\u00f1a de desinformaci\u00f3n y propaganda\u00bb, Dijo el Gobierno Sudafricano. \u00abEl Postulado &hellip;<\/p>\n","protected":false},"author":1,"featured_media":13814,"comment_status":"open","ping_status":"open","sticky":false,"template":"","format":"standard","meta":{"fifu_image_url":"https:\/\/static.dw.com\/image\/71547240_6.jpg","fifu_image_alt":"","footnotes":""},"categories":[13],"tags":[],"class_list":["post-13813","post","type-post","status-publish","format-standard","has-post-thumbnail","","category-mundo"],"_links":{"self":[{"href":"https:\/\/noticiasveraces.com\/index.php?rest_route=\/wp\/v2\/posts\/13813","targetHints":{"allow":["GET"]}}],"collection":[{"href":"https:\/\/noticiasveraces.com\/index.php?rest_route=\/wp\/v2\/posts"}],"about":[{"href":"https:\/\/noticiasveraces.com\/index.php?rest_route=\/wp\/v2\/types\/post"}],"author":[{"embeddable":true,"href":"https:\/\/noticiasveraces.com\/index.php?rest_route=\/wp\/v2\/users\/1"}],"replies":[{"embeddable":true,"href":"https:\/\/noticiasveraces.com\/index.php?rest_route=%2Fwp%2Fv2%2Fcomments&post=13813"}],"version-history":[{"count":0,"href":"https:\/\/noticiasveraces.com\/index.php?rest_route=\/wp\/v2\/posts\/13813\/revisions"}],"wp:featuredmedia":[{"embeddable":true,"href":"https:\/\/noticiasveraces.com\/index.php?rest_route=\/wp\/v2\/media\/13814"}],"wp:attachment":[{"href":"https:\/\/noticiasveraces.com\/index.php?rest_route=%2Fwp%2Fv2%2Fmedia&parent=13813"}],"wp:term":[{"taxonomy":"category","embeddable":true,"href":"https:\/\/noticiasveraces.com\/index.php?rest_route=%2Fwp%2Fv2%2Fcategories&post=13813"},{"taxonomy":"post_tag","embeddable":true,"href":"https:\/\/noticiasveraces.com\/index.php?rest_route=%2Fwp%2Fv2%2Ftags&post=13813"}],"curies":[{"name":"wp","href":"https:\/\/api.w.org\/{rel}","templated":true}]}}