{"id":13791,"date":"2025-02-08T09:16:53","date_gmt":"2025-02-08T13:16:53","guid":{"rendered":"https:\/\/noticiasveraces.com\/?p=13791"},"modified":"2025-02-08T09:16:53","modified_gmt":"2025-02-08T13:16:53","slug":"no-pienso-en-como-va-a-salir-el-arbitro-sino-en-como-vamos-a-salir-esformos","status":"publish","type":"post","link":"https:\/\/noticiasveraces.com\/?p=13791","title":{"rendered":"\u00abNo PIENSO EN C\u00d3MO VA A SALIR EL ARBITRO, SINO EN C\u00d3MO VAMOS A SALIR ESFORMOS\u00bb"},"content":{"rendered":"<p> \n<\/p>\n<div id=\"intext\">\n<p><b>Diego Pablo Simeone<\/b> hobr\u00f3 en la previa del duelo ante el <b>Real Madrid<\/b>un derbi que se presenta CLAVE EN LA LUUTA POR LALIGA Y QUE LLEGA Muy Caliente Por la <b>pol\u00e9mica arbitral<\/b> Que se Gener\u00f3 El Pasado S\u00e1bado en Cornell\u00e1, Donde Los de Ancelotti <b>Cayeron (1-0) Ante El Espanyol<\/b>.<\/p>\n<p>\u00ab<b>No ESTOY Pensando en C\u00f3mo Va a Salir el \u00c1rbitro, Sino en C\u00f3mo Vamos a Salir Nosotros al Partido<\/b>Esperando Poder Hacer un Partido en consecaci\u00f3n de los que venimos Haciendo en este \u00daLTiMO Tiempo y Sabiendo que nos Vamos a Enfentar, un rival, con grand\u00edsiMas individualidades. Tenderro que estar muy atentos a Eso \u00ab, subray\u00f3 Simeone.<\/p>\n<p>El Atl\u00e9tico de Madrid se presente en el Bernab\u00e9u en su mejor Momento de Juego y Resultados de Toda la temporada, con 19 Triunfos en Los \u00daltimos 21 Encuentros.<\/p>\n<p>\u00abSabemos a lo que nos vamos un enfrentar, un rival de la que se arranca con Mucha Fuerza y \u200b\u200bMucha determinaci\u00f3n en el Comienzo del Partido, que, con Espacios y pecacios, hijo individual de un hijo de Buenos y Buyos y <b>tenderro que lllevar el Partido donde Creemos Que le podemos Hacer Da\u00f1o<\/b>\u00ab, Analiz\u00f3 El atrenador Argentino.<\/p>\n<p>SIMEOne No Quiso Enter A Valorar La Pol\u00e9mica Arbitral Generada en El Espanyol &#8211; Real Madrid del Pasado S\u00e1bado y Esquiv\u00f3 las Preguntas Al Respeto.<\/p>\n<p>\u00abPensamos en el Partido Que Tenemos que Hacer. Sabemos de Sus Grandes Individualidad como Equipo y Buscaremos Hacer el Partido Que Queremos Hacer\u00bb, Contect\u00f3 Simeone.<\/p>\n<h2 class=\"title-h2\">\u00abESTOY CENTRADO EN EL PARTIDO, DISCULPEME\u00bb<\/h2>\n<p>Tampoco quiso valorar <b>El Comunicado<\/b> Del Pasado Lunes del Real Madrid Calificando de \u00abEscandalosa\u00bb La Actuaci\u00f3n del \u00c1rbitro y del var en Cornell\u00e1.<\/p>\n<p>\u00abESTOY CENTRADO EN EL PARTIDO, DISCULPEME. USTEDES, POSIBLEMENTE, NECESITAN M\u00c1S RESPESTAS DE TODO ESTE TUPO DE POL\u00cdMICAS QUE SIEMPRE APARECEN EN LOS IMPORTANDOS IMPORTANTES. De PARTE MIA, PERSONALMENTO, ESTOY CENTRADO EN EL PARTIDO\u00bb, Zanj\u00f3.<\/p>\n<p>Simeone Tampoco Valor\u00f3 <b>Los Mensajes<\/b> en Redes Sociales del Atl\u00e9tico de Madrid y Asegur\u00f3 que \u00abMirar\u00e9 la televisi\u00f3n para para relajarme y estar\u00e9 de la Misma Manera que Carlo (Ancelotti)\u00bb.<\/p>\n<p>En lo puramete Deportivo, Simeone aclar\u00f3 que a\u00fan no ha hobrado con sus Jugadores Sobre el plateamiento de madana en el santiago bernab\u00e9u.<\/p>\n<p>\u00abTODAV\u00cdA NO HEMOS HABLADO PUNTUALMENTE DE LO DE LO NECESITAMOS PARA EL PARTIDO, HEROS ELEGIDO QUE SE RECUPEREN BIEN (LOS JUGADORES), QUE EST\u00c9N DE LA MEJOR en el Partido, sabio que <b>Nos Enfentamos un rival de la uni\u00f3n de la sola<\/b>y con el contexo que sabemos que nos vamos a unredar para estar preparados para hacer el partido que queremos \u00ab, indic\u00f3 simeone.<\/p>\n<p>\u00abMe imagino un partido de 95, 96 minutos que <b>necesitamos estar preparados para todo lo que Pueda Suceder<\/b>\u00ab, A\u00f1adi\u00f3 El Abrenador del Atl\u00e9tico de Madrid.<\/p>\n<p><i>S\u00edguenos en nuestro canal de whatsapp y no te Pierdas la \u00daLtima Hora y Toda la actualidad de antena3noticias.com<\/i><\/p>\n<div class=\"recirculation-video\" data-mod=\"a3mod_recirculation_video\">\n<div class=\"recirculation-video-wrapper\">\n<div>\n<div class=\"video-wrapper\">\n  <picture class=\"video-main-picture\"><source media=\"(min-width: 481px)\" srcset=\"https:\/\/fotografias.antena3.com\/clipping\/cmsimages02\/2025\/02\/07\/44E5D4D9-90DE-4F27-B620-0971BF4777B0\/carlos-alcaraz-ejecuta-drive-pedro-martinez-roterdam_94.jpg?crop=5474,3079,x0,y0&amp;width=800&amp;height=450&amp;optimize=medium&amp;format=webply\" width=\"800\" height=\"450\"><source media=\"(min-width: 391px) and (max-width: 480px)\" srcset=\"https:\/\/fotografias.antena3.com\/clipping\/cmsimages02\/2025\/02\/07\/44E5D4D9-90DE-4F27-B620-0971BF4777B0\/carlos-alcaraz-ejecuta-drive-pedro-martinez-roterdam_70.jpg?crop=5474,3079,x0,y0&amp;width=480&amp;height=270&amp;optimize=high&amp;format=webply\" width=\"480\" height=\"270\"><source media=\"(min-width: 321px) and (max-width: 390px)\" srcset=\"https:\/\/fotografias.antena3.com\/clipping\/cmsimages02\/2025\/02\/07\/44E5D4D9-90DE-4F27-B620-0971BF4777B0\/carlos-alcaraz-ejecuta-drive-pedro-martinez-roterdam_92.jpg?crop=5474,3074,x0,y0&amp;width=390&amp;height=219&amp;optimize=high&amp;format=webply\" width=\"390\" height=\"219\"><source media=\"(max-width: 320px)\" srcset=\"https:\/\/fotografias.antena3.com\/clipping\/cmsimages02\/2025\/02\/07\/44E5D4D9-90DE-4F27-B620-0971BF4777B0\/carlos-alcaraz-ejecuta-drive-pedro-martinez-roterdam_52.jpg?crop=5474,3079,x0,y0&amp;width=320&amp;height=180&amp;optimize=high&amp;format=webply\" width=\"320\" height=\"180\"><img decoding=\"async\" title=\"Carlos Alcaraz Ejecuta Un Drive Ante Pedro Mart\u00ednez en R\u00f3terdam\" alt=\"Carlos Alcaraz Ejecuta Un Drive Ante Pedro Mart\u00ednez en R\u00f3terdam\" width=\"480\" height=\"270\" src=\"https:\/\/fotografias.antena3.com\/clipping\/cmsimages02\/2025\/02\/07\/44E5D4D9-90DE-4F27-B620-0971BF4777B0\/carlos-alcaraz-ejecuta-drive-pedro-martinez-roterdam_70.jpg?crop=5474,3079,x0,y0&amp;width=480&amp;height=270&amp;optimize=high&amp;format=webply\" loading=\"lazy\" class=\"lazy\"\/><br \/>\n  <\/source><\/source><\/source><\/source><\/picture>\n <\/div>\n<\/div><\/div>\n<\/p><\/div>\n<\/div>\n\n","protected":false},"excerpt":{"rendered":"<p>Diego Pablo Simeone hobr\u00f3 en la previa del duelo ante el Real Madridun derbi que se presenta CLAVE EN LA LUUTA POR LALIGA Y QUE LLEGA Muy Caliente Por la pol\u00e9mica arbitral Que se Gener\u00f3 El Pasado S\u00e1bado en Cornell\u00e1, Donde Los de Ancelotti Cayeron (1-0) Ante El Espanyol. \u00abNo ESTOY Pensando en C\u00f3mo Va &hellip;<\/p>\n","protected":false},"author":1,"featured_media":13793,"comment_status":"open","ping_status":"open","sticky":false,"template":"","format":"standard","meta":{"fifu_image_url":"https:\/\/fotografias.antena3.com\/clipping\/cmsimages02\/2025\/02\/07\/FB6A743D-ECF4-4B89-9277-64D1C0F9ABCB\/simeone-imagen-archivo_69.jpg?crop=4896,2754,x0,y0&width=1280&height=720&optimize=low&format=jpg","fifu_image_alt":"","footnotes":""},"categories":[6],"tags":[],"class_list":["post-13791","post","type-post","status-publish","format-standard","has-post-thumbnail","","category-deportes"],"_links":{"self":[{"href":"https:\/\/noticiasveraces.com\/index.php?rest_route=\/wp\/v2\/posts\/13791","targetHints":{"allow":["GET"]}}],"collection":[{"href":"https:\/\/noticiasveraces.com\/index.php?rest_route=\/wp\/v2\/posts"}],"about":[{"href":"https:\/\/noticiasveraces.com\/index.php?rest_route=\/wp\/v2\/types\/post"}],"author":[{"embeddable":true,"href":"https:\/\/noticiasveraces.com\/index.php?rest_route=\/wp\/v2\/users\/1"}],"replies":[{"embeddable":true,"href":"https:\/\/noticiasveraces.com\/index.php?rest_route=%2Fwp%2Fv2%2Fcomments&post=13791"}],"version-history":[{"count":0,"href":"https:\/\/noticiasveraces.com\/index.php?rest_route=\/wp\/v2\/posts\/13791\/revisions"}],"wp:featuredmedia":[{"embeddable":true,"href":"https:\/\/noticiasveraces.com\/index.php?rest_route=\/wp\/v2\/media\/13793"}],"wp:attachment":[{"href":"https:\/\/noticiasveraces.com\/index.php?rest_route=%2Fwp%2Fv2%2Fmedia&parent=13791"}],"wp:term":[{"taxonomy":"category","embeddable":true,"href":"https:\/\/noticiasveraces.com\/index.php?rest_route=%2Fwp%2Fv2%2Fcategories&post=13791"},{"taxonomy":"post_tag","embeddable":true,"href":"https:\/\/noticiasveraces.com\/index.php?rest_route=%2Fwp%2Fv2%2Ftags&post=13791"}],"curies":[{"name":"wp","href":"https:\/\/api.w.org\/{rel}","templated":true}]}}