{"id":13759,"date":"2025-02-08T03:13:52","date_gmt":"2025-02-08T07:13:52","guid":{"rendered":"https:\/\/noticiasveraces.com\/?p=13759"},"modified":"2025-02-08T03:13:52","modified_gmt":"2025-02-08T07:13:52","slug":"cifra-de-victimas-del-bombardeo-de-dresde-dw-07-07-2025","status":"publish","type":"post","link":"https:\/\/noticiasveraces.com\/?p=13759","title":{"rendered":"Cifra de V\u00edctimas del Bombardeo de Dresde &#8211; DW &#8211; 07\/07\/2025"},"content":{"rendered":"<p> \n<\/p>\n<div>\n<p>A \u00daltima Hora de la Tarde del 13 de febrero de 1945, Los Escuadrones de Bombarderos Brit\u00e1nicos y Estadounidenses Comenzaron A Lanzar Devastadores atages A\u00e9reos Sobre Dresde. Al Mediod\u00eda del 15 de febrero, Los Incendios A Gran Escala Se Hab\u00eda Extendido, Cobrando La Vida de Miles de Personas, reducto el Casco Antiguo Casi por por completo a Esbombros.<\/p>\n<p>Dispu\u00e9s de los Ataques A\u00e9reos, Los Sobrevivientes Amontonaban Los Cadaverses para Leo Quemarlos y As\u00ed Evitar Epidemias. Las Fotograf\u00edas de Walter Hahn Se Han Grabado A Fugo en la Memoria de Muchos Alemanos.<\/p>\n<p>Aunque Hubo Ataques similares en Casi Todas las CiUdades Almasas, Dresde se convirti\u00f3 en un c\u00edmbolo de la narrativa de extrema derecha, seg\u00fan la cual alemania fue una viclcTima de los aliAdos. Este tambi\u00e9n incluye las especificaciones Descabelladas Sobre el N\u00famero de V\u00edctimas.<\/p>\n<p><strong>Afirmaci\u00f3n:<\/strong> \u00abSi nunca tiene o\u00eddo hablar del Bombardeo de Dresde, te tiene perdido una parte importante de la histia. Se Pasa por Alto en Las Clases de Historia porque no encaja en la narrativa &#8230; \u00ab, afirma este posteo en x del 17 de enero de 2025. otro usuario de x habla de 100.000 A 130,000 V\u00edciMas. La Cifra 250.000 Tambi\u00e9n Circula Entre Los Extremistas de Derecha, Como Maestra Esta Pancarta de Un Grupo de Activistas en la Ciudad de Einbeck, en Baja Sajonia, EN 2020.<\/p>\n<p><strong>DW Verifica: Falso.<\/strong><\/p>\n<p>Seg\u00fan Los Hallazgos Cient\u00edficos que una comisi\u00f3n de Historiadores Recopil\u00f3 Durante A\u00f1os de Trabajo y Public\u00f3 en 2010, Eran Significar Menos de Cientos de Miles. Los investigadores de Los Investigadores de \u00abHasta 25,000 personajes\u00bb que Murieron en Los Ataques A\u00e9reos del 13 al 15 de febrero.<\/p>\n<figure class=\"placeholder-image master_landscape big\"><img data-format=\"MASTER_LANDSCAPE\" data-id=\"71458698\" data-url=\"https:\/\/static.dw.com\/image\/71458698_${formatId}.jpg\" data-aspect-ratio=\"16\/9\" alt=\"La Ciudad de Dresde Luego de los Bombardeos de las Fuerzas Aliadas Contra El R\u00e9gimen Nazi: Cadaverses en Las Calles.\" style=\"padding-bottom: 56.25%; height: 0; max-height: 0;\"\/><figcaption class=\"img-caption\">La Ciudad de Dresde Luego de Los Bombardeos de Las Fuerzas Aliadas Contra El R\u00e9gimen Nazi, EN 1945.<small class=\"copyright\">Imagen: AKG-Images\/Picture Alliance <\/small><\/figcaption><\/figure>\n<p><strong>Estimac\u00eda del N\u00famero de V\u00edctimas en la rda<\/strong><\/p>\n<p>Despu\u00e9s de la rendici\u00f3nicos de Alemania, el 8 de Mayo de 1945, Dresde pas\u00f3 a un formar parte de la zona de ocupaci\u00f3n Eran presente -como &#8216;belicistas&#8217;.<\/p>\n<p>EN BASE A UN ANALISIS DE MAX SEYDEWITZ, UN FUNCIONario del Partido Gobernante en la rda que public\u00f3 en 1955 El Libro \u00abdestrucci\u00f3n y reconstruyendo N\u00famero.<\/p>\n<p>Un Partir de la Reunificaci\u00f3n de Alemania, la extrema derecha comenz\u00f3 a Utilizar la propaganda nazi que \u00abcre\u00f3 el mito de dresde como imagen de la destrucci\u00f3n sen sentido de una inocente ciadoad del arte la cultura\u00bb, explica jerzak. Contrarrestar Las Repetidas Especiales Sobre El N\u00famero de V\u00edctimas, El Alcalde de Dresde y El Parlamento Estatal Saj\u00f3n Convocaron en 2004 UNA Comisi\u00f3n de Historiadores.<\/p>\n<figure class=\"placeholder-image master_landscape big\"><img data-format=\"MASTER_LANDSCAPE\" data-id=\"71540345\" data-url=\"https:\/\/static.dw.com\/image\/71540345_${formatId}.jpeg\" data-aspect-ratio=\"16\/9\" alt=\"Informe Policial Sobre El Bombardeo A Dresde, Con El N\u00famero de Muertos de 22.096. \" style=\"padding-bottom: 56.25%; height: 0; max-height: 0;\"\/><figcaption class=\"img-caption\">Informe Policial Sobre El Bombardeo A Dresde, Con El N\u00famero de Muertos de 22.096. (31.03.1945).<small class=\"copyright\">Imagen: S\u00e4chsisches Staatsarchiv, 10789 Polizeipr\u00e4sidium Dresden, 1025<\/small><\/figcaption><\/figure>\n<p><strong>Resultado de la investigaci\u00f3n<\/strong><\/p>\n<p>Las investigaciones de las<svg xmlns=\"http:\/\/www.w3.org\/2000\/svg\" width=\"20\" height=\"20\" viewbox=\"0 0 20 20\"><path d=\"M11.5 3.5 11.5 4.233C14.342 4.233 15.167 4.245 15.167 4.258L8.984 10.467 10.033 11.516C14.826 6.725 16.228 5.333 16.242 5.333L16.267 9 17.733 9 17.733 2.767 11.5 2.767 11.5 3.5M2.267 11 2.267 17.233 16.733 17.233 16.733 12 15.267 12 15.25 15.75 9.5 15.75 3.75 15.75 3.75 6.25 9.5 6.233 9.5 4.767 2.267 4.767 2.267 11 \"\/><\/svg>  Duraron Cinco A\u00f1os. EN 2010, Las Autoridadadas de Entonces Estimaron Los Muertos EN 25.000. Los Historiadores Estudiaron el Registro Compar\u00e1ndolo Con Varias Otras Fuentes y An\u00e1lisis, Y Encontaron Que Esa Cifra era plausible.<\/p>\n<p>Utilizando Los Minuciosos Registros de Las Autoridadas Nazis, Los Historiados Tambi\u00e9n Pudieron Refutar la Teor\u00eda Generalizada de Que Decenas o Incluso Cientos de Miles de Refugiados de Las Regiones Orientales de Alemania se Encontraban en Dresde y Murieron Indocumumentales. \u00abTodos los Trenes de Refugiados que paraban en una estaci\u00f3n de dresde ten\u00edan que abandonar la ciado en un plazo de 24 Horas, porque debido a la situaci\u00f3n de guerra los trenes ibrecargadas\u00bb, expcica a dw Michael neutzner, Mii \u00abEs Decir, Podemos Suponer Que El N\u00daMERO DE REFUGIANDOS QUE SE ENCONTRABAN ESA NOCHE EN DRESDE ERA DEL ORDEN DE UNAS 1.000 PERSONAS\u00bb.<\/p>\n<p>\u00abDurante 50 A\u00f1os Supusimos que el N\u00daMER de Muertes era de 35.000, y ahora hemos podido grupo de elementos Comisi\u00f3n de Historiadores. Este parece Haber Agitado El \u00c1nimo de Algunos. El Partido de Ultraderecha Afd en el Sarre Afirma que las Cifras \u00abSE Siguen Rebajando Hasta El D\u00eda de Hoy\u00bb.<\/p>\n<p><strong>\u00bfDe D\u00f3nde si la falsa afirmaci\u00f3n de \u00abvarios cientos de millas\u00bb?<\/strong><\/p>\n<p>POCO DESPU\u00c9S DE LOS ATAQUES, empezaron un distinto circular cifras. El Ministerio Alem\u00e1n de Exteriores Tom\u00f3 una frase del Diario Sueco <em>Svenska dagbladet<\/em>del 25 de febrero de 1945, que estima que el n\u00famero de la era \u00abm\u00e1s bien de 200.000 que de 100.000\u201d. ESe Ministerio Orden\u00f3 a la representante Diplom\u00e1tica en Berna Que CiTara Dato. UNA COPIA DE LESE ART\u00cdCULO DE Federal de Alemania.<\/p>\n<p>La Comisi\u00f3n de Historia de la Historia Clasifica Esta Orden Como parte de la \u00abCampa\u00f1a intensiva y Exitosa de Propaganda Extranjera (&#8230;) Contra La Conducci\u00f3n de la Guerra por parte de los Aliados\u00bb. El<em> Svenska dagbladet<\/em> No hay aporta ninguna prueBa Sobre Su C\u00e1lculo. Es probable que los POCOS Corresponsales Restantes de la suecia neutral en berl\u00edn simplemento Hayan adoptado las cifras infladas provistas por las autorr\u00eddicas nazis en conferencias de prensa.<\/p>\n<figure class=\"placeholder-image master_landscape big\"><img data-format=\"MASTER_LANDSCAPE\" data-id=\"71514593\" data-url=\"https:\/\/static.dw.com\/image\/71514593_${formatId}.jpg\" data-aspect-ratio=\"16\/9\" alt=\"Art\u00edculo del Diario Sueco &quot;Svenska dagbladet&quot; Sobre Los Bombardeos Aliados.\" style=\"padding-bottom: 56.25%; height: 0; max-height: 0;\"\/><figcaption class=\"img-caption\">Art\u00edculo del Diario Sueco \u00abSvenska Dagbladet\u00bb Sobre Los Bombardeos Aliados. \u00abCasi 200.000 Bajas Debido al Ataque A Dresde\u00bb. <small class=\"copyright\">Imagen: Svenska Dagbladets Historiska Arkiv<\/small><\/figcaption><\/figure>\n<p><strong>Las Cifras de V\u00edctimas Posteriores Carecen de Fuentes f\u00edas<\/strong><\/p>\n<p>Algual que otros usuarios de Las Redes Sociales, El Ministerio de Asuntos Exteriores de Rusia No se Molesta en Citar Fuentes Cuando menciona, Entre Otras Cosas, La Cifra de 135.000 Muertos, en X.<\/p>\n<figure class=\"placeholder-image master_portrait right\"><img data-format=\"MASTER_PORTRAIT\" data-id=\"71535463\" data-url=\"https:\/\/static.dw.com\/image\/71535463_${formatId}.jpg\" data-aspect-ratio=\"3\/4\" alt=\"CAPTURA DE PANTALLA DE UNO POSTOO EN X del Ministerio Ruso de Exteriores, \u00bfCon el N\u00famero de V\u00edciMas del Notorio Revisionista Hist\u00f3rico y Negacionista del Holocausto David Irving?\" style=\"padding-bottom: 133.33%; height: 0; max-height: 0;\"\/><figcaption class=\"img-caption\">\u00bfEl Ministerio de Asuntos Exteriores Ruso Est\u00e1 Citando Aqu\u00ed El N\u00famero de V\u00edciMas del Notorio Revisionista Hist\u00f3rico y Negacionista del Holocausto David Irving?<small class=\"copyright\">Imagen: DW Fact Check<\/small><\/figcaption><\/figure>\n<p>La MISMA CIFRA FUE CITADA PORE EL AUTORIO AUTORIO Y NOTORIO NEGACONISTA DEL HOLOCAUSTO DAVID IRVING EN 1966, EN UNA Nueva Edici\u00f3n de Su Libro \u00abLa Ca\u00edda de Dresde\u00bb (Publicado Por Primera Vez en 1963). Irving Se Refiere A UNA SUPUESTA \u00abORDEN DEL DIA 47\u00bb DE UNA ALTO MANDO DE LAS SS Y DE LA POLIC\u00cdA DEL 22 DE MARZO DE 1945.<\/p>\n<p>Pero El Antiguo Alcalde de la Ciudad de Dresde, Walter Weidauer, Dio en su libro <em>\u00abInferno Dresden\u00bb,<\/em> Del Mismo a\u00f1o, como \u00abprobado\u00bb que \u00abla ominosa &#8216;orden del d\u00eda nr. 47&#8217; es una falsificaci\u00f3n\u00bb. Weidauer, As\u00ed como m\u00e1s Tarde el Historiador Brit\u00e1nnico Richard J. Evans, Que testific\u00f3 como experto en un proceso contra su compatriota irving en el a\u00f1o 2000, Llegan a la conclusi\u00f3n de que Deb\u00eda conocer la falta de la informaci\u00f3n informativo de este .<\/p>\n<p>EN 2005, El testigo y autor contempor\u00e1no wolfgang schaarschmidt caus\u00f3 sensaci\u00f3n confidencial de que 40.000 v\u00edctimas del bombardeo fuelon entrerradas en secreto en un bosque Cerca de Dresde. Sin embargo, la comisi\u00f3n de historiadores pudo -spostro que las pruebas citadas no ten\u00edan asidero. Untierro Secreto en este Lugar Tambi\u00e9n es complete inveros\u00edgil por motivos propagand\u00edsticos y log\u00edts.<\/p>\n<p>(CP\/ER)<\/p>\n<\/div>\n\n","protected":false},"excerpt":{"rendered":"<p>A \u00daltima Hora de la Tarde del 13 de febrero de 1945, Los Escuadrones de Bombarderos Brit\u00e1nicos y Estadounidenses Comenzaron A Lanzar Devastadores atages A\u00e9reos Sobre Dresde. Al Mediod\u00eda del 15 de febrero, Los Incendios A Gran Escala Se Hab\u00eda Extendido, Cobrando La Vida de Miles de Personas, reducto el Casco Antiguo Casi por por &hellip;<\/p>\n","protected":false},"author":1,"featured_media":13760,"comment_status":"open","ping_status":"open","sticky":false,"template":"","format":"standard","meta":{"fifu_image_url":"https:\/\/static.dw.com\/image\/63970882_6.jpg","fifu_image_alt":"","footnotes":""},"categories":[13],"tags":[],"class_list":["post-13759","post","type-post","status-publish","format-standard","has-post-thumbnail","","category-mundo"],"_links":{"self":[{"href":"https:\/\/noticiasveraces.com\/index.php?rest_route=\/wp\/v2\/posts\/13759","targetHints":{"allow":["GET"]}}],"collection":[{"href":"https:\/\/noticiasveraces.com\/index.php?rest_route=\/wp\/v2\/posts"}],"about":[{"href":"https:\/\/noticiasveraces.com\/index.php?rest_route=\/wp\/v2\/types\/post"}],"author":[{"embeddable":true,"href":"https:\/\/noticiasveraces.com\/index.php?rest_route=\/wp\/v2\/users\/1"}],"replies":[{"embeddable":true,"href":"https:\/\/noticiasveraces.com\/index.php?rest_route=%2Fwp%2Fv2%2Fcomments&post=13759"}],"version-history":[{"count":0,"href":"https:\/\/noticiasveraces.com\/index.php?rest_route=\/wp\/v2\/posts\/13759\/revisions"}],"wp:featuredmedia":[{"embeddable":true,"href":"https:\/\/noticiasveraces.com\/index.php?rest_route=\/wp\/v2\/media\/13760"}],"wp:attachment":[{"href":"https:\/\/noticiasveraces.com\/index.php?rest_route=%2Fwp%2Fv2%2Fmedia&parent=13759"}],"wp:term":[{"taxonomy":"category","embeddable":true,"href":"https:\/\/noticiasveraces.com\/index.php?rest_route=%2Fwp%2Fv2%2Fcategories&post=13759"},{"taxonomy":"post_tag","embeddable":true,"href":"https:\/\/noticiasveraces.com\/index.php?rest_route=%2Fwp%2Fv2%2Ftags&post=13759"}],"curies":[{"name":"wp","href":"https:\/\/api.w.org\/{rel}","templated":true}]}}