{"id":13744,"date":"2025-02-08T01:27:20","date_gmt":"2025-02-08T05:27:20","guid":{"rendered":"https:\/\/noticiasveraces.com\/?p=13744"},"modified":"2025-02-08T01:27:20","modified_gmt":"2025-02-08T05:27:20","slug":"trump-descarta-el-jefe-de-los-archivos-nacionales","status":"publish","type":"post","link":"https:\/\/noticiasveraces.com\/?p=13744","title":{"rendered":"Trump descarta el jefe de los archivos nacionales"},"content":{"rendered":"<p> \n<br \/><img decoding=\"async\" src=\"https:\/\/media-cldnry.s-nbcnews.com\/image\/upload\/t_fit_1500w\/rockcms\/2025-02\/250207-Colleen-Shogan-2023-ac-940p-1dc9df.jpg\" \/><\/p>\n<div>\n<p class=\"body-graf\">El presidente Donald Trump desestim\u00f3 al jefe de los Archivos Nacionales, dijo un funcionario de la Casa Blanca el viernes por la noche, despu\u00e9s de un voto el mes pasado de cambiar el liderazgo sobre la agencia, que estuvo involucrado en el caso criminal que hab\u00eda acusado a Trump de mal manejo de documentos clasificados.<\/p>\n<p class=\"body-graf\">El director de personal presidencial de la Casa Blanca, Sergio Gor, dijo en X que la archivista nacional Colleen Shogan fue despedida el viernes por la noche en direcci\u00f3n a Trump.<\/p>\n<p class=\"body-graf\">\u201cEn la direcci\u00f3n de @realDonaldTrump, el archivero de los Estados Unidos ha sido despedido esta noche. Agradecemos a Colleen Shogan por su servicio \u201d, escribi\u00f3 Gor.<\/p>\n<p class=\"body-graf\">Gor no indic\u00f3 qui\u00e9n se har\u00eda cargo de la posici\u00f3n de Shogan. <\/p>\n<p class=\"body-graf\">Los Archivos Nacionales no proporcionaron una respuesta cuando se les pregunt\u00f3 sobre el despido de Shogan, en su lugar, refer\u00eda a NBC News a la Casa Blanca para hacer comentarios. La Casa Blanca no respondi\u00f3 de inmediato a una solicitud de comentarios.<\/p>\n<p class=\"body-graf\">Una publicaci\u00f3n de una cuenta de LinkedIn que aparentemente pertenece a Shogan reconoci\u00f3 la terminaci\u00f3n.<\/p>\n<p class=\"body-graf\">\u00abEsta noche, el presidente Trump me despidi\u00f3. No se cit\u00f3 ninguna causa o raz\u00f3n. Ha sido un honor que sirve como el 11 \u00b0 archivero de los Estados Unidos. Tengo cero arrepentimientos: ha hecho todo lo posible todos los d\u00edas por los archivos nacionales y los estadounidenses Gente \u00ab, dijo la publicaci\u00f3n. <\/p>\n<p class=\"body-graf\">Trump dijo en una entrevista con el presentador de radio Hugh Hewitt el mes pasado que ten\u00eda la intenci\u00f3n de despedir a Shogan, diciendo: \u00abTendremos un nuevo archivero\u00bb.<\/p>\n<p class=\"body-graf\">Los Archivos Nacionales desempe\u00f1aron un papel clave en el caso penal contra Trump, alertando al Departamento de Justicia en 2022 que Trump hab\u00eda mal manejado los documentos clasificados despu\u00e9s de que el presidente no devolvi\u00f3 los registros que la agencia hab\u00eda solicitado, algo que los presidentes deben hacer despu\u00e9s de salir de la oficina.<\/p>\n<p class=\"body-graf\">Shogan, quien se convirti\u00f3 en archivero nacional en mayo de 2023, no lideraba la agencia en el momento de su participaci\u00f3n en el caso.<\/p>\n<p class=\"body-graf\">Trump finalmente devolvi\u00f3 algunos de los registros, pero mantuvo otros, y los investigadores dijeron que ellos<strong> <\/strong>Obtuvo el video de seguridad en julio de 2022 que muestra los asistentes de Trump moviendo cajas de documentos clasificados. El FBI luego abri\u00f3 una investigaci\u00f3n criminal sobre Trump, buscando en su residencia Mar-a-Lago y encontrando 11 conjuntos adicionales de documentos. <\/p>\n<p class=\"body-graf\">Trump, quien fue el primer ex presidente acusado de delitos federales, se declar\u00f3 inocente de cualquier irregularidad. <\/p>\n<p class=\"body-graf\">El juez federal designado por Trump, Aileen Cannon, desestim\u00f3 el caso el a\u00f1o pasado, argumentando que el abogado especial del Departamento de Justicia, Jack Smith, hab\u00eda sido designado inconstitucionalmente. Smith apel\u00f3 el desestimaci\u00f3n, pero termin\u00f3 el caso despu\u00e9s de las elecciones de Trump el a\u00f1o pasado debido a la pr\u00e1ctica del Departamento de Justicia de larga data de no procesar a los presidentes sentados.<\/p>\n<p class=\"endmark body-graf\">Desde que asumi\u00f3 el cargo el mes pasado, la administraci\u00f3n Trump ha desestimado a varios funcionarios que han participado en investigaciones contra el presidente, despidiendo a varios abogados de carrera del Departamento de Justicia y altos funcionarios del FBI. Dos grupos de agentes del FBI que participaron en investigaciones en su contra demandaron al Departamento de Justicia el martes, alegando que una encuesta que recibieron instrucciones de completar sus roles se utiliz\u00f3 para identificar objetivos para el despido.<\/p>\n<\/div>\n\n","protected":false},"excerpt":{"rendered":"<p>El presidente Donald Trump desestim\u00f3 al jefe de los Archivos Nacionales, dijo un funcionario de la Casa Blanca el viernes por la noche, despu\u00e9s de un voto el mes pasado de cambiar el liderazgo sobre la agencia, que estuvo involucrado en el caso criminal que hab\u00eda acusado a Trump de mal manejo de documentos clasificados. &hellip;<\/p>\n","protected":false},"author":1,"featured_media":13746,"comment_status":"open","ping_status":"open","sticky":false,"template":"","format":"standard","meta":{"fifu_image_url":"https:\/\/media-cldnry.s-nbcnews.com\/image\/upload\/t_nbcnews-fp-1200-630,f_auto,q_auto:best\/rockcms\/2025-02\/250207-Colleen-Shogan-2023-ac-940p-1dc9df.jpg","fifu_image_alt":"","footnotes":""},"categories":[4],"tags":[],"class_list":["post-13744","post","type-post","status-publish","format-standard","has-post-thumbnail","","category-historias-destacadas"],"_links":{"self":[{"href":"https:\/\/noticiasveraces.com\/index.php?rest_route=\/wp\/v2\/posts\/13744","targetHints":{"allow":["GET"]}}],"collection":[{"href":"https:\/\/noticiasveraces.com\/index.php?rest_route=\/wp\/v2\/posts"}],"about":[{"href":"https:\/\/noticiasveraces.com\/index.php?rest_route=\/wp\/v2\/types\/post"}],"author":[{"embeddable":true,"href":"https:\/\/noticiasveraces.com\/index.php?rest_route=\/wp\/v2\/users\/1"}],"replies":[{"embeddable":true,"href":"https:\/\/noticiasveraces.com\/index.php?rest_route=%2Fwp%2Fv2%2Fcomments&post=13744"}],"version-history":[{"count":0,"href":"https:\/\/noticiasveraces.com\/index.php?rest_route=\/wp\/v2\/posts\/13744\/revisions"}],"wp:featuredmedia":[{"embeddable":true,"href":"https:\/\/noticiasveraces.com\/index.php?rest_route=\/wp\/v2\/media\/13746"}],"wp:attachment":[{"href":"https:\/\/noticiasveraces.com\/index.php?rest_route=%2Fwp%2Fv2%2Fmedia&parent=13744"}],"wp:term":[{"taxonomy":"category","embeddable":true,"href":"https:\/\/noticiasveraces.com\/index.php?rest_route=%2Fwp%2Fv2%2Fcategories&post=13744"},{"taxonomy":"post_tag","embeddable":true,"href":"https:\/\/noticiasveraces.com\/index.php?rest_route=%2Fwp%2Fv2%2Ftags&post=13744"}],"curies":[{"name":"wp","href":"https:\/\/api.w.org\/{rel}","templated":true}]}}