{"id":13739,"date":"2025-02-08T01:02:30","date_gmt":"2025-02-08T05:02:30","guid":{"rendered":"https:\/\/noticiasveraces.com\/?p=13739"},"modified":"2025-02-08T01:02:30","modified_gmt":"2025-02-08T05:02:30","slug":"biden-no-terra-acceso-a-informacion-clasificada-dijo-trump-dw-08-08-2025","status":"publish","type":"post","link":"https:\/\/noticiasveraces.com\/?p=13739","title":{"rendered":"Biden No Terr\u00e1 Acceso A Informaci\u00f3n Clasificada, Dijo Trump &#8211; DW &#8211; 08\/08\/2025"},"content":{"rendered":"<p> \n<\/p>\n<div>\n<p>El Presidente de Estados Unidos, Donald Trump, Anunci\u00f3 Este Viernes (07.02.2025) Que Revocar\u00e1 El Acceso A Informaci\u00f3n Clasificada A Su Predecesor, Joe Biden (2021-2025), y frenar\u00e1 que reciba un diario documentos de la distintas de engencias de inteligencia.<\/p>\n<p>\u00abNo hay necesidad de heno de que Joe biden Siga Recibido Acceso A Informaci\u00f3n Clasificada. Por Lo Tanto, Revocaremos en Mediateo Las Autorizaciones de Seguridad de Joe Biden y Sfirmos Sus Informes de Inteligencia Diarios\u00bb, Inform\u00f3 en Su Red Social, Truth Social.<\/p>\n<p>\u00abJoe, Est\u00e1s Desprecido. \u00a1Hagamos que Estados Unidos Sea Grande Otra Vez!\u00bb, Sentenci\u00f3 Trump.<\/p>\n<p>El Presidente Justific\u00f3 Esa Medida Alegando Que El Propio Biden Sent\u00f3n Este Precedente \u00abCuando Orden\u00f3 A la Comunidad de Inteligencia (IC, en Ingl\u00e9s) que impidiera al 45\u00ba Presidente de Estados Unidos (Trump) expresidentes \u00ab.<\/p>\n<p>\u00abEl Informe Hur Revel\u00f3 que Biden Sufre de &#8216;Mala Memoria&#8217; Y Que, inclusi\u00f3n en su &#8216;Momento&#8217;, no se le pod\u00eda confiar informante confidencial. Siempre proteger\u00e9 nuestra seguridad nacional\u00bb, indic\u00f3 el l\u00edder republicano.<\/p>\n<p>El Informe que mencion\u00f3 se Refiere a la Investigaci\u00f3n Realizada El Pasado Febero por Robert Hur, Fiscal Especial del Departamento de Justicia, en el Que Concluy\u00f3 Que Biden Hab\u00eda Mostrado Mala Memoria Durante Los Interrogatorios Sobre Su Manejo de Documentos Durante Durante COLO VECESIENDE.<\/p>\n<p>MG (EFE, AFP)<\/p>\n<\/p>\n<\/div>\n\n","protected":false},"excerpt":{"rendered":"<p>El Presidente de Estados Unidos, Donald Trump, Anunci\u00f3 Este Viernes (07.02.2025) Que Revocar\u00e1 El Acceso A Informaci\u00f3n Clasificada A Su Predecesor, Joe Biden (2021-2025), y frenar\u00e1 que reciba un diario documentos de la distintas de engencias de inteligencia. \u00abNo hay necesidad de heno de que Joe biden Siga Recibido Acceso A Informaci\u00f3n Clasificada. Por Lo &hellip;<\/p>\n","protected":false},"author":1,"featured_media":13740,"comment_status":"open","ping_status":"open","sticky":false,"template":"","format":"standard","meta":{"fifu_image_url":"https:\/\/static.dw.com\/image\/71352649_6.jpg","fifu_image_alt":"","footnotes":""},"categories":[13],"tags":[],"class_list":["post-13739","post","type-post","status-publish","format-standard","has-post-thumbnail","","category-mundo"],"_links":{"self":[{"href":"https:\/\/noticiasveraces.com\/index.php?rest_route=\/wp\/v2\/posts\/13739","targetHints":{"allow":["GET"]}}],"collection":[{"href":"https:\/\/noticiasveraces.com\/index.php?rest_route=\/wp\/v2\/posts"}],"about":[{"href":"https:\/\/noticiasveraces.com\/index.php?rest_route=\/wp\/v2\/types\/post"}],"author":[{"embeddable":true,"href":"https:\/\/noticiasveraces.com\/index.php?rest_route=\/wp\/v2\/users\/1"}],"replies":[{"embeddable":true,"href":"https:\/\/noticiasveraces.com\/index.php?rest_route=%2Fwp%2Fv2%2Fcomments&post=13739"}],"version-history":[{"count":0,"href":"https:\/\/noticiasveraces.com\/index.php?rest_route=\/wp\/v2\/posts\/13739\/revisions"}],"wp:featuredmedia":[{"embeddable":true,"href":"https:\/\/noticiasveraces.com\/index.php?rest_route=\/wp\/v2\/media\/13740"}],"wp:attachment":[{"href":"https:\/\/noticiasveraces.com\/index.php?rest_route=%2Fwp%2Fv2%2Fmedia&parent=13739"}],"wp:term":[{"taxonomy":"category","embeddable":true,"href":"https:\/\/noticiasveraces.com\/index.php?rest_route=%2Fwp%2Fv2%2Fcategories&post=13739"},{"taxonomy":"post_tag","embeddable":true,"href":"https:\/\/noticiasveraces.com\/index.php?rest_route=%2Fwp%2Fv2%2Ftags&post=13739"}],"curies":[{"name":"wp","href":"https:\/\/api.w.org\/{rel}","templated":true}]}}