{"id":13718,"date":"2025-02-07T20:51:04","date_gmt":"2025-02-08T00:51:04","guid":{"rendered":"https:\/\/noticiasveraces.com\/?p=13718"},"modified":"2025-02-07T20:51:04","modified_gmt":"2025-02-08T00:51:04","slug":"trump-disputon-un-tener-relaces-con-corea-del-norte-dw-08-08-2025","status":"publish","type":"post","link":"https:\/\/noticiasveraces.com\/?p=13718","title":{"rendered":"Trump disput\u00f3n un tener relaces con corea del norte &#8211; dw &#8211; 08\/08\/2025"},"content":{"rendered":"<p> \n<\/p>\n<div>\n<p>El Presidente de Estados Unidos, Donald Trump, Anunci\u00f3 Este Viernes (07.02.2025) Su Intenci\u00f3n de Tejer \u00abRelaciones\u00bb Con El R\u00e9gimen Norcoreano de Kim Jong-un, Con Quien Ya Mantuvo una Buena Relaci\u00f3n Durante Su Primer Mandato.<\/p>\n<p>\u00abRelaciones de tendro con corea del Norte y con kim jong-un. Me lllev\u00e9 muy bien Conse. Creo que detuve una Guerra\u00bb, Declar\u00f3 en una rueda de prensa en la Casa Blanca Junta al Primer Ministro Japon\u00e9s, Shigeru Ishiba.<\/p>\n<p>\u00abCreo Que es una gran Ventaja para todos que me llleve Bien Conse. Me Gusta, Quiero Decir, Me Llevo Bien Con \u00e9l, \u00e9l se llleva Bien Conmigo. Y eSo es algo Bueno, No Malo\u00bb, Agreg\u00f3 el Republicano, Quiena YA YA Gobern\u00f3 Entre 2017 y 2021.<\/p>\n<p>Asimismo, Asegur\u00f3 que \u00abA Jap\u00f3n le Gusta la Idea Porque Su Relaci\u00f3n No es Muy Buena\u00bb Con Kim Jong-un Y Estados Unidos Podr\u00eda Mediar Entre Ambos.<\/p>\n<p>\u00abCreo que eSo es un tremendo Activo para el Mundo, no solo para estados unidos\u00bb, consider\u00f3 Trump.<\/p>\n<p>\u00abSer\u00eda Fant\u00e1sstico\u00bb<\/p>\n<p>Por su parte, el Primer Ministro Nip\u00f3n Respondi\u00f3 que la Relaci\u00f3n Entre Washington y Pyongyang la Debe \u00abDetetinar Estados Unidos\u00bb y que no es algo que jap\u00f3n \u00abpedir\u00eda\u00bb un triunfo.<\/p>\n<p>Ishiba Agreg\u00f3 que los Encuentros que Tuvo Trump Con Kim Jong-un en Vietnam y en Singapur Fueron \u00abMuy Positivos\u00bb.<\/p>\n<p>Afirm\u00f3 tambi\u00e9n que \u00abser\u00eda fant\u00e1stico\u00bb que el el republicano pudiera \u00abavanzar hacia la resoluci\u00f3n de los problemas con la coraa del norte\u00bb, entre los que cit\u00f3 la desnuclearizaci\u00f3n.<\/p>\n<p>Durante Su Primer Mandato, Trump protagoniz\u00f3 una estrategia de acercamiento hacia el dictador norcoreano, con quien dijo que se deja en Coreas.<\/p>\n<p>Sin embargo, Las Negociaciones se estancaron y no se tradujeron en avances significativos en la desnuclearizaci\u00f3 de corea del Norte.<\/p>\n<p>MG (Efe, Reuters)<\/p>\n<div class=\"vjs-wrapper embed big\">\n<h2 aria-label=\"Video integrado \u2014 Sanciones de Trump a la CPI\" class=\"headline\"><svg xmlns=\"http:\/\/www.w3.org\/2000\/svg\" viewbox=\"0 0 20 20\"><g fill-rule=\"evenodd\"><path d=\"M14.114 7.599H13.5l.002 4.706h.601l4.582 3.25-.005-11.11zM11.084 4.444l-9.007.002-1.336.797.002 9.514 1.334.793 9.007.006 1.509-.799-.004-9.516z\"\/><\/g><\/svg>Sanciones de Trump a la CPI<\/h2>\n<p><video id=\"video-71544605\" controls=\"\" playsinline=\"\" preload=\"none\" poster=\"data:image\/png;base64,iVBORw0KGgoAAAANSUhEUgAAAAEAAAABCAQAAAC1HAwCAAAAC0lEQVR42mNkYAAAAAYAAjCB0C8AAAAASUVORK5CYII=\" data-id=\"71544605\" data-posterurl=\"https:\/\/static.dw.com\/image\/71441339_605.webp\" data-duration=\"02:11\"><source src=\"https:\/\/hlsvod.dw.com\/i\/dwtv_video\/flv\/js\/js20250207_ICC14E_,AVC_480x270,AVC_512x288,AVC_640x360,AVC_960x540,AVC_1280x720,AVC_1920x1080,.mp4.csmil\/master.m3u8\" type=\"application\/x-mpegURL\"><source src=\"https:\/\/tvdownloaddw-a.akamaihd.net\/dwtv_video\/flv\/js\/js20250207_ICC14E_AVC_1920x1080.mp4\" type=\"video\/mp4\"><p class=\"vjs-no-js\">Para ver este video, habilite JavaScript y considere actualizar a un navegador web que admite el video HTML5<\/p>\n<p><\/source><\/source><\/video><\/div>\n<\/div>\n\n","protected":false},"excerpt":{"rendered":"<p>El Presidente de Estados Unidos, Donald Trump, Anunci\u00f3 Este Viernes (07.02.2025) Su Intenci\u00f3n de Tejer \u00abRelaciones\u00bb Con El R\u00e9gimen Norcoreano de Kim Jong-un, Con Quien Ya Mantuvo una Buena Relaci\u00f3n Durante Su Primer Mandato. \u00abRelaciones de tendro con corea del Norte y con kim jong-un. Me lllev\u00e9 muy bien Conse. Creo que detuve una Guerra\u00bb, &hellip;<\/p>\n","protected":false},"author":1,"featured_media":13719,"comment_status":"open","ping_status":"open","sticky":false,"template":"","format":"standard","meta":{"fifu_image_url":"https:\/\/static.dw.com\/image\/71429666_6.jpg","fifu_image_alt":"","footnotes":""},"categories":[13],"tags":[],"class_list":["post-13718","post","type-post","status-publish","format-standard","has-post-thumbnail","","category-mundo"],"_links":{"self":[{"href":"https:\/\/noticiasveraces.com\/index.php?rest_route=\/wp\/v2\/posts\/13718","targetHints":{"allow":["GET"]}}],"collection":[{"href":"https:\/\/noticiasveraces.com\/index.php?rest_route=\/wp\/v2\/posts"}],"about":[{"href":"https:\/\/noticiasveraces.com\/index.php?rest_route=\/wp\/v2\/types\/post"}],"author":[{"embeddable":true,"href":"https:\/\/noticiasveraces.com\/index.php?rest_route=\/wp\/v2\/users\/1"}],"replies":[{"embeddable":true,"href":"https:\/\/noticiasveraces.com\/index.php?rest_route=%2Fwp%2Fv2%2Fcomments&post=13718"}],"version-history":[{"count":0,"href":"https:\/\/noticiasveraces.com\/index.php?rest_route=\/wp\/v2\/posts\/13718\/revisions"}],"wp:featuredmedia":[{"embeddable":true,"href":"https:\/\/noticiasveraces.com\/index.php?rest_route=\/wp\/v2\/media\/13719"}],"wp:attachment":[{"href":"https:\/\/noticiasveraces.com\/index.php?rest_route=%2Fwp%2Fv2%2Fmedia&parent=13718"}],"wp:term":[{"taxonomy":"category","embeddable":true,"href":"https:\/\/noticiasveraces.com\/index.php?rest_route=%2Fwp%2Fv2%2Fcategories&post=13718"},{"taxonomy":"post_tag","embeddable":true,"href":"https:\/\/noticiasveraces.com\/index.php?rest_route=%2Fwp%2Fv2%2Ftags&post=13718"}],"curies":[{"name":"wp","href":"https:\/\/api.w.org\/{rel}","templated":true}]}}