{"id":13715,"date":"2025-02-07T19:50:11","date_gmt":"2025-02-07T23:50:11","guid":{"rendered":"https:\/\/noticiasveraces.com\/?p=13715"},"modified":"2025-02-07T19:50:11","modified_gmt":"2025-02-07T23:50:11","slug":"el-presidente-trump-dice-tendremos-relaciones-con-corea-del-norte-big-asset-que-se-lleva-bien-con-kim","status":"publish","type":"post","link":"https:\/\/noticiasveraces.com\/?p=13715","title":{"rendered":"El presidente Trump dice \u00abTendremos relaciones con Corea del Norte\u00bb; &#8216;Big Asset&#8217; que se lleva bien con Kim"},"content":{"rendered":"<p> \n<\/p>\n<div>\n<div class=\"article-gating gated-overlay\">\n<div class=\"article-gating-wrapper\">\n<p>\u00danase a Fox News para acceder a este contenido<\/p>\n<p>Adem\u00e1s de acceso especial a art\u00edculos seleccionados y otro contenido premium con su cuenta, de forma gratuita.<\/p>\n<div class=\"article-gating-legal tablet-desktop\">Al ingresar su correo electr\u00f3nico y presionar continuar, usted acepta los t\u00e9rminos de uso y la pol\u00edtica de privacidad de Fox News, que incluye nuestro aviso de incentivo financiero.\n    <\/div>\n<p><span>Por favor, introduce una direcci\u00f3n de correo electr\u00f3nico v\u00e1lida.<\/span><\/p>\n<footer class=\"article-gating-footer\">\u00bfTiene problemas? Haga clic aqu\u00ed.<\/footer>\n<\/div>\n<\/div>\n<p class=\"speakable\">El presidente Donald Trump recibi\u00f3 al primer ministro japon\u00e9s Shigeru Ishiba en la Casa Blanca el viernes y dijo que Estados Unidos tendr\u00e1 relaciones con el r\u00e9gimen del dictador de Corea del Norte Kim Jong Un.<\/p>\n<p class=\"speakable\">\u00abTendremos relaciones con Corea del Norte, con Kim Jong Un. Me llevo muy bien con ellos\u00bb, dijo Trump a los periodistas junto a Ishiba.<\/p>\n<p>Trump, quien conoci\u00f3 a Kim por primera vez en 2018 en Singapur y se convirti\u00f3 en el primer presidente en funciones en reunirse con el l\u00edder de Corea del Norte, est\u00e1 buscando construir su diplomacia personal que estableci\u00f3 con Kim durante su primer mandato.<\/p>\n<p><strong>Los soldados norcoreanos en Rusia recurren al suicidio en medio de la captura de primeros prisioneros de guerra de Ucrania<\/strong><\/p>\n<div class=\"image-ct inline\">\n<div class=\"m\"><picture><source media=\"(max-width: 767px)\" srcset=\"https:\/\/a57.foxnews.com\/static.foxnews.com\/foxnews.com\/content\/uploads\/2025\/02\/343\/192\/trump-japan-scaled.jpg?ve=1&amp;tl=1, https:\/\/a57.foxnews.com\/static.foxnews.com\/foxnews.com\/content\/uploads\/2025\/02\/686\/384\/trump-japan-scaled.jpg?ve=1&amp;tl=1 2x\" height=\"192\" width=\"343\"><source media=\"(min-width: 768px) and (max-width: 1023px)\" srcset=\"https:\/\/a57.foxnews.com\/static.foxnews.com\/foxnews.com\/content\/uploads\/2025\/02\/672\/378\/trump-japan-scaled.jpg?ve=1&amp;tl=1, https:\/\/a57.foxnews.com\/static.foxnews.com\/foxnews.com\/content\/uploads\/2025\/02\/1344\/756\/trump-japan-scaled.jpg?ve=1&amp;tl=1 2x\" height=\"378\" width=\"672\"><source media=\"(min-width: 1024px) and (max-width: 1279px)\" srcset=\"https:\/\/a57.foxnews.com\/static.foxnews.com\/foxnews.com\/content\/uploads\/2025\/02\/931\/523\/trump-japan-scaled.jpg?ve=1&amp;tl=1, https:\/\/a57.foxnews.com\/static.foxnews.com\/foxnews.com\/content\/uploads\/2025\/02\/1862\/1046\/trump-japan-scaled.jpg?ve=1&amp;tl=1 2x\" height=\"523\" width=\"931\"><source media=\"(min-width: 1280px)\" srcset=\"https:\/\/a57.foxnews.com\/static.foxnews.com\/foxnews.com\/content\/uploads\/2025\/02\/720\/405\/trump-japan-scaled.jpg?ve=1&amp;tl=1, https:\/\/a57.foxnews.com\/static.foxnews.com\/foxnews.com\/content\/uploads\/2025\/02\/1440\/810\/trump-japan-scaled.jpg?ve=1&amp;tl=1 2x\" height=\"405\" width=\"720\"><img loading=\"lazy\" decoding=\"async\" src=\"https:\/\/a57.foxnews.com\/static.foxnews.com\/foxnews.com\/content\/uploads\/2025\/02\/1200\/675\/trump-japan-scaled.jpg?ve=1&amp;tl=1\" alt=\"Trump y el primer ministro de Jap\u00f3n\" width=\"1200\" height=\"675\"\/><\/source><\/source><\/source><\/source><\/picture><\/div>\n<div class=\"info\">\n<div class=\"caption\">\n<p><span>El presidente Donald Trump habla durante una conferencia de prensa con el primer ministro de Jap\u00f3n, Shigeru Ishiba, en la Casa Blanca el viernes 7 de febrero de 2025 en Washington.<\/span> <span>(AP Photo\/Evan Vucci)<\/span><\/p>\n<\/div>\n<\/div>\n<\/div>\n<p>\u00abTuvimos una buena relaci\u00f3n. Y creo que es un activo muy grande para todos que me llevo bien con ellos\u00bb, dijo el presidente. <\/p>\n<p>Trump volvi\u00f3 a encontrar a Kim en 2019 y se convirti\u00f3 en el primer presidente en pisar el territorio de Corea del Norte desde la zona desmilitarizada.<\/p>\n<p>Trump dijo que Jap\u00f3n dar\u00eda la bienvenida al di\u00e1logo renovado con Corea del Norte porque las relaciones entre Jap\u00f3n y Corea del Norte siguen tensas desde que las relaciones diplom\u00e1ticas nunca se han establecido.<\/p>\n<p>\u00abY puedo decirte que a Jap\u00f3n le gusta la idea porque su relaci\u00f3n no es muy buena con \u00e9l\u00bb, dijo Trump.<\/p>\n<p><strong>Corea del Norte golpea la etiqueta del &#8216;estado deshonesto&#8217; de Rubio como &#8216;tonter\u00edas&#8217;, promete retroceder contra la administraci\u00f3n de Trump<\/strong><\/p>\n<div class=\"image-ct inline\">\n<div class=\"m\"><picture><source media=\"(max-width: 767px)\" srcset=\"https:\/\/a57.foxnews.com\/static.foxnews.com\/foxnews.com\/content\/uploads\/2025\/02\/343\/192\/kim-jong-un-and-donald-trump.jpg?ve=1&amp;tl=1, https:\/\/a57.foxnews.com\/static.foxnews.com\/foxnews.com\/content\/uploads\/2025\/02\/686\/384\/kim-jong-un-and-donald-trump.jpg?ve=1&amp;tl=1 2x\" height=\"192\" width=\"343\"><source media=\"(min-width: 768px) and (max-width: 1023px)\" srcset=\"https:\/\/a57.foxnews.com\/static.foxnews.com\/foxnews.com\/content\/uploads\/2025\/02\/672\/378\/kim-jong-un-and-donald-trump.jpg?ve=1&amp;tl=1, https:\/\/a57.foxnews.com\/static.foxnews.com\/foxnews.com\/content\/uploads\/2025\/02\/1344\/756\/kim-jong-un-and-donald-trump.jpg?ve=1&amp;tl=1 2x\" height=\"378\" width=\"672\"><source media=\"(min-width: 1024px) and (max-width: 1279px)\" srcset=\"https:\/\/a57.foxnews.com\/static.foxnews.com\/foxnews.com\/content\/uploads\/2025\/02\/931\/523\/kim-jong-un-and-donald-trump.jpg?ve=1&amp;tl=1, https:\/\/a57.foxnews.com\/static.foxnews.com\/foxnews.com\/content\/uploads\/2025\/02\/1862\/1046\/kim-jong-un-and-donald-trump.jpg?ve=1&amp;tl=1 2x\" height=\"523\" width=\"931\"><source media=\"(min-width: 1280px)\" srcset=\"https:\/\/a57.foxnews.com\/static.foxnews.com\/foxnews.com\/content\/uploads\/2025\/02\/720\/405\/kim-jong-un-and-donald-trump.jpg?ve=1&amp;tl=1, https:\/\/a57.foxnews.com\/static.foxnews.com\/foxnews.com\/content\/uploads\/2025\/02\/1440\/810\/kim-jong-un-and-donald-trump.jpg?ve=1&amp;tl=1 2x\" height=\"405\" width=\"720\"><img loading=\"lazy\" decoding=\"async\" src=\"https:\/\/a57.foxnews.com\/static.foxnews.com\/foxnews.com\/content\/uploads\/2025\/02\/1200\/675\/kim-jong-un-and-donald-trump.jpg?ve=1&amp;tl=1\" alt=\"Kim Jong Un y Donald Trump\" width=\"1200\" height=\"675\"\/><\/source><\/source><\/source><\/source><\/picture><\/div>\n<div class=\"info\">\n<div class=\"caption\">\n<p><span>El presidente Donald Trump se reuni\u00f3 con Kim Jong Un en Singapur en junio de 2018 durante su primer mandato como presidente.<\/span> <span>(AP\/Evan Vucci)<\/span><\/p>\n<\/div>\n<\/div>\n<\/div>\n<p>Ishiba dijo que es un desarrollo positivo que Trump y Kim se conocieron durante el primer mandato de Trump. Y ahora que ha regresado al poder, los Estados Unidos, Jap\u00f3n y sus aliados pueden avanzar hacia la resoluci\u00f3n de problemas con Corea del Norte, incluida la desnuclearizaci\u00f3n.<\/p>\n<p>\u00abJap\u00f3n y EE. UU. Trabajar\u00e1n juntos hacia la desnuclearizaci\u00f3n completa de Corea del Norte\u00bb, agreg\u00f3 Ishiba.<\/p>\n<p>El primer ministro Ishiba tambi\u00e9n abord\u00f3 una queja que involucr\u00f3 el secuestro de ciudadanos japoneses por parte de Corea del Norte en los a\u00f1os setenta y ochenta. Aunque Corea del Norte liber\u00f3 a algunos de los prisioneros a principios de la d\u00e9cada de 2000, Pyongyang nunca proporcion\u00f3 a Jap\u00f3n una explicaci\u00f3n para el secuestro de sus ciudadanos, y no puede haber una normalizaci\u00f3n de las relaciones entre Jap\u00f3n y Corea del Norte hasta que se resuelva el problema.<\/p>\n<p>\u00abY as\u00ed nuestro tiempo es limitado\u00bb, advirti\u00f3 Ishiba.<\/p>\n<p><strong>Haga clic aqu\u00ed para obtener la aplicaci\u00f3n Fox News<\/strong><\/p>\n<p>\u00abEntonces, no s\u00e9 si el presidente de los Estados Unidos, si el presidente Trump puede resolver este problema. Entendemos que es un problema de Jap\u00f3n, ante todo. Habiendo dicho eso, nos encantar\u00eda continuar cooperando con ellos \u00ab, agreg\u00f3 el primer ministro.<\/p>\n<\/div>\n\n","protected":false},"excerpt":{"rendered":"<p>\u00danase a Fox News para acceder a este contenido Adem\u00e1s de acceso especial a art\u00edculos seleccionados y otro contenido premium con su cuenta, de forma gratuita. Al ingresar su correo electr\u00f3nico y presionar continuar, usted acepta los t\u00e9rminos de uso y la pol\u00edtica de privacidad de Fox News, que incluye nuestro aviso de incentivo financiero. &hellip;<\/p>\n","protected":false},"author":1,"featured_media":13717,"comment_status":"open","ping_status":"open","sticky":false,"template":"","format":"standard","meta":{"fifu_image_url":"https:\/\/static.foxnews.com\/foxnews.com\/content\/uploads\/2019\/12\/trump-kim-2-AP.jpg","fifu_image_alt":"","footnotes":""},"categories":[13],"tags":[],"class_list":["post-13715","post","type-post","status-publish","format-standard","has-post-thumbnail","","category-mundo"],"_links":{"self":[{"href":"https:\/\/noticiasveraces.com\/index.php?rest_route=\/wp\/v2\/posts\/13715","targetHints":{"allow":["GET"]}}],"collection":[{"href":"https:\/\/noticiasveraces.com\/index.php?rest_route=\/wp\/v2\/posts"}],"about":[{"href":"https:\/\/noticiasveraces.com\/index.php?rest_route=\/wp\/v2\/types\/post"}],"author":[{"embeddable":true,"href":"https:\/\/noticiasveraces.com\/index.php?rest_route=\/wp\/v2\/users\/1"}],"replies":[{"embeddable":true,"href":"https:\/\/noticiasveraces.com\/index.php?rest_route=%2Fwp%2Fv2%2Fcomments&post=13715"}],"version-history":[{"count":0,"href":"https:\/\/noticiasveraces.com\/index.php?rest_route=\/wp\/v2\/posts\/13715\/revisions"}],"wp:featuredmedia":[{"embeddable":true,"href":"https:\/\/noticiasveraces.com\/index.php?rest_route=\/wp\/v2\/media\/13717"}],"wp:attachment":[{"href":"https:\/\/noticiasveraces.com\/index.php?rest_route=%2Fwp%2Fv2%2Fmedia&parent=13715"}],"wp:term":[{"taxonomy":"category","embeddable":true,"href":"https:\/\/noticiasveraces.com\/index.php?rest_route=%2Fwp%2Fv2%2Fcategories&post=13715"},{"taxonomy":"post_tag","embeddable":true,"href":"https:\/\/noticiasveraces.com\/index.php?rest_route=%2Fwp%2Fv2%2Ftags&post=13715"}],"curies":[{"name":"wp","href":"https:\/\/api.w.org\/{rel}","templated":true}]}}