{"id":13709,"date":"2025-02-07T18:47:18","date_gmt":"2025-02-07T22:47:18","guid":{"rendered":"https:\/\/noticiasveraces.com\/?p=13709"},"modified":"2025-02-07T18:47:18","modified_gmt":"2025-02-07T22:47:18","slug":"el-presidente-de-brasil-le-dice-al-pais-que-no-compre-comestibles-caros-a-medida-que-aumentan-los-precios-de-los-alimentos","status":"publish","type":"post","link":"https:\/\/noticiasveraces.com\/?p=13709","title":{"rendered":"El presidente de Brasil, le dice al pa\u00eds que no compre comestibles caros a medida que aumentan los precios de los alimentos"},"content":{"rendered":"<p> \n<\/p>\n<div>\n<p class=\"speakable\">El presidente izquierdista de Brasil dijo recientemente a los ciudadanos del pa\u00eds que no compraran art\u00edculos caros de supermercados en un esfuerzo por combatir los altos precios de los alimentos. <\/p>\n<p class=\"speakable\">En un video que se comparte en l\u00ednea, el presidente brasile\u00f1o, Luiz In\u00e1cio Lula da Silva, inst\u00f3 a los brasile\u00f1os a ser frugales cuando las compras de comestibles. <\/p>\n<p>\u00abSi vas al supermercado en Salvador y sospecha que un determinado producto es costoso, no lo compres\u00bb, dijo. \u00abMira, si todos pensaban as\u00ed y no compraron cosas que pensaban que eran caras, quien vende tendr\u00e1 que reducir el precio para venderlo.<\/p>\n<p><strong>C\u00f3mo la polic\u00eda brasile\u00f1a dice que Bolsonaro plane\u00f3 un golpe para quedarse en el cargo<\/strong><\/p>\n<div class=\"image-ct inline\">\n<div class=\"m\"><picture><source media=\"(max-width: 767px)\" srcset=\"https:\/\/a57.foxnews.com\/static.foxnews.com\/foxnews.com\/content\/uploads\/2024\/08\/343\/192\/2024-08-15T145010Z_2_LYNXMPEK7E0G3_RTROPTP_3_BRAZIL-POLITICS.jpg?ve=1&amp;tl=1, https:\/\/a57.foxnews.com\/static.foxnews.com\/foxnews.com\/content\/uploads\/2024\/08\/686\/384\/2024-08-15T145010Z_2_LYNXMPEK7E0G3_RTROPTP_3_BRAZIL-POLITICS.jpg?ve=1&amp;tl=1 2x\" height=\"192\" width=\"343\"><source media=\"(min-width: 768px) and (max-width: 1023px)\" srcset=\"https:\/\/a57.foxnews.com\/static.foxnews.com\/foxnews.com\/content\/uploads\/2024\/08\/672\/378\/2024-08-15T145010Z_2_LYNXMPEK7E0G3_RTROPTP_3_BRAZIL-POLITICS.jpg?ve=1&amp;tl=1, https:\/\/a57.foxnews.com\/static.foxnews.com\/foxnews.com\/content\/uploads\/2024\/08\/1344\/756\/2024-08-15T145010Z_2_LYNXMPEK7E0G3_RTROPTP_3_BRAZIL-POLITICS.jpg?ve=1&amp;tl=1 2x\" height=\"378\" width=\"672\"><source media=\"(min-width: 1024px) and (max-width: 1279px)\" srcset=\"https:\/\/a57.foxnews.com\/static.foxnews.com\/foxnews.com\/content\/uploads\/2024\/08\/931\/523\/2024-08-15T145010Z_2_LYNXMPEK7E0G3_RTROPTP_3_BRAZIL-POLITICS.jpg?ve=1&amp;tl=1, https:\/\/a57.foxnews.com\/static.foxnews.com\/foxnews.com\/content\/uploads\/2024\/08\/1862\/1046\/2024-08-15T145010Z_2_LYNXMPEK7E0G3_RTROPTP_3_BRAZIL-POLITICS.jpg?ve=1&amp;tl=1 2x\" height=\"523\" width=\"931\"><source media=\"(min-width: 1280px)\" srcset=\"https:\/\/a57.foxnews.com\/static.foxnews.com\/foxnews.com\/content\/uploads\/2024\/08\/720\/405\/2024-08-15T145010Z_2_LYNXMPEK7E0G3_RTROPTP_3_BRAZIL-POLITICS.jpg?ve=1&amp;tl=1, https:\/\/a57.foxnews.com\/static.foxnews.com\/foxnews.com\/content\/uploads\/2024\/08\/1440\/810\/2024-08-15T145010Z_2_LYNXMPEK7E0G3_RTROPTP_3_BRAZIL-POLITICS.jpg?ve=1&amp;tl=1 2x\" height=\"405\" width=\"720\"><img loading=\"lazy\" decoding=\"async\" src=\"https:\/\/a57.foxnews.com\/static.foxnews.com\/foxnews.com\/content\/uploads\/2024\/08\/1200\/675\/2024-08-15T145010Z_2_LYNXMPEK7E0G3_RTROPTP_3_BRAZIL-POLITICS.jpg?ve=1&amp;tl=1\" alt=\"El presidente de Brasil, Luiz Inacio Lula da Silva\" width=\"1200\" height=\"675\"\/><\/source><\/source><\/source><\/source><\/picture><\/div>\n<div class=\"info\">\n<div class=\"caption\">\n<p><span>El presidente brasile\u00f1o Luiz In\u00e1cio Lula da Silva habla durante la Conferencia Nacional de Tecnolog\u00eda en Brasilia, Brasil, 30 de julio de 2024. <\/span> <span>(Reuters\/Adriano Machado \/\/ Foto de archivo)<\/span><\/p>\n<\/div>\n<\/div>\n<\/div>\n<p>\u00abPorque si no lo hacen, va a estropear\u00bb.<\/p>\n<p>El jueves, Da Silva dijo que estaba preocupado por el aumento de los precios de los alimentos, pero proyect\u00f3 que los aumentos se ralentizar\u00edan y expresar\u00edan un tono optimista sobre la econom\u00eda.<\/p>\n<p>\u00abLa econom\u00eda brasile\u00f1a est\u00e1 viviendo su mejor momento\u00bb, dijo Lula durante una entrevista con las estaciones de radio, inform\u00f3 Reuters. <\/p>\n<p>El l\u00edder izquierdista se\u00f1al\u00f3 que el real de Brasil todav\u00eda estaba en un nivel bajo frente al d\u00f3lar estadounidense, pero ve la tasa \u00abajustada\u00bb, seg\u00fan Reuters. <\/p>\n<p><strong>Bering Air Avine desaparece en Alaska mientras transporta 10 personas<\/strong><strong> <\/strong><\/p>\n<div class=\"image-ct inline\">\n<div class=\"m\"><picture><source media=\"(max-width: 767px)\" srcset=\"https:\/\/a57.foxnews.com\/static.foxnews.com\/foxnews.com\/content\/uploads\/2025\/02\/343\/192\/brazilmarket.jpg?ve=1&amp;tl=1, https:\/\/a57.foxnews.com\/static.foxnews.com\/foxnews.com\/content\/uploads\/2025\/02\/686\/384\/brazilmarket.jpg?ve=1&amp;tl=1 2x\" height=\"192\" width=\"343\"><source media=\"(min-width: 768px) and (max-width: 1023px)\" srcset=\"https:\/\/a57.foxnews.com\/static.foxnews.com\/foxnews.com\/content\/uploads\/2025\/02\/672\/378\/brazilmarket.jpg?ve=1&amp;tl=1, https:\/\/a57.foxnews.com\/static.foxnews.com\/foxnews.com\/content\/uploads\/2025\/02\/1344\/756\/brazilmarket.jpg?ve=1&amp;tl=1 2x\" height=\"378\" width=\"672\"><source media=\"(min-width: 1024px) and (max-width: 1279px)\" srcset=\"https:\/\/a57.foxnews.com\/static.foxnews.com\/foxnews.com\/content\/uploads\/2025\/02\/931\/523\/brazilmarket.jpg?ve=1&amp;tl=1, https:\/\/a57.foxnews.com\/static.foxnews.com\/foxnews.com\/content\/uploads\/2025\/02\/1862\/1046\/brazilmarket.jpg?ve=1&amp;tl=1 2x\" height=\"523\" width=\"931\"><source media=\"(min-width: 1280px)\" srcset=\"https:\/\/a57.foxnews.com\/static.foxnews.com\/foxnews.com\/content\/uploads\/2025\/02\/720\/405\/brazilmarket.jpg?ve=1&amp;tl=1, https:\/\/a57.foxnews.com\/static.foxnews.com\/foxnews.com\/content\/uploads\/2025\/02\/1440\/810\/brazilmarket.jpg?ve=1&amp;tl=1 2x\" height=\"405\" width=\"720\"><img loading=\"lazy\" decoding=\"async\" src=\"https:\/\/a57.foxnews.com\/static.foxnews.com\/foxnews.com\/content\/uploads\/2025\/02\/1200\/675\/brazilmarket.jpg?ve=1&amp;tl=1\" alt=\"Un mercado de Brasil\" width=\"1200\" height=\"675\"\/><\/source><\/source><\/source><\/source><\/picture><\/div>\n<div class=\"info\">\n<div class=\"caption\">\n<p><span>Un vendedor en un puesto de verduras en un centro de suministros en Brasilia, Brasil, el 9 de mayo de 2023. <\/span> <span>(Reuters)<\/span><\/p>\n<\/div>\n<\/div>\n<\/div>\n<p>En enero, el ministro de finanzas brasile\u00f1as, Fernando Haddad, dijo que esperaba que los precios de los alimentos disminuyan este a\u00f1o debido a una fuerte producci\u00f3n agr\u00edcola.<\/p>\n<p>Los precios tienden a permanecer en niveles altos hasta que la producci\u00f3n de alimentos \u00abcorrija esta distorsi\u00f3n de precios a un nivel adecuado\u00bb, dijo a un medio de comunicaci\u00f3n local. <\/p>\n<p>Haddad agreg\u00f3 que los funcionarios predicen que la econom\u00eda de Brasil crecer\u00e1 un 2,5% en 2025, disminuyendo desde un 3.5% esperado el a\u00f1o pasado.<\/p>\n<div class=\"image-ct inline\">\n<div class=\"m\"><picture><source media=\"(max-width: 767px)\" srcset=\"https:\/\/a57.foxnews.com\/static.foxnews.com\/foxnews.com\/content\/uploads\/2024\/05\/343\/192\/Brazil-2.png?ve=1&amp;tl=1, https:\/\/a57.foxnews.com\/static.foxnews.com\/foxnews.com\/content\/uploads\/2024\/05\/686\/384\/Brazil-2.png?ve=1&amp;tl=1 2x\" height=\"192\" width=\"343\"><source media=\"(min-width: 768px) and (max-width: 1023px)\" srcset=\"https:\/\/a57.foxnews.com\/static.foxnews.com\/foxnews.com\/content\/uploads\/2024\/05\/672\/378\/Brazil-2.png?ve=1&amp;tl=1, https:\/\/a57.foxnews.com\/static.foxnews.com\/foxnews.com\/content\/uploads\/2024\/05\/1344\/756\/Brazil-2.png?ve=1&amp;tl=1 2x\" height=\"378\" width=\"672\"><source media=\"(min-width: 1024px) and (max-width: 1279px)\" srcset=\"https:\/\/a57.foxnews.com\/static.foxnews.com\/foxnews.com\/content\/uploads\/2024\/05\/931\/523\/Brazil-2.png?ve=1&amp;tl=1, https:\/\/a57.foxnews.com\/static.foxnews.com\/foxnews.com\/content\/uploads\/2024\/05\/1862\/1046\/Brazil-2.png?ve=1&amp;tl=1 2x\" height=\"523\" width=\"931\"><source media=\"(min-width: 1280px)\" srcset=\"https:\/\/a57.foxnews.com\/static.foxnews.com\/foxnews.com\/content\/uploads\/2024\/05\/720\/405\/Brazil-2.png?ve=1&amp;tl=1, https:\/\/a57.foxnews.com\/static.foxnews.com\/foxnews.com\/content\/uploads\/2024\/05\/1440\/810\/Brazil-2.png?ve=1&amp;tl=1 2x\" height=\"405\" width=\"720\"><img loading=\"lazy\" decoding=\"async\" src=\"https:\/\/a57.foxnews.com\/static.foxnews.com\/foxnews.com\/content\/uploads\/2024\/05\/1200\/675\/Brazil-2.png?ve=1&amp;tl=1\" alt=\"Luiz inacio lula da silva\" width=\"1200\" height=\"675\"\/><\/source><\/source><\/source><\/source><\/picture><\/div>\n<div class=\"info\">\n<div class=\"caption\">\n<p><span>El presidente brasile\u00f1o, Luiz In\u00e1cio Lula da Silva, asiste a una reuni\u00f3n ministerial sobre planes para apoyar al estado de R\u00edo Grande do Sul, que se vio afectado por las inundaciones, en el Palacio Presidencial en Brasilia, Brasil, 13 de mayo de 2024.<\/span> <span>(Photo\/Eraldo Peres)<\/span><\/p>\n<\/div>\n<\/div>\n<\/div>\n<p><strong>Haga clic aqu\u00ed para obtener la aplicaci\u00f3n Fox News<\/strong><strong> <\/strong><\/p>\n<p>\u00abCreo que tenemos espacio para crecer un 2,5% al \u200b\u200breducir la inflaci\u00f3n\u00bb, dijo a Redetv, seg\u00fan Reuters. <\/p>\n<p> <!----> <\/div>\n\n","protected":false},"excerpt":{"rendered":"<p>El presidente izquierdista de Brasil dijo recientemente a los ciudadanos del pa\u00eds que no compraran art\u00edculos caros de supermercados en un esfuerzo por combatir los altos precios de los alimentos. En un video que se comparte en l\u00ednea, el presidente brasile\u00f1o, Luiz In\u00e1cio Lula da Silva, inst\u00f3 a los brasile\u00f1os a ser frugales cuando las &hellip;<\/p>\n","protected":false},"author":1,"featured_media":13711,"comment_status":"open","ping_status":"open","sticky":false,"template":"","format":"standard","meta":{"fifu_image_url":"https:\/\/static.foxnews.com\/foxnews.com\/content\/uploads\/2025\/02\/brazilmarket.jpg","fifu_image_alt":"","footnotes":""},"categories":[13],"tags":[],"class_list":["post-13709","post","type-post","status-publish","format-standard","has-post-thumbnail","","category-mundo"],"_links":{"self":[{"href":"https:\/\/noticiasveraces.com\/index.php?rest_route=\/wp\/v2\/posts\/13709","targetHints":{"allow":["GET"]}}],"collection":[{"href":"https:\/\/noticiasveraces.com\/index.php?rest_route=\/wp\/v2\/posts"}],"about":[{"href":"https:\/\/noticiasveraces.com\/index.php?rest_route=\/wp\/v2\/types\/post"}],"author":[{"embeddable":true,"href":"https:\/\/noticiasveraces.com\/index.php?rest_route=\/wp\/v2\/users\/1"}],"replies":[{"embeddable":true,"href":"https:\/\/noticiasveraces.com\/index.php?rest_route=%2Fwp%2Fv2%2Fcomments&post=13709"}],"version-history":[{"count":0,"href":"https:\/\/noticiasveraces.com\/index.php?rest_route=\/wp\/v2\/posts\/13709\/revisions"}],"wp:featuredmedia":[{"embeddable":true,"href":"https:\/\/noticiasveraces.com\/index.php?rest_route=\/wp\/v2\/media\/13711"}],"wp:attachment":[{"href":"https:\/\/noticiasveraces.com\/index.php?rest_route=%2Fwp%2Fv2%2Fmedia&parent=13709"}],"wp:term":[{"taxonomy":"category","embeddable":true,"href":"https:\/\/noticiasveraces.com\/index.php?rest_route=%2Fwp%2Fv2%2Fcategories&post=13709"},{"taxonomy":"post_tag","embeddable":true,"href":"https:\/\/noticiasveraces.com\/index.php?rest_route=%2Fwp%2Fv2%2Ftags&post=13709"}],"curies":[{"name":"wp","href":"https:\/\/api.w.org\/{rel}","templated":true}]}}