{"id":13631,"date":"2025-02-07T07:18:21","date_gmt":"2025-02-07T11:18:21","guid":{"rendered":"https:\/\/noticiasveraces.com\/?p=13631"},"modified":"2025-02-07T07:18:21","modified_gmt":"2025-02-07T11:18:21","slug":"soldado-israeli-sentenciado-a-7-meses-de-carcel-por-abusar-de-los-detenidos-palestinos","status":"publish","type":"post","link":"https:\/\/noticiasveraces.com\/?p=13631","title":{"rendered":"Soldado israel\u00ed sentenciado a 7 meses de c\u00e1rcel por abusar de los detenidos palestinos"},"content":{"rendered":"<p> \n<\/p>\n<div>\n<p class=\"body-graf\">Jerusal\u00e9n &#8211; Un soldado israel\u00ed que se descubri\u00f3 que atac\u00f3 a los detenidos palestinos mientras fueron restringidos y los ojos vendados han sido sentenciados a siete meses de c\u00e1rcel por un tribunal militar israel\u00ed.<\/p>\n<p class=\"body-graf\">El ej\u00e9rcito israel\u00ed anunci\u00f3 el jueves que el tribunal hab\u00eda aceptado un acuerdo de culpabilidad con el soldado, un reservista que, seg\u00fan \u00e9l, admiti\u00f3 haber tenido detenidos palestinos \u00ababusados \u200b\u200bseveramente\u00bb en el Centro de Detenci\u00f3n Militar de Sde Teiman cerca de la frontera con la Franja de Gaza.<\/p>\n<p class=\"body-graf\">\u00abEl acusado fue condenado por varios incidentes en los que golpe\u00f3 a los detenidos con los pu\u00f1os y su arma mientras estaban atados y con los ojos vendados\u00bb, dijo el ej\u00e9rcito. No nombr\u00f3 al soldado ni detall\u00f3 los cargos de los que fue condenado.<\/p>\n<p class=\"body-graf\">La declaraci\u00f3n militar no identific\u00f3 de d\u00f3nde eran los detenidos palestinos, por qu\u00e9 hab\u00edan sido detenidos o si desde entonces hab\u00edan sido acusados \u200b\u200bo condenados por delitos o liberados por la detenci\u00f3n.<\/p>\n<p class=\"body-graf\">Adem\u00e1s de los siete meses de prisi\u00f3n, el tribunal le entreg\u00f3 al soldado una sentencia suspendida y lo degrad\u00f3 al rango de privado. El ej\u00e9rcito dijo que el soldado hab\u00eda servido como guardia de seguridad en el centro de detenci\u00f3n, pero no dijo qu\u00e9 rango hab\u00eda tenido. Los medios de comunicaci\u00f3n israel\u00ed informaron que la sentencia de la c\u00e1rcel del soldado inclu\u00eda tiempo que ya hab\u00eda pasado en detenci\u00f3n.<\/p>\n<p class=\"body-graf\">El tribunal militar determin\u00f3 que otros soldados enmascarados hab\u00edan participado en el abuso, pero que sus identidades no hab\u00edan sido determinadas, dijeron los militares, sin decir cu\u00e1ntos.<\/p>\n<p class=\"body-graf\">El soldado condenado hab\u00eda derrotado a los detenidos frente a otros soldados, algunos de los cuales le hab\u00edan dicho que se detuviera, dijo el ej\u00e9rcito, y agreg\u00f3 que se hab\u00eda encontrado una grabaci\u00f3n del abuso en el tel\u00e9fono m\u00f3vil del soldado convicto.<\/p>\n<figure class=\"styles_inlineImage__yAWZ0 styles_medium__OMa6x\"><picture class=\"styles_image__1qciH\" data-testid=\"picture\"><source media=\"(min-width: 1000px)\" srcset=\"https:\/\/media-cldnry.s-nbcnews.com\/image\/upload\/t_fit-560w,f_avif,q_auto:eco,dpr_2\/rockcms\/2025-02\/250207-Sde-Teiman-mb-0955-c02b24.jpg 2x, https:\/\/media-cldnry.s-nbcnews.com\/image\/upload\/t_fit-560w,f_auto,q_auto:best\/rockcms\/2025-02\/250207-Sde-Teiman-mb-0955-c02b24.jpg 1x\"\/><source media=\"(min-width: 320px)\" srcset=\"https:\/\/media-cldnry.s-nbcnews.com\/image\/upload\/t_fit-760w,f_avif,q_auto:eco,dpr_2\/rockcms\/2025-02\/250207-Sde-Teiman-mb-0955-c02b24.jpg 2x, https:\/\/media-cldnry.s-nbcnews.com\/image\/upload\/t_fit-760w,f_auto,q_auto:best\/rockcms\/2025-02\/250207-Sde-Teiman-mb-0955-c02b24.jpg 1x\"\/><img decoding=\"async\" loading=\"lazy\" src=\"https:\/\/media-cldnry.s-nbcnews.com\/image\/upload\/t_fit-760w,f_auto,q_auto:best\/rockcms\/2025-02\/250207-Sde-Teiman-mb-0955-c02b24.jpg\" alt=\"Prisi\u00f3n de Sde Teiman en el desierto de Negev\" height=\"1667\" width=\"2500\"\/><\/picture><figcaption class=\"caption styles_caption__Pe5JC\" data-testid=\"caption\"><span class=\"caption__container\" data-testid=\"caption__container\">La prisi\u00f3n de Sde Teiman en el desierto de Negev.<\/span><span class=\"caption__source\" data-testid=\"caption__source\">Mostafa Alkharouf \/ Anadolu a trav\u00e9s de Getty Images<\/span><\/figcaption><\/figure>\n<p class=\"body-graf\">Los militares han estado investigando las acusaciones de que los soldados hab\u00edan abusado de palestinos de Gaza en detenci\u00f3n militar desde el comienzo de la guerra en octubre de 2023. Los militares no dijeron el jueves si las investigaciones a\u00fan estaban en curso o si alg\u00fan otro soldado hab\u00eda sido acusado.<\/p>\n<p class=\"body-graf\">En julio del a\u00f1o pasado, los manifestantes israel\u00edes de derecha irrumpieron en el Centro de Detenci\u00f3n SDE Teiman y otro complejo militar israel\u00ed despu\u00e9s de que los investigadores llegaron a cuestionar a los soldados sobre presuntos abusos.<\/p>\n<p class=\"endmark body-graf\">SDE Teiman se abri\u00f3 despu\u00e9s de que comenz\u00f3 la guerra y retuvo a los palestinos capturados de Gaza. Israel dijo el a\u00f1o pasado que cerrar\u00eda la instalaci\u00f3n.<\/p>\n<\/div>\n\n","protected":false},"excerpt":{"rendered":"<p>Jerusal\u00e9n &#8211; Un soldado israel\u00ed que se descubri\u00f3 que atac\u00f3 a los detenidos palestinos mientras fueron restringidos y los ojos vendados han sido sentenciados a siete meses de c\u00e1rcel por un tribunal militar israel\u00ed. El ej\u00e9rcito israel\u00ed anunci\u00f3 el jueves que el tribunal hab\u00eda aceptado un acuerdo de culpabilidad con el soldado, un reservista que, &hellip;<\/p>\n","protected":false},"author":1,"featured_media":13633,"comment_status":"open","ping_status":"open","sticky":false,"template":"","format":"standard","meta":{"fifu_image_url":"https:\/\/media-cldnry.s-nbcnews.com\/image\/upload\/t_nbcnews-fp-1200-630,f_auto,q_auto:best\/rockcms\/2025-02\/250207-Sde-Teiman-mb-0956-573a54.jpg","fifu_image_alt":"","footnotes":""},"categories":[4],"tags":[],"class_list":["post-13631","post","type-post","status-publish","format-standard","has-post-thumbnail","","category-historias-destacadas"],"_links":{"self":[{"href":"https:\/\/noticiasveraces.com\/index.php?rest_route=\/wp\/v2\/posts\/13631","targetHints":{"allow":["GET"]}}],"collection":[{"href":"https:\/\/noticiasveraces.com\/index.php?rest_route=\/wp\/v2\/posts"}],"about":[{"href":"https:\/\/noticiasveraces.com\/index.php?rest_route=\/wp\/v2\/types\/post"}],"author":[{"embeddable":true,"href":"https:\/\/noticiasveraces.com\/index.php?rest_route=\/wp\/v2\/users\/1"}],"replies":[{"embeddable":true,"href":"https:\/\/noticiasveraces.com\/index.php?rest_route=%2Fwp%2Fv2%2Fcomments&post=13631"}],"version-history":[{"count":0,"href":"https:\/\/noticiasveraces.com\/index.php?rest_route=\/wp\/v2\/posts\/13631\/revisions"}],"wp:featuredmedia":[{"embeddable":true,"href":"https:\/\/noticiasveraces.com\/index.php?rest_route=\/wp\/v2\/media\/13633"}],"wp:attachment":[{"href":"https:\/\/noticiasveraces.com\/index.php?rest_route=%2Fwp%2Fv2%2Fmedia&parent=13631"}],"wp:term":[{"taxonomy":"category","embeddable":true,"href":"https:\/\/noticiasveraces.com\/index.php?rest_route=%2Fwp%2Fv2%2Fcategories&post=13631"},{"taxonomy":"post_tag","embeddable":true,"href":"https:\/\/noticiasveraces.com\/index.php?rest_route=%2Fwp%2Fv2%2Ftags&post=13631"}],"curies":[{"name":"wp","href":"https:\/\/api.w.org\/{rel}","templated":true}]}}