{"id":13629,"date":"2025-02-07T07:04:09","date_gmt":"2025-02-07T11:04:09","guid":{"rendered":"https:\/\/noticiasveraces.com\/?p=13629"},"modified":"2025-02-07T07:04:09","modified_gmt":"2025-02-07T11:04:09","slug":"un-muerto-en-el-cuarto-tiroteo-en-tres-dias-en-bruselas-dw-07-02-2025","status":"publish","type":"post","link":"https:\/\/noticiasveraces.com\/?p=13629","title":{"rendered":"Un Muerto en El Cuarto Tiroteo en Tres D\u00edas en Bruselas &#8211; DW &#8211; 07\/02\/2025"},"content":{"rendered":"<p> \n<\/p>\n<div>\n<p>El Indepe, Confirmado por la Polic\u00eda de Bruselas, B\u00e9lgica, se suma a Tres tirotos registrados las dos noches anterior en torno a la estaci\u00f3na de metro de cl\u00e9menceau, en anderlecht, y en el Distrito de saint-josse-ten-noode.<\/p>\n<p>\u00abAnoche se Volvieron un productor disparos en el municipio (de Anderlecht), Esta Vez en la Zona de Peterbos, Hacia las 4 de la Madrugada\u00bb, Indic\u00f3 la Portavoz Policial, Sarah Frederickx, a La Agencia Belga.<\/p>\n<p>Seg\u00fan DiJo, una personsa que a\u00fan no ha sido identificada falleci\u00f3 en el tiroteo. SE HA ABIERTO UNA INVESTIGACI\u00d3N PARA ACLARAR LAS CIRCUNSTANCIAS DE LA MUERTE Y EL JUEZ DE INSTRUCCI\u00d3N Y EL LABORACI\u00d3N FORENA HAN VISITADO EL LUGAR DE LOS HECHOS.<\/p>\n<h2>\u00abGuerras entre mafias que libra una disputa territorial\u00bb<\/h2>\n<p>El Alcalde de Anderlecht, Fabrice Cumps, Se\u00f1al\u00f3 a la Cadena rtbf que \u00abProbablementse Strate de Represtalias, de Guerras Entre Mafias que Libran una disputa territorial\u00bb.<\/p>\n<p>EN 2024, la fiscal\u00eda de Bruselas Regist\u00f3 un total de 89 Tiroteos e Incides con disparar, as\u00ed como nueve muertes (Seg\u00fan CiFras de la Polic\u00eda Federal), Mientras que en 2023 Hubo 62 Casos de este Tugo Frente A 56 en 2022.<\/p>\n<p>Tras los Repetidos Tirotos en el Barrio Obrero de Anderlecht y en el C\u00e9ntrico Saint-Josse-Ten-Noode, Las Zonas Policiales de la Capital Han Pasado a un Modo de Mando de Mando Unificado para Garantizar La SeguriDad.<\/p>\n<p><span data-slot-id=\"Article_InContent-1\" class=\"rich-text-ad\"\/><\/p>\n<h2>M\u00e1s Presencia Policial En Estatos de Metro<\/h2>\n<p>El Ministro del Interior de B\u00e9lgica, Bernard Quintin, Pidi\u00f3lo Jueves a la Polic\u00eda Federal que aumine su presencia en Las Estatos de Metro de Bruselas, A Ra\u00edz de Los Tiroteos de Estos D\u00edas.<\/p>\n<p>El Tiroteo de Esta Noche de Jueves (6.02.2025) en Anderlecht se Produjo Poco Despu\u00e9s de otros Tres Incidentes esta Semana.<\/p>\n<p>UNA PERPETA Resultado -Herida en la Pierna el Jueves en un tiroteo Cerca de la Estaci\u00f3 de metro de Cl\u00e9menceau, Tambi\u00e9n en Anderlecht.<\/p>\n<p>Un d\u00eda Antes, Dos Hombres Armados Hab\u00eda Iniciado Una Perseci\u00f3n Cerca de Cl\u00e9menceau Tras dispar Rifles Autticos, Sin Causar Heridos, Aunque S\u00ed IMPORTANTES Perturbaciones en Varias L\u00ednas de Transporte en Plena horta post de la Marana.<\/p>\n<p>Y un Primer Tiroteo Estall\u00f3 Durante la Noche del Martes Al Mi\u00e9rcoles en Saint-Josse-Ten-Noode, Al Norte del Centro de la Ciudad, Hirido A Dos Personas.<\/p>\n<figure class=\"placeholder-image master_landscape right\"><img data-format=\"MASTER_LANDSCAPE\" data-id=\"67195891\" data-url=\"https:\/\/static.dw.com\/image\/67195891_${formatId}.jpg\" data-aspect-ratio=\"16\/9\" alt=\"Polic\u00eda Tras tiroteo en Bruselas, EN 2023. Imagen de Archivo.\" style=\"padding-bottom: 56.25%; height: 0; max-height: 0;\"\/><figcaption class=\"img-caption\">B\u00e9lgica se ha convertido en un clove del centro para las bandas criminales que contraban\u00eda narc\u00f3tica hacia europa.<small class=\"copyright\">Imagen: Dursun Aydemir\/Anadolu\/Picture Alliance<\/small><\/figcaption><\/figure>\n<h2>Sin heno arrestos, con tres heridos y un agujero en el cuarto de un ni\u00f1o<\/h2>\n<p>En Todos los Casos, Los Autores de los Disparos se Dieron a la Fuga y No Han Sido Localizados. No se Han realizado arrestos Hasta Ahora.<\/p>\n<p>El reci\u00e9n nombrado fiscal de bruselas, julien moinil, tambi\u00e9n expl\u00edc\u00f3 a la semana a la rtbf que la ubicaci\u00f3n de los tirotos se Encuentra en un \u00abPUNTO CALIENTE\u00bb del Narcotr\u00e1fico y lo m\u00e1s probable es que se trate de una pelea entre entre entre entrel Control de Puntos de Venta de Drogas Muy Lucrativos. <\/p>\n<p>Uno de los incidentes dej\u00f3 un AguJero de Bala en el Cercano Dormitorio de un ni\u00f1o, dijo.<\/p>\n<p>Situada en la Costa Noroeste del Continente Europeo, B\u00e9lgica se Ha Convertido en Un Centro Clave para Las Bandas Criminales que Contrabaneanos Narc\u00f3ticos Al Continente.<\/p>\n<p>RML (EFE, AFP)<\/p>\n<\/div>\n\n","protected":false},"excerpt":{"rendered":"<p>El Indepe, Confirmado por la Polic\u00eda de Bruselas, B\u00e9lgica, se suma a Tres tirotos registrados las dos noches anterior en torno a la estaci\u00f3na de metro de cl\u00e9menceau, en anderlecht, y en el Distrito de saint-josse-ten-noode. \u00abAnoche se Volvieron un productor disparos en el municipio (de Anderlecht), Esta Vez en la Zona de Peterbos, Hacia &hellip;<\/p>\n","protected":false},"author":1,"featured_media":13630,"comment_status":"open","ping_status":"open","sticky":false,"template":"","format":"standard","meta":{"fifu_image_url":"https:\/\/static.dw.com\/image\/71536834_6.jpg","fifu_image_alt":"","footnotes":""},"categories":[13],"tags":[],"class_list":["post-13629","post","type-post","status-publish","format-standard","has-post-thumbnail","","category-mundo"],"_links":{"self":[{"href":"https:\/\/noticiasveraces.com\/index.php?rest_route=\/wp\/v2\/posts\/13629","targetHints":{"allow":["GET"]}}],"collection":[{"href":"https:\/\/noticiasveraces.com\/index.php?rest_route=\/wp\/v2\/posts"}],"about":[{"href":"https:\/\/noticiasveraces.com\/index.php?rest_route=\/wp\/v2\/types\/post"}],"author":[{"embeddable":true,"href":"https:\/\/noticiasveraces.com\/index.php?rest_route=\/wp\/v2\/users\/1"}],"replies":[{"embeddable":true,"href":"https:\/\/noticiasveraces.com\/index.php?rest_route=%2Fwp%2Fv2%2Fcomments&post=13629"}],"version-history":[{"count":0,"href":"https:\/\/noticiasveraces.com\/index.php?rest_route=\/wp\/v2\/posts\/13629\/revisions"}],"wp:featuredmedia":[{"embeddable":true,"href":"https:\/\/noticiasveraces.com\/index.php?rest_route=\/wp\/v2\/media\/13630"}],"wp:attachment":[{"href":"https:\/\/noticiasveraces.com\/index.php?rest_route=%2Fwp%2Fv2%2Fmedia&parent=13629"}],"wp:term":[{"taxonomy":"category","embeddable":true,"href":"https:\/\/noticiasveraces.com\/index.php?rest_route=%2Fwp%2Fv2%2Fcategories&post=13629"},{"taxonomy":"post_tag","embeddable":true,"href":"https:\/\/noticiasveraces.com\/index.php?rest_route=%2Fwp%2Fv2%2Ftags&post=13629"}],"curies":[{"name":"wp","href":"https:\/\/api.w.org\/{rel}","templated":true}]}}