{"id":13620,"date":"2025-02-07T03:08:34","date_gmt":"2025-02-07T07:08:34","guid":{"rendered":"https:\/\/noticiasveraces.com\/?p=13620"},"modified":"2025-02-07T03:08:34","modified_gmt":"2025-02-07T07:08:34","slug":"kirian-rodriguez-futbolista-de-las-palmas-recaido-del-cancer","status":"publish","type":"post","link":"https:\/\/noticiasveraces.com\/?p=13620","title":{"rendered":"Kirian Rodr\u00edguez, Futbolista de Las Palmas: \u00abReca\u00eddo del C\u00e1ncer\u00bb"},"content":{"rendered":"<p> \n<\/p>\n<div id=\"intext\">\n<p>El Capit\u00e1n de la Uni\u00f3n Deportiva Las Palmas, Kirian Rodr\u00edguez, ha confirmado este jueves que ha reca\u00eddo del c\u00e1ncer que padeci\u00f3 en 2022, motivo por el que el Quear\u00e1 Baja Con el Equipo Amarillo Durante lo que reno de temporada 2024-25 en laliga. Kirian anunci\u00f3 en agosto de 2022 que <b>Sufr\u00eda un Linfoma de Hodgkin<\/b>por el que recibi\u00f3 tratamiento durante meses, Hasta su regreso a la comp\u00e9tica.<\/p>\n<p>\u00abAyer me Comunica la hemat\u00f3loga que \u00e9l se reca\u00eddo del c\u00e1ncer y Tengo que par de seis meses, empezar ootro tratamiento de quimioterapia y volver a luchar contra esta est\u00e1 enfirmedad. Mi menajeje es el Misso que entretonces, Espero volver a verlas en lava 25-26 26 26 26 26 Y Estoy Seguro, Cien por Cien Convencido, de Que Ser\u00e1 Con el Equipo en Primera Divisi\u00f3nico Conf\u00edo en Los Jugadores y El Cuerpo T\u00e9cnico \u00ab, Ha Expresado El Jugador en una comparaci\u00f3n de Tres Minutos de Duraci\u00f3n, en la Quest , no ha estado acompa\u00f1ado por sus componeros de vestuario en la sala de prensa.<\/p>\n<p>El futbolista tinerfe\u00f1o ha comparecido ante los medios de comunicaci\u00f3n para dar a conocer la noticia, sin admitir preguntas, como sucedi\u00f3 hace ahora 919 d\u00edas, cuando anuncio la enchermedad que padec\u00eda, y ques logr\u00f3 opresar ocho meses de alguos a los terrenos de los terrenos. Para Farrarar El Ascenso, una primera divisi\u00f3n.<\/p>\n<p>Kirian, de 28 A\u00f1os, Ha Explicado Que Cada Seis Meses Debe Pasar Pruebas Rutinarias Y, A Principios de Enero, El personal M\u00e9dico le Mostr\u00f3 su preocupacia porque Los Valores de Una Anal\u00edtica no Estaban Sido los Adecuados.<\/p>\n<h2 class=\"title-h2\">El Jugador de Campo Con M\u00e1s Minutos<\/h2>\n<p>Kirian Deja la Ud Las Palmas El Jugador de Campo M\u00e1s Utilizado en la Plantilla Con Un Total de 1.768 Minutos, solo Superado por El Guardameta Jasper Cillessen.<\/p>\n<p>En Las 22 Jornadas disputadas Solo se perdi\u00f3 en octubre el Partido contra el Real Club Celta de Vigo en El Estadio de Gran Canaria (0-1), El \u00daLtimo que dirigi\u00f3 Luis Luis COMO ARRENADOR DEL EQUIPO ISLOIZO, Sustuido por Diengo Martenz, y SiiMpre FUE Titular Con Ambos T\u00e9cnicos.<\/p>\n<p>A Diferencia de Su prol\u00edca Campa\u00f1a anterior, en el presente Curso no Marc\u00f3 ning\u00fan Gol, Pero el futbolista tinerfe\u00f1o se marcha como jugador del equipo que m\u00e1s ha dado, conun total de 1.177, sido el dic\u00e9cimo de laliga en este aparte.<\/p>\n<p>Kirian decidi\u00f3 eliminar algunas semanas sus perfiles en redes sociales, y antes de Jugar su \u00datimo partido oficial, El Pasado Lunes en Girona (2-1), SE Hab\u00eda Perdido Dos Agrenamientos Durante la Semana Previa, Aunque Diego Mart\u00edn-Hab\u00eda RestaRencia Tasmientia Tash Ausencias.<\/p>\n<p>Hace Ahora Casi un A\u00f1o, El 14 de febrero de 2024, El Club Grancanario ANunci\u00f3 la Ampliacia de Su Contrato Hasta El 30 de Junio \u200b\u200bde 2028.<\/p>\n<p><i>Esguenos en nuestro <\/i><i><strong>Canal de whatsapp<\/strong><\/i><i>  y no te Pierdas la \u00daltima Hora y Toda la actualidad de antena3noticias.com<\/i><\/p>\n<div class=\"recirculation-video\" data-mod=\"a3mod_recirculation_video\">\n<div class=\"recirculation-video-wrapper\">\n<div>\n<div class=\"video-wrapper\">\n  <picture class=\"video-main-picture\"><source media=\"(min-width: 481px)\" srcset=\"https:\/\/fotografias.antena3.com\/clipping\/cmsimages02\/2024\/01\/25\/C666779D-7D93-4BD8-B302-F5FF86805523\/luis-rubiales-saliendo-audiencia-nacional-madrid_94.jpg?crop=2378,1338,x0,y0&amp;width=800&amp;height=450&amp;optimize=medium&amp;format=webply\" width=\"800\" height=\"450\"><source media=\"(min-width: 391px) and (max-width: 480px)\" srcset=\"https:\/\/fotografias.antena3.com\/clipping\/cmsimages02\/2024\/01\/25\/C666779D-7D93-4BD8-B302-F5FF86805523\/luis-rubiales-saliendo-audiencia-nacional-madrid_70.jpg?crop=2378,1338,x0,y0&amp;width=480&amp;height=270&amp;optimize=high&amp;format=webply\" width=\"480\" height=\"270\"><source media=\"(min-width: 321px) and (max-width: 390px)\" srcset=\"https:\/\/fotografias.antena3.com\/clipping\/cmsimages02\/2024\/01\/25\/C666779D-7D93-4BD8-B302-F5FF86805523\/luis-rubiales-saliendo-audiencia-nacional-madrid_92.jpg?crop=2378,1335,x0,y0&amp;width=390&amp;height=219&amp;optimize=high&amp;format=webply\" width=\"390\" height=\"219\"><source media=\"(max-width: 320px)\" srcset=\"https:\/\/fotografias.antena3.com\/clipping\/cmsimages02\/2024\/01\/25\/C666779D-7D93-4BD8-B302-F5FF86805523\/luis-rubiales-saliendo-audiencia-nacional-madrid_52.jpg?crop=2378,1338,x0,y0&amp;width=320&amp;height=180&amp;optimize=high&amp;format=webply\" width=\"320\" height=\"180\"><img decoding=\"async\" title=\"Luis Rubiales Salido de la Audios Nacional de Madrid\" alt=\"Luis Rubiales Salido de la Audios Nacional de Madrid\" width=\"480\" height=\"270\" src=\"https:\/\/fotografias.antena3.com\/clipping\/cmsimages02\/2024\/01\/25\/C666779D-7D93-4BD8-B302-F5FF86805523\/luis-rubiales-saliendo-audiencia-nacional-madrid_70.jpg?crop=2378,1338,x0,y0&amp;width=480&amp;height=270&amp;optimize=high&amp;format=webply\" loading=\"lazy\" class=\"lazy\"\/><br \/>\n  <\/source><\/source><\/source><\/source><\/picture>\n <\/div>\n<\/div><\/div>\n<\/p><\/div>\n<\/div>\n\n","protected":false},"excerpt":{"rendered":"<p>El Capit\u00e1n de la Uni\u00f3n Deportiva Las Palmas, Kirian Rodr\u00edguez, ha confirmado este jueves que ha reca\u00eddo del c\u00e1ncer que padeci\u00f3 en 2022, motivo por el que el Quear\u00e1 Baja Con el Equipo Amarillo Durante lo que reno de temporada 2024-25 en laliga. Kirian anunci\u00f3 en agosto de 2022 que Sufr\u00eda un Linfoma de Hodgkinpor &hellip;<\/p>\n","protected":false},"author":1,"featured_media":13622,"comment_status":"open","ping_status":"open","sticky":false,"template":"","format":"standard","meta":{"fifu_image_url":"https:\/\/fotografias.antena3.com\/clipping\/cmsimages01\/2025\/02\/06\/815CAF1E-3390-4D67-A38B-C4DE500130ED\/kirian-rodriguez-rueda-prensa_69.jpg?crop=1920,1080,x0,y32&width=1280&height=720&optimize=low&format=jpg","fifu_image_alt":"","footnotes":""},"categories":[6],"tags":[],"class_list":["post-13620","post","type-post","status-publish","format-standard","has-post-thumbnail","","category-deportes"],"_links":{"self":[{"href":"https:\/\/noticiasveraces.com\/index.php?rest_route=\/wp\/v2\/posts\/13620","targetHints":{"allow":["GET"]}}],"collection":[{"href":"https:\/\/noticiasveraces.com\/index.php?rest_route=\/wp\/v2\/posts"}],"about":[{"href":"https:\/\/noticiasveraces.com\/index.php?rest_route=\/wp\/v2\/types\/post"}],"author":[{"embeddable":true,"href":"https:\/\/noticiasveraces.com\/index.php?rest_route=\/wp\/v2\/users\/1"}],"replies":[{"embeddable":true,"href":"https:\/\/noticiasveraces.com\/index.php?rest_route=%2Fwp%2Fv2%2Fcomments&post=13620"}],"version-history":[{"count":0,"href":"https:\/\/noticiasveraces.com\/index.php?rest_route=\/wp\/v2\/posts\/13620\/revisions"}],"wp:featuredmedia":[{"embeddable":true,"href":"https:\/\/noticiasveraces.com\/index.php?rest_route=\/wp\/v2\/media\/13622"}],"wp:attachment":[{"href":"https:\/\/noticiasveraces.com\/index.php?rest_route=%2Fwp%2Fv2%2Fmedia&parent=13620"}],"wp:term":[{"taxonomy":"category","embeddable":true,"href":"https:\/\/noticiasveraces.com\/index.php?rest_route=%2Fwp%2Fv2%2Fcategories&post=13620"},{"taxonomy":"post_tag","embeddable":true,"href":"https:\/\/noticiasveraces.com\/index.php?rest_route=%2Fwp%2Fv2%2Ftags&post=13620"}],"curies":[{"name":"wp","href":"https:\/\/api.w.org\/{rel}","templated":true}]}}